 
{"id":1010,"date":"2009-02-10T11:10:46","date_gmt":"2009-02-10T10:10:46","guid":{"rendered":"http:\/\/www.encreviolette.fr\/?p=1010"},"modified":"2009-02-10T11:15:57","modified_gmt":"2009-02-10T10:15:57","slug":"lembarras-du-choix","status":"publish","type":"post","link":"https:\/\/www.emmaducher.com\/blog\/2009\/02\/lembarras-du-choix\/","title":{"rendered":"l&#8217;embarras du choix"},"content":{"rendered":"<p>C&rsquo;est un peu le sujet r\u00e9current du moment. Une envie de travaux, de neuf dans l&rsquo;appartement.<br \/>\nrepeindre ou pas?<br \/>\noui mais quelle couleur?<br \/>\net si on cassait carr\u00e9ment ce mur?<br \/>\nt&rsquo;es fou, on va plut\u00f4t cr\u00e9er une cloison l\u00e0, non?<br \/>\nZ\u00e9lie veut repeindre sa chambre en rose (mais pas un rose de b\u00e9b\u00e9 hein&#8230; j&rsquo;ai bien compris ma ch\u00e9rie tu veux un rose de princesse!) mais Violette n&rsquo;est pas d&rsquo;accord, et elles partagent leur chambre&#8230;<\/p>\n<p>Et les m\u00eames questions tr\u00e8s tr\u00e8s existentielles en tricot&#8230;!<br \/>\nJ&rsquo;ai dans un joli petit coffret (la Droguerie) un assortiment de quelques couleurs de cashmere et d&rsquo;alpaga, avec des aiguilles courtes en bambou. Des petites aiguilles bien pratiques pour tricoter les petits ouvrages.<br \/>\nUn vrai petit<a href=\"http:\/\/www.emmaducher.com\/blog\/2008\/02\/kit-de-survie\/\"> kit de survie<\/a> (\u00e7a me rassure!) au cas o\u00f9&#8230;<br \/>\nau cas o\u00f9 vite vite j&rsquo;ai une envie irr\u00e9pressible de tricoter une petite \u00e9charpe ray\u00e9e, ou un bonnet, ou des mitaines!<\/p>\n<p style=\"text-align: center;\"><img loading=\"lazy\" class=\"size-full wp-image-1012 aligncenter\" title=\"couleurs\" src=\"\/\/www.emmaducher.com\/blog\/wp-content\/uploads\/2009\/02\/couleurs.jpg\" alt=\"couleurs\" width=\"450\" height=\"709\" srcset=\"https:\/\/www.emmaducher.com\/blog\/wp-content\/uploads\/2009\/02\/couleurs.jpg 450w, https:\/\/www.emmaducher.com\/blog\/wp-content\/uploads\/2009\/02\/couleurs-190x300.jpg 190w\" sizes=\"(max-width: 450px) 85vw, 450px\" \/><br \/>\ncoffret compos\u00e9 \u00e0 <a href=\"http:\/\/tricots-de-la-droguerie.fr\/\">la Droguerie<\/a>, nuancier <a href=\"http:\/\/www.farrow-ball.com\/default.aspx?language=fr-FR\">F&amp;B <\/a>et <a href=\"http:\/\/www.thelittlegreene.com\/index.asp\">Little Green<\/a><\/p>\n","protected":false},"excerpt":{"rendered":"<p>C&rsquo;est un peu le sujet r\u00e9current du moment. Une envie de travaux, de neuf dans l&rsquo;appartement. repeindre ou pas? oui mais quelle couleur? et si on cassait carr\u00e9ment ce mur? t&rsquo;es fou, on va plut\u00f4t cr\u00e9er une cloison l\u00e0, non? Z\u00e9lie veut repeindre sa chambre en rose (mais pas un rose de b\u00e9b\u00e9 hein&#8230; j&rsquo;ai &hellip; <a href=\"https:\/\/www.emmaducher.com\/blog\/2009\/02\/lembarras-du-choix\/\" class=\"more-link\">Continuer la lecture<span class=\"screen-reader-text\"> de &laquo;&nbsp;l&#8217;embarras du choix&nbsp;&raquo;<\/span><\/a><\/p>\n","protected":false},"author":1,"featured_media":0,"comment_status":"open","ping_status":"open","sticky":false,"template":"","format":"standard","meta":[],"categories":[70,64],"tags":[],"_links":{"self":[{"href":"https:\/\/www.emmaducher.com\/blog\/wp-json\/wp\/v2\/posts\/1010"}],"collection":[{"href":"https:\/\/www.emmaducher.com\/blog\/wp-json\/wp\/v2\/posts"}],"about":[{"href":"https:\/\/www.emmaducher.com\/blog\/wp-json\/wp\/v2\/types\/post"}],"author":[{"embeddable":true,"href":"https:\/\/www.emmaducher.com\/blog\/wp-json\/wp\/v2\/users\/1"}],"replies":[{"embeddable":true,"href":"https:\/\/www.emmaducher.com\/blog\/wp-json\/wp\/v2\/comments?post=1010"}],"version-history":[{"count":12,"href":"https:\/\/www.emmaducher.com\/blog\/wp-json\/wp\/v2\/posts\/1010\/revisions"}],"predecessor-version":[{"id":1025,"href":"https:\/\/www.emmaducher.com\/blog\/wp-json\/wp\/v2\/posts\/1010\/revisions\/1025"}],"wp:attachment":[{"href":"https:\/\/www.emmaducher.com\/blog\/wp-json\/wp\/v2\/media?parent=1010"}],"wp:term":[{"taxonomy":"category","embeddable":true,"href":"https:\/\/www.emmaducher.com\/blog\/wp-json\/wp\/v2\/categories?post=1010"},{"taxonomy":"post_tag","embeddable":true,"href":"https:\/\/www.emmaducher.com\/blog\/wp-json\/wp\/v2\/tags?post=1010"}],"curies":[{"name":"wp","href":"https:\/\/api.w.org\/{rel}","templated":true}]}}