 
{"id":10448,"date":"2016-03-15T12:25:37","date_gmt":"2016-03-15T11:25:37","guid":{"rendered":"http:\/\/www.emmaducher.com\/blog\/?p=10448"},"modified":"2016-03-28T11:00:15","modified_gmt":"2016-03-28T10:00:15","slug":"tout-nouveau-tout-beau","status":"publish","type":"post","link":"https:\/\/www.emmaducher.com\/blog\/2016\/03\/tout-nouveau-tout-beau\/","title":{"rendered":"Tout nouveau tout beau !"},"content":{"rendered":"<p><img loading=\"lazy\" class=\"size-medium wp-image-10450 aligncenter\" src=\"\/\/www.emmaducher.com\/blog\/wp-content\/uploads\/2016\/03\/seul-300x290.jpg\" alt=\"seul\" width=\"300\" height=\"290\" srcset=\"https:\/\/www.emmaducher.com\/blog\/wp-content\/uploads\/2016\/03\/seul-300x290.jpg 300w, https:\/\/www.emmaducher.com\/blog\/wp-content\/uploads\/2016\/03\/seul-700x676.jpg 700w, https:\/\/www.emmaducher.com\/blog\/wp-content\/uploads\/2016\/03\/seul-1200x1159.jpg 1200w, https:\/\/www.emmaducher.com\/blog\/wp-content\/uploads\/2016\/03\/seul.jpg 1308w\" sizes=\"(max-width: 300px) 85vw, 300px\" \/><\/p>\n<p style=\"text-align: justify;\">Depuis le 20 f\u00e9vrier dernier, le nouveau site se r\u00f4de tranquillement !<br \/>\nChangement de\u00a0nom et nouvelle identit\u00e9 visuelle\u00a0pour le d\u00e9veloppement de\u00a0nouvelles missions professionnelles, une nouvelle phase s&rsquo;ouvre. On retrouve \u00e9videmment la boutique en ligne que j&rsquo;esp\u00e8re plus ergonomique et plus pratique pour choisir et commander vos produits.<!--more--><br \/>\nTout est regroup\u00e9 sur le m\u00eame site, y compris le blog et ses archives (depuis octobre 2007, \u00e7a ne nous rajeunit pas !) qui prend le nom de \u00ab\u00a0journal\u00a0\u00bb.<br \/>\nJ&rsquo;ai organis\u00e9 des rubriques plus faciles \u00e0 consulter, avec une image \u00ab\u00a0phare\u00a0\u00bb pour chaque billet, il est ainsi possible d&rsquo;avoir un aper\u00e7u plus global. Vous \u00eates nombreux \u00e0 suivre les\u00a0billets relatant un voyage ou une balade, d\u00e9sormais, \u00e7a va \u00eatre un vrai bonheur de les retrouver !<\/p>\n<p style=\"text-align: justify;\">Pour f\u00eater ce nouveau site, on fait\u00a0un petit retour en arri\u00e8re sur <a href=\"https:\/\/www.emmaducher.com\/blog\/2015\/04\/couronne-de-printemps\/\">le tutoriel de la couronne de fleurs au crochet<\/a> que je vous avais propos\u00e9 en avril 2015 lors d&rsquo;un partenariat avec DMC et je vous propose de gagner le prototype de\u00a0la couronne\u00a0!<\/p>\n<p style=\"text-align: justify;\">Elle vous tente ?<br \/>\nIl suffit de mettre un commentaire sous ce billet pour valider votre participation.<br \/>\nSi le coeur vous en dit, n&rsquo;h\u00e9sitez pas \u00e0 me raconter\u00a0quelle balade vous avez pu faire d&rsquo;apr\u00e8s un de mes billets, quel ouvrage vous avez r\u00e9alis\u00e9 avec un des tutoriels, ou encore comment vous avez d\u00e9couvert mon site, je prendrai plaisir \u00e0 vous lire !<\/p>\n<h5 style=\"text-align: center;\"><span style=\"color: #ed7b7b;\"><strong>Fin du jeu mercredi 16 mars \u00e0 23h59 !<\/strong><\/span><\/h5>\n<p><img loading=\"lazy\" class=\"aligncenter size-full wp-image-9209\" src=\"\/\/www.emmaducher.com\/blog\/wp-content\/uploads\/2015\/04\/couronne-2.jpg\" alt=\"couronne-2\" width=\"700\" height=\"1116\" srcset=\"https:\/\/www.emmaducher.com\/blog\/wp-content\/uploads\/2015\/04\/couronne-2.jpg 700w, https:\/\/www.emmaducher.com\/blog\/wp-content\/uploads\/2015\/04\/couronne-2-188x300.jpg 188w, https:\/\/www.emmaducher.com\/blog\/wp-content\/uploads\/2015\/04\/couronne-2-642x1024.jpg 642w\" sizes=\"(max-width: 709px) 85vw, (max-width: 909px) 67vw, (max-width: 984px) 61vw, (max-width: 1362px) 45vw, 600px\" \/><\/p>\n<p>&nbsp;<\/p>\n<p><img loading=\"lazy\" class=\"aligncenter wp-image-9207 size-full\" src=\"\/\/www.emmaducher.com\/blog\/wp-content\/uploads\/2015\/04\/couronne-1.jpg\" alt=\"\" width=\"700\" height=\"536\" srcset=\"https:\/\/www.emmaducher.com\/blog\/wp-content\/uploads\/2015\/04\/couronne-1.jpg 700w, https:\/\/www.emmaducher.com\/blog\/wp-content\/uploads\/2015\/04\/couronne-1-300x230.jpg 300w\" sizes=\"(max-width: 709px) 85vw, (max-width: 909px) 67vw, (max-width: 984px) 61vw, (max-width: 1362px) 45vw, 600px\" \/><\/p>\n<h5 style=\"text-align: center;\"><span style=\"color: #ed7b7b;\"><strong>Edit du 28 mars 2016<\/strong><\/span><\/h5>\n<p>Le tirage au sort a eu lieu, le commentaire le plus proche de\u00a021h00 qui a gagn\u00e9, il s&rsquo;agit donc d&rsquo;Emilie, qui a comment\u00e9 ce billet \u00e0 21h12.<br \/>\nMerci \u00e0 tous pour votre participation et \u00e0 tr\u00e8s vite pour un autre jeu !<\/p>\n","protected":false},"excerpt":{"rendered":"<p>Depuis le 20 f\u00e9vrier dernier, le nouveau site se r\u00f4de tranquillement ! Changement de\u00a0nom et nouvelle identit\u00e9 visuelle\u00a0pour le d\u00e9veloppement de\u00a0nouvelles missions professionnelles, une nouvelle phase s&rsquo;ouvre. On retrouve \u00e9videmment la boutique en ligne que j&rsquo;esp\u00e8re plus ergonomique et plus pratique pour choisir et commander vos produits.<\/p>\n","protected":false},"author":1,"featured_media":0,"comment_status":"open","ping_status":"open","sticky":false,"template":"","format":"standard","meta":[],"categories":[1],"tags":[],"_links":{"self":[{"href":"https:\/\/www.emmaducher.com\/blog\/wp-json\/wp\/v2\/posts\/10448"}],"collection":[{"href":"https:\/\/www.emmaducher.com\/blog\/wp-json\/wp\/v2\/posts"}],"about":[{"href":"https:\/\/www.emmaducher.com\/blog\/wp-json\/wp\/v2\/types\/post"}],"author":[{"embeddable":true,"href":"https:\/\/www.emmaducher.com\/blog\/wp-json\/wp\/v2\/users\/1"}],"replies":[{"embeddable":true,"href":"https:\/\/www.emmaducher.com\/blog\/wp-json\/wp\/v2\/comments?post=10448"}],"version-history":[{"count":24,"href":"https:\/\/www.emmaducher.com\/blog\/wp-json\/wp\/v2\/posts\/10448\/revisions"}],"predecessor-version":[{"id":10489,"href":"https:\/\/www.emmaducher.com\/blog\/wp-json\/wp\/v2\/posts\/10448\/revisions\/10489"}],"wp:attachment":[{"href":"https:\/\/www.emmaducher.com\/blog\/wp-json\/wp\/v2\/media?parent=10448"}],"wp:term":[{"taxonomy":"category","embeddable":true,"href":"https:\/\/www.emmaducher.com\/blog\/wp-json\/wp\/v2\/categories?post=10448"},{"taxonomy":"post_tag","embeddable":true,"href":"https:\/\/www.emmaducher.com\/blog\/wp-json\/wp\/v2\/tags?post=10448"}],"curies":[{"name":"wp","href":"https:\/\/api.w.org\/{rel}","templated":true}]}}