 
{"id":11568,"date":"2016-10-08T11:43:50","date_gmt":"2016-10-08T10:43:50","guid":{"rendered":"https:\/\/www.emmaducher.com\/blog\/?p=11568"},"modified":"2016-10-08T11:47:44","modified_gmt":"2016-10-08T10:47:44","slug":"ma-vie-de-courgette","status":"publish","type":"post","link":"https:\/\/www.emmaducher.com\/blog\/2016\/10\/ma-vie-de-courgette\/","title":{"rendered":"Ma vie de Courgette"},"content":{"rendered":"<p style=\"text-align: justify;\"><img loading=\"lazy\" class=\"aligncenter size-full wp-image-11595\" src=\"https:\/\/www.emmaducher.com\/blog\/wp-content\/uploads\/2016\/10\/couv.jpg\" alt=\"couv\" width=\"800\" height=\"800\" srcset=\"https:\/\/www.emmaducher.com\/blog\/wp-content\/uploads\/2016\/10\/couv.jpg 800w, https:\/\/www.emmaducher.com\/blog\/wp-content\/uploads\/2016\/10\/couv-250x250.jpg 250w, https:\/\/www.emmaducher.com\/blog\/wp-content\/uploads\/2016\/10\/couv-300x300.jpg 300w\" sizes=\"(max-width: 709px) 85vw, (max-width: 909px) 67vw, (max-width: 984px) 61vw, (max-width: 1362px) 45vw, 600px\" \/><\/p>\n<p style=\"text-align: justify;\">Il m&rsquo;est arriv\u00e9 un truc incroyable : je suis devenue fan d&rsquo;un film avant m\u00eame sa sortie !<br \/>\nJ&rsquo;ai pu voir l&rsquo;exposition de l&rsquo;envers du d\u00e9cor du film d&rsquo;animation\u00a0\u00ab\u00a0Ma vie de Courgette\u00a0\u00bb au <a href=\"http:\/\/www.museeminiatureetcinema.fr\/accueil.html\">Mus\u00e9e Miniature et Cin\u00e9ma\u00a0de Lyon<\/a>.<br \/>\nCe Mus\u00e9e\u00a0est un concept unique en Europe, qui rassemble une riche collection de d\u00e9cors et d&rsquo;\u00e9l\u00e9ments ayant servis aux tournages des plus grands classiques du cin\u00e9ma. Il a \u00e9t\u00e9 fond\u00e9 par Dan Ohlmann, g\u00e9n\u00e9reux et volubile en anecdotes sur le sujet cin\u00e9ma !<\/p>\n<p style=\"text-align: justify;\"><img loading=\"lazy\" class=\"aligncenter size-full wp-image-11594\" src=\"https:\/\/www.emmaducher.com\/blog\/wp-content\/uploads\/2016\/10\/P1080235.jpg\" alt=\"p1080235\" width=\"800\" height=\"610\" srcset=\"https:\/\/www.emmaducher.com\/blog\/wp-content\/uploads\/2016\/10\/P1080235.jpg 800w, https:\/\/www.emmaducher.com\/blog\/wp-content\/uploads\/2016\/10\/P1080235-300x229.jpg 300w\" sizes=\"(max-width: 709px) 85vw, (max-width: 909px) 67vw, (max-width: 984px) 61vw, (max-width: 1362px) 45vw, 600px\" \/><\/p>\n<p style=\"text-align: justify;\">D\u00e8s le premier coup d&rsquo;oeil sur l&rsquo;exposition, j&rsquo;ai \u00e9t\u00e9 touch\u00e9e par la gamme chromatique de l&rsquo;ensemble : des couleurs \u00e0 la fois sourdes et franches, comme patin\u00e9es et gardant les traces du pass\u00e9.<br \/>\nLes marionnettes aux grands yeux m&rsquo;ont vraiment\u00a0\u00e9mue, elles ont un pouvoir puissant !<br \/>\nJ&rsquo;ai un petit faible pour Ahmed et son pull tricot\u00e9 \u00e0 rayures, s\u00fbrement une petite nostalgie des mini-habits que je tricotais pour les poup\u00e9es des enfants !<br \/>\nLes d\u00e9cors touchent par leur sens du d\u00e9tail, par l&rsquo;\u00e9motion qu&rsquo;ils d\u00e9gagent dans\u00a0leur allure surann\u00e9e : la salle de classe et la cantine sont\u00a0parfaites, la f\u00eate foraine est magique, le chalet aux volets bleus donne envie de s&rsquo;y installer.<\/p>\n<p style=\"text-align: justify;\">Courgette croit qu&rsquo;il est seul au monde quand il perd sa m\u00e8re, il va d\u00e9couvrir et apprendre un nouvelle vie dans le foyer pour enfant qui l&rsquo;accueille. L&rsquo;histoire est inspir\u00e9e du roman de Gilles Paris \u00ab\u00a0Autobiographie d&rsquo;une Courgette\u00a0\u00bb.<\/p>\n<p style=\"text-align: justify;\"><img loading=\"lazy\" class=\"aligncenter size-large wp-image-11575\" src=\"https:\/\/www.emmaducher.com\/blog\/wp-content\/uploads\/2016\/10\/Dans-la-neige-800x463.jpg\" alt=\"dans-la-neige\" width=\"800\" height=\"463\" srcset=\"https:\/\/www.emmaducher.com\/blog\/wp-content\/uploads\/2016\/10\/Dans-la-neige-800x463.jpg 800w, https:\/\/www.emmaducher.com\/blog\/wp-content\/uploads\/2016\/10\/Dans-la-neige-300x174.jpg 300w, https:\/\/www.emmaducher.com\/blog\/wp-content\/uploads\/2016\/10\/Dans-la-neige-1200x695.jpg 1200w\" sizes=\"(max-width: 709px) 85vw, (max-width: 909px) 67vw, (max-width: 984px) 61vw, (max-width: 1362px) 45vw, 600px\" \/><img loading=\"lazy\" class=\"aligncenter size-large wp-image-11579\" src=\"https:\/\/www.emmaducher.com\/blog\/wp-content\/uploads\/2016\/10\/P1080213-800x932.jpg\" alt=\"p1080213\" width=\"800\" height=\"932\" srcset=\"https:\/\/www.emmaducher.com\/blog\/wp-content\/uploads\/2016\/10\/P1080213-800x932.jpg 800w, https:\/\/www.emmaducher.com\/blog\/wp-content\/uploads\/2016\/10\/P1080213-257x300.jpg 257w, https:\/\/www.emmaducher.com\/blog\/wp-content\/uploads\/2016\/10\/P1080213.jpg 900w\" sizes=\"(max-width: 709px) 85vw, (max-width: 909px) 67vw, (max-width: 984px) 61vw, (max-width: 1362px) 45vw, 600px\" \/> <img loading=\"lazy\" class=\"aligncenter size-large wp-image-11581\" src=\"https:\/\/www.emmaducher.com\/blog\/wp-content\/uploads\/2016\/10\/P1080221-800x589.jpg\" alt=\"p1080221\" width=\"800\" height=\"589\" srcset=\"https:\/\/www.emmaducher.com\/blog\/wp-content\/uploads\/2016\/10\/P1080221-800x589.jpg 800w, https:\/\/www.emmaducher.com\/blog\/wp-content\/uploads\/2016\/10\/P1080221-300x221.jpg 300w, https:\/\/www.emmaducher.com\/blog\/wp-content\/uploads\/2016\/10\/P1080221.jpg 900w\" sizes=\"(max-width: 709px) 85vw, (max-width: 909px) 67vw, (max-width: 984px) 61vw, (max-width: 1362px) 45vw, 600px\" \/> <img loading=\"lazy\" class=\"aligncenter size-large wp-image-11584\" src=\"https:\/\/www.emmaducher.com\/blog\/wp-content\/uploads\/2016\/10\/P1080238-800x710.jpg\" alt=\"p1080238\" width=\"800\" height=\"710\" srcset=\"https:\/\/www.emmaducher.com\/blog\/wp-content\/uploads\/2016\/10\/P1080238-800x710.jpg 800w, https:\/\/www.emmaducher.com\/blog\/wp-content\/uploads\/2016\/10\/P1080238-300x266.jpg 300w, https:\/\/www.emmaducher.com\/blog\/wp-content\/uploads\/2016\/10\/P1080238.jpg 900w\" sizes=\"(max-width: 709px) 85vw, (max-width: 909px) 67vw, (max-width: 984px) 61vw, (max-width: 1362px) 45vw, 600px\" \/><\/p>\n<p style=\"text-align: justify;\"><img loading=\"lazy\" class=\"aligncenter size-large wp-image-11576\" src=\"https:\/\/www.emmaducher.com\/blog\/wp-content\/uploads\/2016\/10\/Grenier-800x430.jpg\" alt=\"grenier\" width=\"800\" height=\"430\" srcset=\"https:\/\/www.emmaducher.com\/blog\/wp-content\/uploads\/2016\/10\/Grenier-800x430.jpg 800w, https:\/\/www.emmaducher.com\/blog\/wp-content\/uploads\/2016\/10\/Grenier-300x161.jpg 300w, https:\/\/www.emmaducher.com\/blog\/wp-content\/uploads\/2016\/10\/Grenier-1200x645.jpg 1200w\" sizes=\"(max-width: 709px) 85vw, (max-width: 909px) 67vw, (max-width: 984px) 61vw, (max-width: 1362px) 45vw, 600px\" \/>Le film de Claude Barras, une production franco-suisse sort le 19 octobre et depuis le 7 octobre (et jusqu&rsquo;au 2 avril 2017), on peut d\u00e9couvrir les coulisses du film\u00a0et c&rsquo;est une magnifique et touchante exposition qui permet de redonner vie aux d\u00e9cors et personnages.\u00a0La fabrication des personnages et des d\u00e9cors, ainsi que le tournage du film se sont d\u00e9roul\u00e9s dans les studios du P\u00f4le Pixel \u00e0 Villeurbanne.<\/p>\n<p><img loading=\"lazy\" class=\"aligncenter wp-image-11586 size-large\" src=\"https:\/\/www.emmaducher.com\/blog\/wp-content\/uploads\/2016\/10\/De\u0301cors-800x450.jpg\" alt=\"decors\" width=\"800\" height=\"450\" srcset=\"https:\/\/www.emmaducher.com\/blog\/wp-content\/uploads\/2016\/10\/De\u0301cors-800x450.jpg 800w, https:\/\/www.emmaducher.com\/blog\/wp-content\/uploads\/2016\/10\/De\u0301cors-300x169.jpg 300w, https:\/\/www.emmaducher.com\/blog\/wp-content\/uploads\/2016\/10\/De\u0301cors-1200x675.jpg 1200w, https:\/\/www.emmaducher.com\/blog\/wp-content\/uploads\/2016\/10\/De\u0301cors.jpg 1366w\" sizes=\"(max-width: 709px) 85vw, (max-width: 909px) 67vw, (max-width: 984px) 61vw, (max-width: 1362px) 45vw, 600px\" \/><\/p>\n<p style=\"text-align: justify;\"><img loading=\"lazy\" class=\"aligncenter wp-image-11591 size-large\" src=\"https:\/\/www.emmaducher.com\/blog\/wp-content\/uploads\/2016\/10\/A-la-neige_6-800x505.jpg\" alt=\"a-la-neige_6\" width=\"800\" height=\"505\" srcset=\"https:\/\/www.emmaducher.com\/blog\/wp-content\/uploads\/2016\/10\/A-la-neige_6-800x505.jpg 800w, https:\/\/www.emmaducher.com\/blog\/wp-content\/uploads\/2016\/10\/A-la-neige_6-300x189.jpg 300w, https:\/\/www.emmaducher.com\/blog\/wp-content\/uploads\/2016\/10\/A-la-neige_6-1200x758.jpg 1200w\" sizes=\"(max-width: 709px) 85vw, (max-width: 909px) 67vw, (max-width: 984px) 61vw, (max-width: 1362px) 45vw, 600px\" \/><\/p>\n<p style=\"text-align: justify;\">\u00a0On d\u00e9couvre avec \u00e9motion les coulisses de la conception du film, du story-board au making-of, en passant par la fabrication des d\u00e9cors et des marionnettes jusqu&rsquo;aux techniques de tournage. Le film a n\u00e9cessit\u00e9 plus de 3 ans de travail en studio \u00e0 plus d&rsquo;une centaine de personnes !<\/p>\n<p style=\"text-align: justify;\"><img loading=\"lazy\" class=\"aligncenter size-large wp-image-11583\" src=\"https:\/\/www.emmaducher.com\/blog\/wp-content\/uploads\/2016\/10\/P1080237-800x651.jpg\" alt=\"p1080237\" width=\"800\" height=\"651\" srcset=\"https:\/\/www.emmaducher.com\/blog\/wp-content\/uploads\/2016\/10\/P1080237-800x651.jpg 800w, https:\/\/www.emmaducher.com\/blog\/wp-content\/uploads\/2016\/10\/P1080237-300x244.jpg 300w, https:\/\/www.emmaducher.com\/blog\/wp-content\/uploads\/2016\/10\/P1080237.jpg 900w\" sizes=\"(max-width: 709px) 85vw, (max-width: 909px) 67vw, (max-width: 984px) 61vw, (max-width: 1362px) 45vw, 600px\" \/>Ce fut une grande d\u00e9couverte pour moi de comprendre les rouages de la conception d&rsquo;un film en \u00ab\u00a0stop motion\u00a0\u00bb, ce syst\u00e8me d&rsquo;animation image par image permettant de cr\u00e9er un mouvement \u00e0 partir d&rsquo;objets immobiles. Les 24 images qui composent 1 seconde de film sont autant de prises de vues diff\u00e9rentes et donc autant de sc\u00e8nes \u00e0 modifier l\u00e9g\u00e8rement.<br \/>\nD&rsquo;o\u00f9 les collections de bouches, sourcils, paupi\u00e8res et d&rsquo;yeux qui se fixent sur\u00a0les t\u00eates pour rendre les diverses \u00e9motions, d&rsquo;o\u00f9 les diverses armatures et syst\u00e8mes ing\u00e9nieux \u00e0 rotules pour animer les marionnettes.<\/p>\n<p style=\"text-align: justify;\"><img loading=\"lazy\" class=\"aligncenter size-large wp-image-11588\" src=\"https:\/\/www.emmaducher.com\/blog\/wp-content\/uploads\/2016\/10\/A-la-neige_3-800x470.jpg\" alt=\"a-la-neige_3\" width=\"800\" height=\"470\" srcset=\"https:\/\/www.emmaducher.com\/blog\/wp-content\/uploads\/2016\/10\/A-la-neige_3-800x470.jpg 800w, https:\/\/www.emmaducher.com\/blog\/wp-content\/uploads\/2016\/10\/A-la-neige_3-300x176.jpg 300w, https:\/\/www.emmaducher.com\/blog\/wp-content\/uploads\/2016\/10\/A-la-neige_3-1200x705.jpg 1200w\" sizes=\"(max-width: 709px) 85vw, (max-width: 909px) 67vw, (max-width: 984px) 61vw, (max-width: 1362px) 45vw, 600px\" \/><\/p>\n<p style=\"text-align: justify;\"><img loading=\"lazy\" class=\"aligncenter size-large wp-image-11577\" src=\"https:\/\/www.emmaducher.com\/blog\/wp-content\/uploads\/2016\/10\/Montage-personnages-800x698.jpg\" alt=\"montage-personnages\" width=\"800\" height=\"698\" srcset=\"https:\/\/www.emmaducher.com\/blog\/wp-content\/uploads\/2016\/10\/Montage-personnages-800x698.jpg 800w, https:\/\/www.emmaducher.com\/blog\/wp-content\/uploads\/2016\/10\/Montage-personnages-300x262.jpg 300w, https:\/\/www.emmaducher.com\/blog\/wp-content\/uploads\/2016\/10\/Montage-personnages.jpg 1090w\" sizes=\"(max-width: 709px) 85vw, (max-width: 909px) 67vw, (max-width: 984px) 61vw, (max-width: 1362px) 45vw, 600px\" \/> <img loading=\"lazy\" class=\"aligncenter size-large wp-image-11582\" src=\"https:\/\/www.emmaducher.com\/blog\/wp-content\/uploads\/2016\/10\/P1080229-800x628.jpg\" alt=\"p1080229\" width=\"800\" height=\"628\" srcset=\"https:\/\/www.emmaducher.com\/blog\/wp-content\/uploads\/2016\/10\/P1080229-800x628.jpg 800w, https:\/\/www.emmaducher.com\/blog\/wp-content\/uploads\/2016\/10\/P1080229-300x235.jpg 300w, https:\/\/www.emmaducher.com\/blog\/wp-content\/uploads\/2016\/10\/P1080229.jpg 900w\" sizes=\"(max-width: 709px) 85vw, (max-width: 909px) 67vw, (max-width: 984px) 61vw, (max-width: 1362px) 45vw, 600px\" \/>On imagine ais\u00e9ment le travail colossal que ce film a demand\u00e9 !<br \/>\nFinalement, on est \u00e0 mi-chemin entre l&rsquo;artisanat (avec la fabrication des d\u00e9cors et des marionnettes) et l&rsquo;ultra-technologie (pour assurer l&rsquo;animation au millim\u00e8tre pr\u00e8s !). L&rsquo;expo pr\u00e9sente 35 personnages (sur les 50 fabriqu\u00e9es pour le film), 9 d\u00e9cors originaux recompos\u00e9s (sur les 60 pr\u00e9par\u00e9s pour le film), les \u00e9tapes de la fabrication d&rsquo;une marionnette, des planches pr\u00e9paratoires, des making-of et des s\u00e9quences de films.<\/p>\n<p style=\"text-align: justify;\"><img loading=\"lazy\" class=\"aligncenter wp-image-11572\" src=\"https:\/\/www.emmaducher.com\/blog\/wp-content\/uploads\/2016\/10\/Affiche-Ma-vie-de-Courgette-226x300.jpg\" alt=\"affiche-ma-vie-de-courgette\" width=\"400\" height=\"530\" srcset=\"https:\/\/www.emmaducher.com\/blog\/wp-content\/uploads\/2016\/10\/Affiche-Ma-vie-de-Courgette-226x300.jpg 226w, https:\/\/www.emmaducher.com\/blog\/wp-content\/uploads\/2016\/10\/Affiche-Ma-vie-de-Courgette-773x1024.jpg 773w, https:\/\/www.emmaducher.com\/blog\/wp-content\/uploads\/2016\/10\/Affiche-Ma-vie-de-Courgette-1200x1590.jpg 1200w\" sizes=\"(max-width: 400px) 85vw, 400px\" \/>J&rsquo;ai h\u00e2te de d\u00e9couvrir Courgette sur grand \u00e9cran le 19 octobre, et de retourner voir l&rsquo;exposition avec les enfants. Ca sera \u00e9galement l&rsquo;occasion de revoir le Mus\u00e9e Miniature et Cin\u00e9ma, qui est vraiment une belle sortie \u00e0 faire !<br \/>\nQuand on sait qu&rsquo;en plus la BO est sign\u00e9e Sophie Hunger,\u00a0et quand on regarde le teaser trop mignon, plus de doute, on fonce voir Courgette !<\/p>\n<p><iframe loading=\"lazy\" width=\"840\" height=\"473\" src=\"https:\/\/www.youtube.com\/embed\/b5ZrIORyhs4?feature=oembed\" frameborder=\"0\" allowfullscreen><\/iframe><\/p>\n<div id=\"blogvision\"><\/div>\n","protected":false},"excerpt":{"rendered":"<p>Il m&rsquo;est arriv\u00e9 un truc incroyable : je suis devenue fan d&rsquo;un film avant m\u00eame sa sortie ! J&rsquo;ai pu voir l&rsquo;exposition de l&rsquo;envers du d\u00e9cor du film d&rsquo;animation\u00a0\u00ab\u00a0Ma vie de Courgette\u00a0\u00bb au Mus\u00e9e Miniature et Cin\u00e9ma\u00a0de Lyon. Ce Mus\u00e9e\u00a0est un concept unique en Europe, qui rassemble une riche collection de d\u00e9cors et d&rsquo;\u00e9l\u00e9ments ayant &hellip; <a href=\"https:\/\/www.emmaducher.com\/blog\/2016\/10\/ma-vie-de-courgette\/\" class=\"more-link\">Continuer la lecture<span class=\"screen-reader-text\"> de &laquo;&nbsp;Ma vie de Courgette&nbsp;&raquo;<\/span><\/a><\/p>\n","protected":false},"author":1,"featured_media":11595,"comment_status":"open","ping_status":"open","sticky":false,"template":"","format":"standard","meta":[],"categories":[1],"tags":[111],"_links":{"self":[{"href":"https:\/\/www.emmaducher.com\/blog\/wp-json\/wp\/v2\/posts\/11568"}],"collection":[{"href":"https:\/\/www.emmaducher.com\/blog\/wp-json\/wp\/v2\/posts"}],"about":[{"href":"https:\/\/www.emmaducher.com\/blog\/wp-json\/wp\/v2\/types\/post"}],"author":[{"embeddable":true,"href":"https:\/\/www.emmaducher.com\/blog\/wp-json\/wp\/v2\/users\/1"}],"replies":[{"embeddable":true,"href":"https:\/\/www.emmaducher.com\/blog\/wp-json\/wp\/v2\/comments?post=11568"}],"version-history":[{"count":13,"href":"https:\/\/www.emmaducher.com\/blog\/wp-json\/wp\/v2\/posts\/11568\/revisions"}],"predecessor-version":[{"id":11602,"href":"https:\/\/www.emmaducher.com\/blog\/wp-json\/wp\/v2\/posts\/11568\/revisions\/11602"}],"wp:featuredmedia":[{"embeddable":true,"href":"https:\/\/www.emmaducher.com\/blog\/wp-json\/wp\/v2\/media\/11595"}],"wp:attachment":[{"href":"https:\/\/www.emmaducher.com\/blog\/wp-json\/wp\/v2\/media?parent=11568"}],"wp:term":[{"taxonomy":"category","embeddable":true,"href":"https:\/\/www.emmaducher.com\/blog\/wp-json\/wp\/v2\/categories?post=11568"},{"taxonomy":"post_tag","embeddable":true,"href":"https:\/\/www.emmaducher.com\/blog\/wp-json\/wp\/v2\/tags?post=11568"}],"curies":[{"name":"wp","href":"https:\/\/api.w.org\/{rel}","templated":true}]}}