 
{"id":11891,"date":"2017-01-18T14:14:08","date_gmt":"2017-01-18T13:14:08","guid":{"rendered":"https:\/\/www.emmaducher.com\/blog\/?p=11891"},"modified":"2017-01-18T14:14:08","modified_gmt":"2017-01-18T13:14:08","slug":"bonnets-en-tissage-de-perles","status":"publish","type":"post","link":"https:\/\/www.emmaducher.com\/blog\/2017\/01\/bonnets-en-tissage-de-perles\/","title":{"rendered":"Bonnets en tissage de perles"},"content":{"rendered":"<p style=\"text-align: justify;\">Depuis que j&rsquo;ai d\u00e9couvert le tissage de perles gr\u00e2ce \u00e0 Karen de <a href=\"http:\/\/monpetitbazar.fr\/\">Mon Petit Bazar<\/a>\u00a0et ses chouettes conseils lors d&rsquo;un atelier au dernier <a href=\"https:\/\/www.creations-savoir-faire.com\/\">salon Cr\u00e9ations &amp; Savoi-Faire<\/a>, j&rsquo;ai initi\u00e9 mes filles et on ne s&rsquo;arr\u00eate plus.<br \/>\nAlors \u00e9videmment, \u00e7a demande pas mal de concentration et je dois reconnaitre que\u00a0je ne peux tisser qu&rsquo;en plein jour, le soir je ne vois plus rien, mais \u00e7a vaut le coup, je trouve que le r\u00e9sultat est toujours tr\u00e8s satisfaisant.<br \/>\nUne longue aiguille, le bon fil, un petit assortiment de perles et c&rsquo;est parti ! <a href=\"http:\/\/monpetitbazar.fr\/grilles-telechargeables\">Par ici<\/a>, Karen d\u00e9taille techniques, astuces, m\u00e9thodes, tout y est.<\/p>\n<p style=\"text-align: justify;\"><img loading=\"lazy\" class=\"aligncenter wp-image-11898 size-large\" src=\"https:\/\/www.emmaducher.com\/blog\/wp-content\/uploads\/2017\/01\/P1090844-800x800.jpg\" alt=\"P1090844\" width=\"800\" height=\"800\" srcset=\"https:\/\/www.emmaducher.com\/blog\/wp-content\/uploads\/2017\/01\/P1090844-800x800.jpg 800w, https:\/\/www.emmaducher.com\/blog\/wp-content\/uploads\/2017\/01\/P1090844-250x250.jpg 250w, https:\/\/www.emmaducher.com\/blog\/wp-content\/uploads\/2017\/01\/P1090844-300x300.jpg 300w, https:\/\/www.emmaducher.com\/blog\/wp-content\/uploads\/2017\/01\/P1090844.jpg 1000w\" sizes=\"(max-width: 709px) 85vw, (max-width: 909px) 67vw, (max-width: 984px) 61vw, (max-width: 1362px) 45vw, 600px\" \/>\u00a0On adore suivre des grilles trouv\u00e9es sur le net, mais maintenant on pr\u00e9pare aussi nos propres grilles de motifs\u00a0\u00e0 tisser.<br \/>\nJ&rsquo;ai d\u00e9j\u00e0 tricot\u00e9 des tas de bonnets, mais c&rsquo;est la premi\u00e8re fois que j&rsquo;en tisse, alors on retrouve un petit motif jacquard, forc\u00e9ment !<br \/>\nOn les a mont\u00e9s en broches, en collant un support au dos.<\/p>\n<p style=\"text-align: center;\"><img loading=\"lazy\" class=\"aligncenter wp-image-11910 size-large\" src=\"https:\/\/www.emmaducher.com\/blog\/wp-content\/uploads\/2017\/01\/P1090864-800x668.jpg\" alt=\"P1090864\" width=\"800\" height=\"668\" srcset=\"https:\/\/www.emmaducher.com\/blog\/wp-content\/uploads\/2017\/01\/P1090864-800x668.jpg 800w, https:\/\/www.emmaducher.com\/blog\/wp-content\/uploads\/2017\/01\/P1090864-300x250.jpg 300w, https:\/\/www.emmaducher.com\/blog\/wp-content\/uploads\/2017\/01\/P1090864.jpg 1198w\" sizes=\"(max-width: 709px) 85vw, (max-width: 909px) 67vw, (max-width: 984px) 61vw, (max-width: 1362px) 45vw, 600px\" \/><em>ado, bonnet tricot\u00e9, bonnet en perles, pull tricot\u00e9, le tout homemade !<\/em><\/p>\n<p style=\"text-align: justify;\">Si vous aussi vous voulez tisser des bonnets, voici la grille, \u00e0 t\u00e9l\u00e9charger et imprimer. Un petit clic sur l&rsquo;image et la grille est pour vous :<\/p>\n<p><a href=\"https:\/\/www.emmaducher.com\/blog\/wp-content\/uploads\/2017\/01\/grille-bonnet-1.pdf\"><img loading=\"lazy\" class=\"aligncenter wp-image-11897\" src=\"https:\/\/www.emmaducher.com\/blog\/wp-content\/uploads\/2017\/01\/photo-grille.jpg\" alt=\"photo + grille\" width=\"800\" height=\"430\" srcset=\"https:\/\/www.emmaducher.com\/blog\/wp-content\/uploads\/2017\/01\/photo-grille.jpg 2680w, https:\/\/www.emmaducher.com\/blog\/wp-content\/uploads\/2017\/01\/photo-grille-300x161.jpg 300w, https:\/\/www.emmaducher.com\/blog\/wp-content\/uploads\/2017\/01\/photo-grille-800x430.jpg 800w, https:\/\/www.emmaducher.com\/blog\/wp-content\/uploads\/2017\/01\/photo-grille-1200x646.jpg 1200w\" sizes=\"(max-width: 709px) 85vw, (max-width: 909px) 67vw, (max-width: 984px) 61vw, (max-width: 1362px) 45vw, 600px\" \/><\/a><\/p>\n<p style=\"text-align: center;\"><strong>Alors, qui va tisser des bonnets ?<\/strong><br \/>\n<strong>H\u00e2te de voir vos r\u00e9alisations !<\/strong><\/p>\n","protected":false},"excerpt":{"rendered":"<p>Depuis que j&rsquo;ai d\u00e9couvert le tissage de perles gr\u00e2ce \u00e0 Karen de Mon Petit Bazar\u00a0et ses chouettes conseils lors d&rsquo;un atelier au dernier salon Cr\u00e9ations &amp; Savoi-Faire, j&rsquo;ai initi\u00e9 mes filles et on ne s&rsquo;arr\u00eate plus. Alors \u00e9videmment, \u00e7a demande pas mal de concentration et je dois reconnaitre que\u00a0je ne peux tisser qu&rsquo;en plein jour, &hellip; <a href=\"https:\/\/www.emmaducher.com\/blog\/2017\/01\/bonnets-en-tissage-de-perles\/\" class=\"more-link\">Continuer la lecture<span class=\"screen-reader-text\"> de &laquo;&nbsp;Bonnets en tissage de perles&nbsp;&raquo;<\/span><\/a><\/p>\n","protected":false},"author":1,"featured_media":11898,"comment_status":"open","ping_status":"open","sticky":false,"template":"","format":"standard","meta":[],"categories":[1],"tags":[110],"_links":{"self":[{"href":"https:\/\/www.emmaducher.com\/blog\/wp-json\/wp\/v2\/posts\/11891"}],"collection":[{"href":"https:\/\/www.emmaducher.com\/blog\/wp-json\/wp\/v2\/posts"}],"about":[{"href":"https:\/\/www.emmaducher.com\/blog\/wp-json\/wp\/v2\/types\/post"}],"author":[{"embeddable":true,"href":"https:\/\/www.emmaducher.com\/blog\/wp-json\/wp\/v2\/users\/1"}],"replies":[{"embeddable":true,"href":"https:\/\/www.emmaducher.com\/blog\/wp-json\/wp\/v2\/comments?post=11891"}],"version-history":[{"count":19,"href":"https:\/\/www.emmaducher.com\/blog\/wp-json\/wp\/v2\/posts\/11891\/revisions"}],"predecessor-version":[{"id":11917,"href":"https:\/\/www.emmaducher.com\/blog\/wp-json\/wp\/v2\/posts\/11891\/revisions\/11917"}],"wp:featuredmedia":[{"embeddable":true,"href":"https:\/\/www.emmaducher.com\/blog\/wp-json\/wp\/v2\/media\/11898"}],"wp:attachment":[{"href":"https:\/\/www.emmaducher.com\/blog\/wp-json\/wp\/v2\/media?parent=11891"}],"wp:term":[{"taxonomy":"category","embeddable":true,"href":"https:\/\/www.emmaducher.com\/blog\/wp-json\/wp\/v2\/categories?post=11891"},{"taxonomy":"post_tag","embeddable":true,"href":"https:\/\/www.emmaducher.com\/blog\/wp-json\/wp\/v2\/tags?post=11891"}],"curies":[{"name":"wp","href":"https:\/\/api.w.org\/{rel}","templated":true}]}}