 
{"id":12798,"date":"2017-10-02T10:23:09","date_gmt":"2017-10-02T09:23:09","guid":{"rendered":"https:\/\/www.emmaducher.com\/blog\/?p=12798"},"modified":"2017-10-02T10:38:10","modified_gmt":"2017-10-02T09:38:10","slug":"le-mob-hotel-de-lyon","status":"publish","type":"post","link":"https:\/\/www.emmaducher.com\/blog\/2017\/10\/le-mob-hotel-de-lyon\/","title":{"rendered":"Le Mob Hotel de Lyon"},"content":{"rendered":"<p style=\"text-align: justify;\">A chaque fois qu&rsquo;on me demande des bonnes adresses pour venir s\u00e9journer quelques jours \u00e0 Lyon, je suis bien en peine pour r\u00e9pondre sur la partie logement : eh oui, je ne dors pas \u00e0 l&rsquo;h\u00f4tel dans ma ville, alors je ne peux pas donner mon avis objectif sur le sujet. Depuis quelques temps, je me dis que \u00ab\u00a0vivre sa ville\u00a0\u00bb comme des touristes, y compris pour dormir dans un h\u00f4tel \u00e0 quelques\u00a0kilom\u00e8tres de chez\u00a0soi \u00e7a doit \u00eatre une chouette exp\u00e9rience ! Cette exp\u00e9rience porte un nom : le staycation (contraction de Stay et Vacation, je ne trouve pas l&rsquo;\u00e9quivalent en fran\u00e7ais&#8230;).<br \/>\nNous avons \u00e9t\u00e9 invit\u00e9s \u00e0 tester le temps d&rsquo;une nuit le <a href=\"http:\/\/www.mobhotel.com\/lyon\/\">MOB HOTEL<\/a>,\u00a0r\u00e9cemment ouvert \u00e0 Lyon,\u00a0une belle occasion de tester l&rsquo;exp\u00e9rience staycation\u00a0en esp\u00e9rant avoir une bonne adresse logement \u00e0 conseiller (en connaissance de cause) \u00e0\u00a0mes lecteurs.<\/p>\n<p style=\"text-align: justify;\"><img loading=\"lazy\" class=\"aligncenter size-large wp-image-12835\" src=\"https:\/\/www.emmaducher.com\/blog\/wp-content\/uploads\/2017\/10\/P1150778-800x447.jpg\" alt=\"P1150778\" width=\"800\" height=\"447\" srcset=\"https:\/\/www.emmaducher.com\/blog\/wp-content\/uploads\/2017\/10\/P1150778.jpg 800w, https:\/\/www.emmaducher.com\/blog\/wp-content\/uploads\/2017\/10\/P1150778-300x168.jpg 300w\" sizes=\"(max-width: 709px) 85vw, (max-width: 909px) 67vw, (max-width: 984px) 61vw, (max-width: 1362px) 45vw, 600px\" \/> <img loading=\"lazy\" class=\"aligncenter size-large wp-image-12834\" src=\"https:\/\/www.emmaducher.com\/blog\/wp-content\/uploads\/2017\/10\/P1150768-800x541.jpg\" alt=\"P1150768\" width=\"800\" height=\"541\" srcset=\"https:\/\/www.emmaducher.com\/blog\/wp-content\/uploads\/2017\/10\/P1150768.jpg 800w, https:\/\/www.emmaducher.com\/blog\/wp-content\/uploads\/2017\/10\/P1150768-300x203.jpg 300w\" sizes=\"(max-width: 709px) 85vw, (max-width: 909px) 67vw, (max-width: 984px) 61vw, (max-width: 1362px) 45vw, 600px\" \/><\/p>\n<p style=\"text-align: justify;\">Alors autant ne pas vous faire languir plus longtemps : le verdict est positif, et m\u00eame tr\u00e8s positif ! Nous avons ador\u00e9 notre s\u00e9jour, le lieu, ses ambiances, ses activit\u00e9s, son quartier&#8230; Le MOB\u00a0HOTEL est hautement recommandable !<br \/>\nOn a\u00a0vite entendu parl\u00e9 de nouveau lieu d\u00e8s son ouverture, il faut dire que\u00a0le MOB HOTEL s&rsquo;inscrit dans un quartier en pleine mutation et \u00e9volution, en quelques sortes the place to be du moment !\u00a0Cyril Aouizerate, le fondateur des MOB HOTEL\u00a0(et des Mama Shelter), s&rsquo;est entour\u00e9 des designer\u00a0Kristian Gavoille et Val\u00e9rie Garcia pour cr\u00e9er l&rsquo;ambiance qu&rsquo;on a d\u00e9couvert avec joie.<br \/>\nL&rsquo;\u00e9quipe nous a accueilli comme \u00e0 la maison, avec un sens de l&rsquo;hospitalit\u00e9 tr\u00e8s chaleureux. On remercie d&rsquo;ailleurs Julia qui nous a fait une visite parfaite des lieux !<\/p>\n<p style=\"text-align: justify;\"><img loading=\"lazy\" class=\"aligncenter size-large wp-image-12801\" src=\"https:\/\/www.emmaducher.com\/blog\/wp-content\/uploads\/2017\/10\/P1150639-800x559.jpg\" alt=\"P1150639\" width=\"800\" height=\"559\" srcset=\"https:\/\/www.emmaducher.com\/blog\/wp-content\/uploads\/2017\/10\/P1150639.jpg 800w, https:\/\/www.emmaducher.com\/blog\/wp-content\/uploads\/2017\/10\/P1150639-300x210.jpg 300w\" sizes=\"(max-width: 709px) 85vw, (max-width: 909px) 67vw, (max-width: 984px) 61vw, (max-width: 1362px) 45vw, 600px\" \/><\/p>\n<p style=\"text-align: justify;\">Commen\u00e7ons par les chambres, le plus important dans un h\u00f4tel. Nous avons test\u00e9 la MOB, c&rsquo;est \u00e0 dire la petite chambre 2 adultes + 1 enfant (un lit double + un matelas gonflable). Compacte mais hyper confortable, elle a tout ce qu&rsquo;il faut pour passer un excellent s\u00e9jour. Le lit grand confort est mis en sc\u00e8ne au centre de la chambre, face au balcon qui donne sur le beau panorama de la Sa\u00f4ne. Il est surmont\u00e9 d&rsquo;un rideau de th\u00e9\u00e2tre en velours rouge qui donne envie d&rsquo;utiliser le petit kit de marionnettes en ombres chinoises. Il y a un coin bureau, qui s\u00e9pare le lit de la salle de bain. La douche est grande et parfaite.<\/p>\n<p style=\"text-align: justify;\"><img loading=\"lazy\" class=\"aligncenter size-large wp-image-12823\" src=\"https:\/\/www.emmaducher.com\/blog\/wp-content\/uploads\/2017\/10\/P1150735-800x991.jpg\" alt=\"P1150735\" width=\"800\" height=\"991\" srcset=\"https:\/\/www.emmaducher.com\/blog\/wp-content\/uploads\/2017\/10\/P1150735.jpg 800w, https:\/\/www.emmaducher.com\/blog\/wp-content\/uploads\/2017\/10\/P1150735-242x300.jpg 242w\" sizes=\"(max-width: 709px) 85vw, (max-width: 909px) 67vw, (max-width: 984px) 61vw, (max-width: 1362px) 45vw, 600px\" \/> <img loading=\"lazy\" class=\"aligncenter size-large wp-image-12803\" src=\"https:\/\/www.emmaducher.com\/blog\/wp-content\/uploads\/2017\/10\/P1150649-766x1024.jpg\" alt=\"P1150649\" width=\"766\" height=\"1024\" srcset=\"https:\/\/www.emmaducher.com\/blog\/wp-content\/uploads\/2017\/10\/P1150649-766x1024.jpg 766w, https:\/\/www.emmaducher.com\/blog\/wp-content\/uploads\/2017\/10\/P1150649-225x300.jpg 225w, https:\/\/www.emmaducher.com\/blog\/wp-content\/uploads\/2017\/10\/P1150649.jpg 800w\" sizes=\"(max-width: 709px) 85vw, (max-width: 909px) 67vw, (max-width: 984px) 61vw, (max-width: 1362px) 45vw, 600px\" \/> Le calme est absolu, l&rsquo;isolation acoustique est parfaite. Lorsqu&rsquo;on ferme les panneaux de bois coulissant devant la baie vitr\u00e9e, l&rsquo;obscurit\u00e9 est totale. Mais nous on pr\u00e9f\u00e8re dormir volets ouverts, c&rsquo;est notre habitude. Et au MOB c&rsquo;est un plaisir de profiter de la vue et de voir naviguer les bateaux.<\/p>\n<p style=\"text-align: justify;\"><img loading=\"lazy\" class=\"aligncenter size-large wp-image-12833\" src=\"https:\/\/www.emmaducher.com\/blog\/wp-content\/uploads\/2017\/10\/P1150767-800x619.jpg\" alt=\"P1150767\" width=\"800\" height=\"619\" srcset=\"https:\/\/www.emmaducher.com\/blog\/wp-content\/uploads\/2017\/10\/P1150767.jpg 800w, https:\/\/www.emmaducher.com\/blog\/wp-content\/uploads\/2017\/10\/P1150767-300x232.jpg 300w\" sizes=\"(max-width: 709px) 85vw, (max-width: 909px) 67vw, (max-width: 984px) 61vw, (max-width: 1362px) 45vw, 600px\" \/><img loading=\"lazy\" class=\"aligncenter size-large wp-image-12831\" src=\"https:\/\/www.emmaducher.com\/blog\/wp-content\/uploads\/2017\/10\/P1150763-800x545.jpg\" alt=\"P1150763\" width=\"800\" height=\"545\" srcset=\"https:\/\/www.emmaducher.com\/blog\/wp-content\/uploads\/2017\/10\/P1150763.jpg 800w, https:\/\/www.emmaducher.com\/blog\/wp-content\/uploads\/2017\/10\/P1150763-300x204.jpg 300w\" sizes=\"(max-width: 709px) 85vw, (max-width: 909px) 67vw, (max-width: 984px) 61vw, (max-width: 1362px) 45vw, 600px\" \/> Ensuite le petit d\u00e9jeuner. Il est servi sous forme de buffet, plut\u00f4t continental (peu de diversit\u00e9 sal\u00e9e le jour o\u00f9 nous y \u00e9tions),\u00a0 dans la salle de restaurant. Tout est d\u00e9licieux et de grande qualit\u00e9 (viennoiseries, pains, confitures, laits v\u00e9g\u00e9taux, granola, fromage blanc&#8230;).<\/p>\n<p style=\"text-align: justify;\"><img loading=\"lazy\" class=\"aligncenter size-large wp-image-12830\" src=\"https:\/\/www.emmaducher.com\/blog\/wp-content\/uploads\/2017\/10\/P1150762-800x554.jpg\" alt=\"P1150762\" width=\"800\" height=\"554\" srcset=\"https:\/\/www.emmaducher.com\/blog\/wp-content\/uploads\/2017\/10\/P1150762.jpg 800w, https:\/\/www.emmaducher.com\/blog\/wp-content\/uploads\/2017\/10\/P1150762-300x208.jpg 300w\" sizes=\"(max-width: 709px) 85vw, (max-width: 909px) 67vw, (max-width: 984px) 61vw, (max-width: 1362px) 45vw, 600px\" \/> <img loading=\"lazy\" class=\"aligncenter size-large wp-image-12829\" src=\"https:\/\/www.emmaducher.com\/blog\/wp-content\/uploads\/2017\/10\/P1150761-800x545.jpg\" alt=\"P1150761\" width=\"800\" height=\"545\" srcset=\"https:\/\/www.emmaducher.com\/blog\/wp-content\/uploads\/2017\/10\/P1150761.jpg 800w, https:\/\/www.emmaducher.com\/blog\/wp-content\/uploads\/2017\/10\/P1150761-300x204.jpg 300w\" sizes=\"(max-width: 709px) 85vw, (max-width: 909px) 67vw, (max-width: 984px) 61vw, (max-width: 1362px) 45vw, 600px\" \/> <img loading=\"lazy\" class=\"aligncenter size-large wp-image-12828\" src=\"https:\/\/www.emmaducher.com\/blog\/wp-content\/uploads\/2017\/10\/P1150758-800x664.jpg\" alt=\"P1150758\" width=\"800\" height=\"664\" srcset=\"https:\/\/www.emmaducher.com\/blog\/wp-content\/uploads\/2017\/10\/P1150758.jpg 800w, https:\/\/www.emmaducher.com\/blog\/wp-content\/uploads\/2017\/10\/P1150758-300x249.jpg 300w\" sizes=\"(max-width: 709px) 85vw, (max-width: 909px) 67vw, (max-width: 984px) 61vw, (max-width: 1362px) 45vw, 600px\" \/> <img loading=\"lazy\" class=\"aligncenter size-large wp-image-12827\" src=\"https:\/\/www.emmaducher.com\/blog\/wp-content\/uploads\/2017\/10\/P1150752-800x672.jpg\" alt=\"P1150752\" width=\"800\" height=\"672\" srcset=\"https:\/\/www.emmaducher.com\/blog\/wp-content\/uploads\/2017\/10\/P1150752.jpg 800w, https:\/\/www.emmaducher.com\/blog\/wp-content\/uploads\/2017\/10\/P1150752-300x252.jpg 300w\" sizes=\"(max-width: 709px) 85vw, (max-width: 909px) 67vw, (max-width: 984px) 61vw, (max-width: 1362px) 45vw, 600px\" \/> <img loading=\"lazy\" class=\"aligncenter size-large wp-image-12826\" src=\"https:\/\/www.emmaducher.com\/blog\/wp-content\/uploads\/2017\/10\/P1150747-800x587.jpg\" alt=\"P1150747\" width=\"800\" height=\"587\" srcset=\"https:\/\/www.emmaducher.com\/blog\/wp-content\/uploads\/2017\/10\/P1150747.jpg 800w, https:\/\/www.emmaducher.com\/blog\/wp-content\/uploads\/2017\/10\/P1150747-300x220.jpg 300w\" sizes=\"(max-width: 709px) 85vw, (max-width: 909px) 67vw, (max-width: 984px) 61vw, (max-width: 1362px) 45vw, 600px\" \/> <img loading=\"lazy\" class=\"aligncenter size-large wp-image-12825\" src=\"https:\/\/www.emmaducher.com\/blog\/wp-content\/uploads\/2017\/10\/P1150744-800x595.jpg\" alt=\"P1150744\" width=\"800\" height=\"595\" srcset=\"https:\/\/www.emmaducher.com\/blog\/wp-content\/uploads\/2017\/10\/P1150744.jpg 800w, https:\/\/www.emmaducher.com\/blog\/wp-content\/uploads\/2017\/10\/P1150744-300x223.jpg 300w\" sizes=\"(max-width: 709px) 85vw, (max-width: 909px) 67vw, (max-width: 984px) 61vw, (max-width: 1362px) 45vw, 600px\" \/><\/p>\n<p style=\"text-align: justify;\">Mais le MOB ce n&rsquo;est pas seulement un h\u00f4tel pour dormir et prendre le petit-d\u00e9jeuner. C&rsquo;est aussi un lieu vivant, \u00e9nergique, anim\u00e9 et inspirant, \u00e0 toute heure de la journ\u00e9e et de la soir\u00e9e. Deux petits pop up stores\u00a0accueillent des cr\u00e9ateurs et des artistes pour des sessions de 2 ou 3 semaines, un march\u00e9 de producteurs\u00a0bio est organis\u00e9 devant le MOB tous les vendredis de 12h \u00e0 14h, les \u00e9v\u00e8nements ne manquent pas !<\/p>\n<p style=\"text-align: justify;\">La terrasse est le spot id\u00e9al pour les ap\u00e9ros des beaux jours, avec sa vue sur la Sa\u00f4ne et ses fauteuils confortables. Elle est accessible \u00e0 tous, pas seulement aux r\u00e9sidents de l&rsquo;h\u00f4tel.<\/p>\n<p style=\"text-align: justify;\"><img loading=\"lazy\" class=\"aligncenter size-large wp-image-12824\" src=\"https:\/\/www.emmaducher.com\/blog\/wp-content\/uploads\/2017\/10\/P1150741-800x638.jpg\" alt=\"P1150741\" width=\"800\" height=\"638\" srcset=\"https:\/\/www.emmaducher.com\/blog\/wp-content\/uploads\/2017\/10\/P1150741.jpg 800w, https:\/\/www.emmaducher.com\/blog\/wp-content\/uploads\/2017\/10\/P1150741-300x239.jpg 300w\" sizes=\"(max-width: 709px) 85vw, (max-width: 909px) 67vw, (max-width: 984px) 61vw, (max-width: 1362px) 45vw, 600px\" \/><br \/>\n<img loading=\"lazy\" class=\"aligncenter size-large wp-image-12822\" src=\"https:\/\/www.emmaducher.com\/blog\/wp-content\/uploads\/2017\/10\/P1150734-800x614.jpg\" alt=\"P1150734\" width=\"800\" height=\"614\" srcset=\"https:\/\/www.emmaducher.com\/blog\/wp-content\/uploads\/2017\/10\/P1150734.jpg 800w, https:\/\/www.emmaducher.com\/blog\/wp-content\/uploads\/2017\/10\/P1150734-300x230.jpg 300w\" sizes=\"(max-width: 709px) 85vw, (max-width: 909px) 67vw, (max-width: 984px) 61vw, (max-width: 1362px) 45vw, 600px\" \/><br \/>\n<img loading=\"lazy\" class=\"aligncenter size-large wp-image-12821\" src=\"https:\/\/www.emmaducher.com\/blog\/wp-content\/uploads\/2017\/10\/P1150715-800x587.jpg\" alt=\"P1150715\" width=\"800\" height=\"587\" srcset=\"https:\/\/www.emmaducher.com\/blog\/wp-content\/uploads\/2017\/10\/P1150715.jpg 800w, https:\/\/www.emmaducher.com\/blog\/wp-content\/uploads\/2017\/10\/P1150715-300x220.jpg 300w\" sizes=\"(max-width: 709px) 85vw, (max-width: 909px) 67vw, (max-width: 984px) 61vw, (max-width: 1362px) 45vw, 600px\" \/>Enfin le restaurant\u00a0pr\u00e9sente\u00a0non seulement une ambiance et une d\u00e9co superbes, mais aussi une carte tr\u00e8s all\u00e9chante et de tr\u00e8s bons vins. Au d\u00e9jeuner et au d\u00eener, le restaurant du MOB H\u00f4tel\u00a0propose la cuisine simple, enti\u00e8rement fait maison, et de saison du chef Brice Morvent, bas\u00e9e sur une agriculture locale, coop\u00e9rative et enti\u00e8rement biologique.<\/p>\n<p><img loading=\"lazy\" class=\"aligncenter size-large wp-image-12820\" src=\"https:\/\/www.emmaducher.com\/blog\/wp-content\/uploads\/2017\/10\/P1150714-800x590.jpg\" alt=\"P1150714\" width=\"800\" height=\"590\" srcset=\"https:\/\/www.emmaducher.com\/blog\/wp-content\/uploads\/2017\/10\/P1150714.jpg 800w, https:\/\/www.emmaducher.com\/blog\/wp-content\/uploads\/2017\/10\/P1150714-300x221.jpg 300w\" sizes=\"(max-width: 709px) 85vw, (max-width: 909px) 67vw, (max-width: 984px) 61vw, (max-width: 1362px) 45vw, 600px\" \/> <img loading=\"lazy\" class=\"aligncenter size-large wp-image-12819\" src=\"https:\/\/www.emmaducher.com\/blog\/wp-content\/uploads\/2017\/10\/P1150713-800x627.jpg\" alt=\"P1150713\" width=\"800\" height=\"627\" srcset=\"https:\/\/www.emmaducher.com\/blog\/wp-content\/uploads\/2017\/10\/P1150713.jpg 800w, https:\/\/www.emmaducher.com\/blog\/wp-content\/uploads\/2017\/10\/P1150713-300x235.jpg 300w\" sizes=\"(max-width: 709px) 85vw, (max-width: 909px) 67vw, (max-width: 984px) 61vw, (max-width: 1362px) 45vw, 600px\" \/><\/p>\n<p style=\"text-align: justify;\">Le beau four \u00e0 pizzas en cuivre tr\u00f4nant dans un coin du restaurant m&rsquo;a incit\u00e9e \u00e0 tester la pizza \u00e0 la Bresaola des Abruzzes, et je n&rsquo;ai pas \u00e9t\u00e9 d\u00e9\u00e7ue : je peux le dire, j&rsquo;ai d\u00e9gust\u00e9 ce soir-l\u00e0 la meilleure pizza de toute ma vie !<\/p>\n<p style=\"text-align: justify;\"><img loading=\"lazy\" class=\"aligncenter size-large wp-image-12832\" src=\"https:\/\/www.emmaducher.com\/blog\/wp-content\/uploads\/2017\/10\/P1150765-800x593.jpg\" alt=\"P1150765\" width=\"800\" height=\"593\" srcset=\"https:\/\/www.emmaducher.com\/blog\/wp-content\/uploads\/2017\/10\/P1150765.jpg 800w, https:\/\/www.emmaducher.com\/blog\/wp-content\/uploads\/2017\/10\/P1150765-300x222.jpg 300w\" sizes=\"(max-width: 709px) 85vw, (max-width: 909px) 67vw, (max-width: 984px) 61vw, (max-width: 1362px) 45vw, 600px\" \/><\/p>\n<p style=\"text-align: justify;\">Le coin biblioth\u00e8que et chemin\u00e9e est particuli\u00e8rement chaleureux. On peut s&rsquo;y installer dans la journ\u00e9e pour bouquiner ou travailler. J&rsquo;ai regrett\u00e9 de ne pas avoir emmen\u00e9 mon tricot, quelques mailles devant cette chemin\u00e9e auraient \u00e9t\u00e9 bien agr\u00e9ables !<\/p>\n<p style=\"text-align: justify;\"><img loading=\"lazy\" class=\"aligncenter size-large wp-image-12818\" src=\"https:\/\/www.emmaducher.com\/blog\/wp-content\/uploads\/2017\/10\/P1150712-800x593.jpg\" alt=\"P1150712\" width=\"800\" height=\"593\" srcset=\"https:\/\/www.emmaducher.com\/blog\/wp-content\/uploads\/2017\/10\/P1150712.jpg 800w, https:\/\/www.emmaducher.com\/blog\/wp-content\/uploads\/2017\/10\/P1150712-300x222.jpg 300w\" sizes=\"(max-width: 709px) 85vw, (max-width: 909px) 67vw, (max-width: 984px) 61vw, (max-width: 1362px) 45vw, 600px\" \/>La r\u00e9ception de l&rsquo;h\u00f4tel est aussi une boutique \u00e9picerie, qui ne propose que des produits \u00e9thiques, bio, et de grande qualit\u00e9.<\/p>\n<p style=\"text-align: justify;\"><img loading=\"lazy\" class=\"aligncenter size-large wp-image-12817\" src=\"https:\/\/www.emmaducher.com\/blog\/wp-content\/uploads\/2017\/10\/P1150704-800x636.jpg\" alt=\"P1150704\" width=\"800\" height=\"636\" srcset=\"https:\/\/www.emmaducher.com\/blog\/wp-content\/uploads\/2017\/10\/P1150704.jpg 800w, https:\/\/www.emmaducher.com\/blog\/wp-content\/uploads\/2017\/10\/P1150704-300x239.jpg 300w\" sizes=\"(max-width: 709px) 85vw, (max-width: 909px) 67vw, (max-width: 984px) 61vw, (max-width: 1362px) 45vw, 600px\" \/> <img loading=\"lazy\" class=\"aligncenter size-large wp-image-12816\" src=\"https:\/\/www.emmaducher.com\/blog\/wp-content\/uploads\/2017\/10\/P1150702-609x1024.jpg\" alt=\"P1150702\" width=\"609\" height=\"1024\" srcset=\"https:\/\/www.emmaducher.com\/blog\/wp-content\/uploads\/2017\/10\/P1150702-609x1024.jpg 609w, https:\/\/www.emmaducher.com\/blog\/wp-content\/uploads\/2017\/10\/P1150702-178x300.jpg 178w, https:\/\/www.emmaducher.com\/blog\/wp-content\/uploads\/2017\/10\/P1150702.jpg 800w\" sizes=\"(max-width: 709px) 85vw, (max-width: 909px) 67vw, (max-width: 984px) 61vw, (max-width: 1362px) 45vw, 600px\" \/> <img loading=\"lazy\" class=\"aligncenter size-large wp-image-12815\" src=\"https:\/\/www.emmaducher.com\/blog\/wp-content\/uploads\/2017\/10\/P1150700-800x615.jpg\" alt=\"P1150700\" width=\"800\" height=\"615\" srcset=\"https:\/\/www.emmaducher.com\/blog\/wp-content\/uploads\/2017\/10\/P1150700.jpg 800w, https:\/\/www.emmaducher.com\/blog\/wp-content\/uploads\/2017\/10\/P1150700-300x231.jpg 300w\" sizes=\"(max-width: 709px) 85vw, (max-width: 909px) 67vw, (max-width: 984px) 61vw, (max-width: 1362px) 45vw, 600px\" \/><\/p>\n<p style=\"text-align: justify;\">Notre chambre donnait c\u00f4t\u00e9 Sa\u00f4ne. Mais\u00a0une\u00a0partie des 99 chambres de l&rsquo;h\u00f4tel est situ\u00e9 c\u00f4t\u00e9 Mus\u00e9e des Confluences, une vue tout aussi int\u00e9ressante et pittoresque.<\/p>\n<p style=\"text-align: justify;\"><img loading=\"lazy\" class=\"aligncenter size-large wp-image-12814\" src=\"https:\/\/www.emmaducher.com\/blog\/wp-content\/uploads\/2017\/10\/P1150697-800x564.jpg\" alt=\"P1150697\" width=\"800\" height=\"564\" srcset=\"https:\/\/www.emmaducher.com\/blog\/wp-content\/uploads\/2017\/10\/P1150697.jpg 800w, https:\/\/www.emmaducher.com\/blog\/wp-content\/uploads\/2017\/10\/P1150697-300x212.jpg 300w\" sizes=\"(max-width: 709px) 85vw, (max-width: 909px) 67vw, (max-width: 984px) 61vw, (max-width: 1362px) 45vw, 600px\" \/> <img loading=\"lazy\" class=\"aligncenter size-large wp-image-12813\" src=\"https:\/\/www.emmaducher.com\/blog\/wp-content\/uploads\/2017\/10\/P1150692-800x630.jpg\" alt=\"P1150692\" width=\"800\" height=\"630\" srcset=\"https:\/\/www.emmaducher.com\/blog\/wp-content\/uploads\/2017\/10\/P1150692.jpg 800w, https:\/\/www.emmaducher.com\/blog\/wp-content\/uploads\/2017\/10\/P1150692-300x236.jpg 300w\" sizes=\"(max-width: 709px) 85vw, (max-width: 909px) 67vw, (max-width: 984px) 61vw, (max-width: 1362px) 45vw, 600px\" \/> Le bar en terrasse, comme l&rsquo;ensemble de l&rsquo;h\u00f4tel est kid friendly, il va falloir qu&rsquo;on revienne avec les enfants !<\/p>\n<p style=\"text-align: justify;\"><img loading=\"lazy\" class=\"aligncenter size-large wp-image-12812\" src=\"https:\/\/www.emmaducher.com\/blog\/wp-content\/uploads\/2017\/10\/P1150688-800x616.jpg\" alt=\"P1150688\" width=\"800\" height=\"616\" srcset=\"https:\/\/www.emmaducher.com\/blog\/wp-content\/uploads\/2017\/10\/P1150688.jpg 800w, https:\/\/www.emmaducher.com\/blog\/wp-content\/uploads\/2017\/10\/P1150688-300x231.jpg 300w\" sizes=\"(max-width: 709px) 85vw, (max-width: 909px) 67vw, (max-width: 984px) 61vw, (max-width: 1362px) 45vw, 600px\" \/> <img loading=\"lazy\" class=\"aligncenter size-large wp-image-12811\" src=\"https:\/\/www.emmaducher.com\/blog\/wp-content\/uploads\/2017\/10\/P1150685-800x609.jpg\" alt=\"P1150685\" width=\"800\" height=\"609\" srcset=\"https:\/\/www.emmaducher.com\/blog\/wp-content\/uploads\/2017\/10\/P1150685.jpg 800w, https:\/\/www.emmaducher.com\/blog\/wp-content\/uploads\/2017\/10\/P1150685-300x228.jpg 300w\" sizes=\"(max-width: 709px) 85vw, (max-width: 909px) 67vw, (max-width: 984px) 61vw, (max-width: 1362px) 45vw, 600px\" \/> <img loading=\"lazy\" class=\"aligncenter size-large wp-image-12810\" src=\"https:\/\/www.emmaducher.com\/blog\/wp-content\/uploads\/2017\/10\/P1150684-800x621.jpg\" alt=\"P1150684\" width=\"800\" height=\"621\" srcset=\"https:\/\/www.emmaducher.com\/blog\/wp-content\/uploads\/2017\/10\/P1150684.jpg 800w, https:\/\/www.emmaducher.com\/blog\/wp-content\/uploads\/2017\/10\/P1150684-300x233.jpg 300w\" sizes=\"(max-width: 709px) 85vw, (max-width: 909px) 67vw, (max-width: 984px) 61vw, (max-width: 1362px) 45vw, 600px\" \/><\/p>\n<p style=\"text-align: justify;\">Les vendredi et samedi soirs sont programm\u00e9s\u00a0des DJ sets \u00e0 partir de 22H00. On s&rsquo;est bien amus\u00e9 \u00e0 chercher les t\u00eates connues sur les grands rideaux !<\/p>\n<p style=\"text-align: justify;\"><img loading=\"lazy\" class=\"aligncenter size-large wp-image-12809\" src=\"https:\/\/www.emmaducher.com\/blog\/wp-content\/uploads\/2017\/10\/P1150666-764x1024.jpg\" alt=\"P1150666\" width=\"764\" height=\"1024\" srcset=\"https:\/\/www.emmaducher.com\/blog\/wp-content\/uploads\/2017\/10\/P1150666-764x1024.jpg 764w, https:\/\/www.emmaducher.com\/blog\/wp-content\/uploads\/2017\/10\/P1150666-224x300.jpg 224w, https:\/\/www.emmaducher.com\/blog\/wp-content\/uploads\/2017\/10\/P1150666.jpg 800w\" sizes=\"(max-width: 709px) 85vw, (max-width: 909px) 67vw, (max-width: 984px) 61vw, (max-width: 1362px) 45vw, 600px\" \/><img loading=\"lazy\" class=\"aligncenter size-large wp-image-12808\" src=\"https:\/\/www.emmaducher.com\/blog\/wp-content\/uploads\/2017\/10\/P1150662-754x1024.jpg\" alt=\"P1150662\" width=\"754\" height=\"1024\" srcset=\"https:\/\/www.emmaducher.com\/blog\/wp-content\/uploads\/2017\/10\/P1150662-754x1024.jpg 754w, https:\/\/www.emmaducher.com\/blog\/wp-content\/uploads\/2017\/10\/P1150662-221x300.jpg 221w, https:\/\/www.emmaducher.com\/blog\/wp-content\/uploads\/2017\/10\/P1150662.jpg 800w\" sizes=\"(max-width: 709px) 85vw, (max-width: 909px) 67vw, (max-width: 984px) 61vw, (max-width: 1362px) 45vw, 600px\" \/><img loading=\"lazy\" class=\"aligncenter size-large wp-image-12807\" src=\"https:\/\/www.emmaducher.com\/blog\/wp-content\/uploads\/2017\/10\/P1150661-800x617.jpg\" alt=\"P1150661\" width=\"800\" height=\"617\" srcset=\"https:\/\/www.emmaducher.com\/blog\/wp-content\/uploads\/2017\/10\/P1150661.jpg 800w, https:\/\/www.emmaducher.com\/blog\/wp-content\/uploads\/2017\/10\/P1150661-300x231.jpg 300w\" sizes=\"(max-width: 709px) 85vw, (max-width: 909px) 67vw, (max-width: 984px) 61vw, (max-width: 1362px) 45vw, 600px\" \/><img loading=\"lazy\" class=\"aligncenter size-large wp-image-12806\" src=\"https:\/\/www.emmaducher.com\/blog\/wp-content\/uploads\/2017\/10\/P1150660-800x584.jpg\" alt=\"P1150660\" width=\"800\" height=\"584\" srcset=\"https:\/\/www.emmaducher.com\/blog\/wp-content\/uploads\/2017\/10\/P1150660.jpg 800w, https:\/\/www.emmaducher.com\/blog\/wp-content\/uploads\/2017\/10\/P1150660-300x219.jpg 300w\" sizes=\"(max-width: 709px) 85vw, (max-width: 909px) 67vw, (max-width: 984px) 61vw, (max-width: 1362px) 45vw, 600px\" \/>Deux salles de s\u00e9minaires peuvent \u00eatre\u00a0utilis\u00e9es pour des \u00e9v\u00e8nements. Cours de yoga et pilates expriment l&rsquo;ambiance\u00a0et les valeurs de l&rsquo;h\u00f4tel.<\/p>\n<p style=\"text-align: justify;\"><img loading=\"lazy\" class=\"aligncenter size-large wp-image-12805\" src=\"https:\/\/www.emmaducher.com\/blog\/wp-content\/uploads\/2017\/10\/P1150656-741x1024.jpg\" alt=\"P1150656\" width=\"741\" height=\"1024\" srcset=\"https:\/\/www.emmaducher.com\/blog\/wp-content\/uploads\/2017\/10\/P1150656-741x1024.jpg 741w, https:\/\/www.emmaducher.com\/blog\/wp-content\/uploads\/2017\/10\/P1150656-217x300.jpg 217w, https:\/\/www.emmaducher.com\/blog\/wp-content\/uploads\/2017\/10\/P1150656.jpg 800w\" sizes=\"(max-width: 709px) 85vw, (max-width: 909px) 67vw, (max-width: 984px) 61vw, (max-width: 1362px) 45vw, 600px\" \/><img loading=\"lazy\" class=\"aligncenter size-large wp-image-12804\" src=\"https:\/\/www.emmaducher.com\/blog\/wp-content\/uploads\/2017\/10\/P1150651-800x609.jpg\" alt=\"P1150651\" width=\"800\" height=\"609\" srcset=\"https:\/\/www.emmaducher.com\/blog\/wp-content\/uploads\/2017\/10\/P1150651.jpg 800w, https:\/\/www.emmaducher.com\/blog\/wp-content\/uploads\/2017\/10\/P1150651-300x228.jpg 300w\" sizes=\"(max-width: 709px) 85vw, (max-width: 909px) 67vw, (max-width: 984px) 61vw, (max-width: 1362px) 45vw, 600px\" \/><\/p>\n<p style=\"text-align: justify;\">Le\u00a0MOB H\u00f4tel constitue une vraie\u00a0invitation au voyage et \u00e0 la d\u00e9couverte : des d\u00e9couvertes multiples \u00e0 l&rsquo;int\u00e9rieur m\u00eame de l&rsquo;h\u00f4tel, et l&rsquo;envie de parcourir les rives de la Sa\u00f4ne, d&#8217;embarquer en bateau, d&rsquo;acc\u00e9der en quelques pas \u00e0 la confluence du Rh\u00f4ne et de la Sa\u00f4ne et au mus\u00e9e du m\u00eame nom&#8230; Le quartier de la Confluence constitue\u00a0une tr\u00e8s belle balade architecturale, tout le long du quai Rambaud et jusqu&rsquo;au centre commercial et la Darse portuaire, dans une ambiance enti\u00e8rement pi\u00e9tonne. On peut prolonger la ballade jusqu&rsquo;au coeur de Lyon juste en suivant la Sa\u00f4ne.<\/p>\n<p style=\"text-align: justify;\"><img loading=\"lazy\" class=\"aligncenter size-large wp-image-12802\" src=\"https:\/\/www.emmaducher.com\/blog\/wp-content\/uploads\/2017\/10\/P1150643-800x610.jpg\" alt=\"P1150643\" width=\"800\" height=\"610\" srcset=\"https:\/\/www.emmaducher.com\/blog\/wp-content\/uploads\/2017\/10\/P1150643.jpg 800w, https:\/\/www.emmaducher.com\/blog\/wp-content\/uploads\/2017\/10\/P1150643-300x229.jpg 300w\" sizes=\"(max-width: 709px) 85vw, (max-width: 909px) 67vw, (max-width: 984px) 61vw, (max-width: 1362px) 45vw, 600px\" \/><\/p>\n<p style=\"text-align: justify;\">Nous avons profit\u00e9 de notre s\u00e9jour pour faire la visite de l&rsquo;exposition \u00e0 la Sucri\u00e8re dans le cadre de la <a href=\"http:\/\/www.biennaledelyon.com\/\">biennale d&rsquo;art contemporain de Lyon 2017<\/a>, \u00e0 ne pas rater jusqu&rsquo;au 7 janvier 2018. Cette biennale 2017 est un excellent cru, avec beaucoup d&rsquo;oeuvres po\u00e9tiques, sensorielles, immersives&#8230;<br \/>\nHautement recommand\u00e9e en famille \u00e9galement !<\/p>\n<p style=\"text-align: justify;\"><img loading=\"lazy\" class=\"aligncenter size-large wp-image-12840\" src=\"https:\/\/www.emmaducher.com\/blog\/wp-content\/uploads\/2017\/10\/P1150818-800x749.jpg\" alt=\"P1150818\" width=\"800\" height=\"749\" srcset=\"https:\/\/www.emmaducher.com\/blog\/wp-content\/uploads\/2017\/10\/P1150818.jpg 800w, https:\/\/www.emmaducher.com\/blog\/wp-content\/uploads\/2017\/10\/P1150818-300x281.jpg 300w\" sizes=\"(max-width: 709px) 85vw, (max-width: 909px) 67vw, (max-width: 984px) 61vw, (max-width: 1362px) 45vw, 600px\" \/> <img loading=\"lazy\" class=\"aligncenter size-large wp-image-12839\" src=\"https:\/\/www.emmaducher.com\/blog\/wp-content\/uploads\/2017\/10\/P1150811-800x505.jpg\" alt=\"P1150811\" width=\"800\" height=\"505\" srcset=\"https:\/\/www.emmaducher.com\/blog\/wp-content\/uploads\/2017\/10\/P1150811.jpg 800w, https:\/\/www.emmaducher.com\/blog\/wp-content\/uploads\/2017\/10\/P1150811-300x189.jpg 300w\" sizes=\"(max-width: 709px) 85vw, (max-width: 909px) 67vw, (max-width: 984px) 61vw, (max-width: 1362px) 45vw, 600px\" \/> <img loading=\"lazy\" class=\"aligncenter size-large wp-image-12838\" src=\"https:\/\/www.emmaducher.com\/blog\/wp-content\/uploads\/2017\/10\/P1150808-800x608.jpg\" alt=\"P1150808\" width=\"800\" height=\"608\" srcset=\"https:\/\/www.emmaducher.com\/blog\/wp-content\/uploads\/2017\/10\/P1150808.jpg 800w, https:\/\/www.emmaducher.com\/blog\/wp-content\/uploads\/2017\/10\/P1150808-300x228.jpg 300w\" sizes=\"(max-width: 709px) 85vw, (max-width: 909px) 67vw, (max-width: 984px) 61vw, (max-width: 1362px) 45vw, 600px\" \/> <img loading=\"lazy\" class=\"aligncenter size-large wp-image-12837\" src=\"https:\/\/www.emmaducher.com\/blog\/wp-content\/uploads\/2017\/10\/P1150800-654x1024.jpg\" alt=\"P1150800\" width=\"654\" height=\"1024\" srcset=\"https:\/\/www.emmaducher.com\/blog\/wp-content\/uploads\/2017\/10\/P1150800-654x1024.jpg 654w, https:\/\/www.emmaducher.com\/blog\/wp-content\/uploads\/2017\/10\/P1150800-192x300.jpg 192w, https:\/\/www.emmaducher.com\/blog\/wp-content\/uploads\/2017\/10\/P1150800.jpg 800w\" sizes=\"(max-width: 709px) 85vw, (max-width: 909px) 67vw, (max-width: 984px) 61vw, (max-width: 1362px) 45vw, 600px\" \/> <img loading=\"lazy\" class=\"aligncenter size-large wp-image-12836\" src=\"https:\/\/www.emmaducher.com\/blog\/wp-content\/uploads\/2017\/10\/P1150793-800x638.jpg\" alt=\"P1150793\" width=\"800\" height=\"638\" srcset=\"https:\/\/www.emmaducher.com\/blog\/wp-content\/uploads\/2017\/10\/P1150793.jpg 800w, https:\/\/www.emmaducher.com\/blog\/wp-content\/uploads\/2017\/10\/P1150793-300x239.jpg 300w\" sizes=\"(max-width: 709px) 85vw, (max-width: 909px) 67vw, (max-width: 984px) 61vw, (max-width: 1362px) 45vw, 600px\" \/><\/p>\n<p style=\"text-align: justify;\">Vous l&rsquo;aurez compris, en plus d&rsquo;avoir d\u00e9couvert une belle adresse, nous avons ador\u00e9 notre premi\u00e8re exp\u00e9rience en staycation ! Quelle agr\u00e9able sensation d&rsquo;\u00eatre compl\u00e8tement d\u00e9pays\u00e9 \u00e0\u00a02 ou 3\u00a0kilom\u00e8tres de chez soi ! L&rsquo;exp\u00e9rience unique au MOB nous a permis de vivre un vrai moment d\u00e9connect\u00e9 du quotidien et de prolonger un peu les vacances d\u00e9j\u00e0 presque trop loin !<br \/>\nEncore merci au Mob Hotel et \u00e0 l&rsquo;agence 14 septembre pour l&rsquo;organisation de notre chouette week-end.<\/p>\n<p><a href=\"http:\/\/www.mobhotel.com\/lyon\/\">MOB HOTEL LYON<\/a><\/p>\n<p>55 Quai Rambaud<br \/>\n69002 LYON<br \/>\n04 58 55 55 88<\/p>\n","protected":false},"excerpt":{"rendered":"<p>A chaque fois qu&rsquo;on me demande des bonnes adresses pour venir s\u00e9journer quelques jours \u00e0 Lyon, je suis bien en peine pour r\u00e9pondre sur la partie logement : eh oui, je ne dors pas \u00e0 l&rsquo;h\u00f4tel dans ma ville, alors je ne peux pas donner mon avis objectif sur le sujet. Depuis quelques temps, je &hellip; <a href=\"https:\/\/www.emmaducher.com\/blog\/2017\/10\/le-mob-hotel-de-lyon\/\" class=\"more-link\">Continuer la lecture<span class=\"screen-reader-text\"> de &laquo;&nbsp;Le Mob Hotel de Lyon&nbsp;&raquo;<\/span><\/a><\/p>\n","protected":false},"author":1,"featured_media":12800,"comment_status":"open","ping_status":"open","sticky":false,"template":"","format":"standard","meta":[],"categories":[1],"tags":[108],"_links":{"self":[{"href":"https:\/\/www.emmaducher.com\/blog\/wp-json\/wp\/v2\/posts\/12798"}],"collection":[{"href":"https:\/\/www.emmaducher.com\/blog\/wp-json\/wp\/v2\/posts"}],"about":[{"href":"https:\/\/www.emmaducher.com\/blog\/wp-json\/wp\/v2\/types\/post"}],"author":[{"embeddable":true,"href":"https:\/\/www.emmaducher.com\/blog\/wp-json\/wp\/v2\/users\/1"}],"replies":[{"embeddable":true,"href":"https:\/\/www.emmaducher.com\/blog\/wp-json\/wp\/v2\/comments?post=12798"}],"version-history":[{"count":15,"href":"https:\/\/www.emmaducher.com\/blog\/wp-json\/wp\/v2\/posts\/12798\/revisions"}],"predecessor-version":[{"id":12854,"href":"https:\/\/www.emmaducher.com\/blog\/wp-json\/wp\/v2\/posts\/12798\/revisions\/12854"}],"wp:featuredmedia":[{"embeddable":true,"href":"https:\/\/www.emmaducher.com\/blog\/wp-json\/wp\/v2\/media\/12800"}],"wp:attachment":[{"href":"https:\/\/www.emmaducher.com\/blog\/wp-json\/wp\/v2\/media?parent=12798"}],"wp:term":[{"taxonomy":"category","embeddable":true,"href":"https:\/\/www.emmaducher.com\/blog\/wp-json\/wp\/v2\/categories?post=12798"},{"taxonomy":"post_tag","embeddable":true,"href":"https:\/\/www.emmaducher.com\/blog\/wp-json\/wp\/v2\/tags?post=12798"}],"curies":[{"name":"wp","href":"https:\/\/api.w.org\/{rel}","templated":true}]}}