 
{"id":1365,"date":"2009-04-05T18:45:47","date_gmt":"2009-04-05T16:45:47","guid":{"rendered":"http:\/\/www.encreviolette.fr\/?p=1365"},"modified":"2009-04-05T18:45:49","modified_gmt":"2009-04-05T16:45:49","slug":"trico13com","status":"publish","type":"post","link":"https:\/\/www.emmaducher.com\/blog\/2009\/04\/trico13com\/","title":{"rendered":"Trico13.com !"},"content":{"rendered":"<p style=\"text-align: left;\">Alors on a bien travaill\u00e9 <a href=\"http:\/\/auremalou.canalblog.com\/\">Aur\u00e9lie<\/a> et moi, enfin, surtout<a href=\"http:\/\/www.toune.com\/\"> mon fr\u00e8re<\/a> en fait&#8230;!!<br \/>\nEt on s&rsquo;est dit que \u00e7a serait bien sympa de vous pr\u00e9senter la grande nouveaut\u00e9 du Trico&rsquo;13 avant le fameux 13 avril.\n<\/p>\n<p style=\"text-align: left;\">\n<p style=\"text-align: left;\">\n<p style=\"text-align: center;\"><strong><span style=\"color: #d82735;\">&#8230; TADAM&#8230;! Voici Trico&rsquo;13, THE site!!<\/span><\/strong><\/p>\n<p style=\"text-align: center;\"><strong><span style=\"color: #d82735;\"><br \/>\n<\/span><\/strong>\n<\/p>\n<p style=\"text-align: center;\"><a href=\"http:\/\/www.trico13.com\"><img loading=\"lazy\" class=\"size-full wp-image-1368 alignnone\" title=\"banniere\" src=\"\/\/www.emmaducher.com\/blog\/wp-content\/uploads\/2009\/03\/banniere.jpg\" alt=\"banniere\" width=\"423\" height=\"121\" srcset=\"https:\/\/www.emmaducher.com\/blog\/wp-content\/uploads\/2009\/03\/banniere.jpg 506w, https:\/\/www.emmaducher.com\/blog\/wp-content\/uploads\/2009\/03\/banniere-300x86.jpg 300w\" sizes=\"(max-width: 423px) 85vw, 423px\" \/><\/a><\/p>\n<p style=\"text-align: left;\">\n<p style=\"text-align: left;\">Le principe, c&rsquo;est qu&rsquo;il y aura une \u00ab\u00a0galerie\u00a0\u00bb chaque mois, sur le site, et aussi des infos, l&rsquo;annonce du th\u00e8me pour le T13 suivant&#8230;<\/p>\n<p style=\"text-align: left;\">Le mieux est encore d&rsquo;aller faire un petit tour l\u00e0-bas, vous d\u00e9couvrirez tout!<\/p>\n<p style=\"text-align: left;\">Pour celles qui sont inscrites (wahou d\u00e9j\u00e0 148 participantes!), vous pouvez v\u00e9rifier si vous \u00eates bien dans la liste des\u00a0 \u00ab\u00a0superstitieuses\u00a0\u00bb du site, et pour celles qui veulent s&rsquo;inscrire, pas de souci, c&rsquo;est toujours possible!<\/p>\n<p style=\"text-align: left;\">Alors bienvenue et bon tricot-dentelle pour le 13 avril!<\/p>\n","protected":false},"excerpt":{"rendered":"<p>Alors on a bien travaill\u00e9 Aur\u00e9lie et moi, enfin, surtout mon fr\u00e8re en fait&#8230;!! Et on s&rsquo;est dit que \u00e7a serait bien sympa de vous pr\u00e9senter la grande nouveaut\u00e9 du Trico&rsquo;13 avant le fameux 13 avril. &#8230; TADAM&#8230;! Voici Trico&rsquo;13, THE site!! Le principe, c&rsquo;est qu&rsquo;il y aura une \u00ab\u00a0galerie\u00a0\u00bb chaque mois, sur le site, &hellip; <a href=\"https:\/\/www.emmaducher.com\/blog\/2009\/04\/trico13com\/\" class=\"more-link\">Continuer la lecture<span class=\"screen-reader-text\"> de &laquo;&nbsp;Trico13.com !&nbsp;&raquo;<\/span><\/a><\/p>\n","protected":false},"author":1,"featured_media":0,"comment_status":"open","ping_status":"open","sticky":false,"template":"","format":"standard","meta":[],"categories":[70,81],"tags":[],"_links":{"self":[{"href":"https:\/\/www.emmaducher.com\/blog\/wp-json\/wp\/v2\/posts\/1365"}],"collection":[{"href":"https:\/\/www.emmaducher.com\/blog\/wp-json\/wp\/v2\/posts"}],"about":[{"href":"https:\/\/www.emmaducher.com\/blog\/wp-json\/wp\/v2\/types\/post"}],"author":[{"embeddable":true,"href":"https:\/\/www.emmaducher.com\/blog\/wp-json\/wp\/v2\/users\/1"}],"replies":[{"embeddable":true,"href":"https:\/\/www.emmaducher.com\/blog\/wp-json\/wp\/v2\/comments?post=1365"}],"version-history":[{"count":28,"href":"https:\/\/www.emmaducher.com\/blog\/wp-json\/wp\/v2\/posts\/1365\/revisions"}],"predecessor-version":[{"id":1535,"href":"https:\/\/www.emmaducher.com\/blog\/wp-json\/wp\/v2\/posts\/1365\/revisions\/1535"}],"wp:attachment":[{"href":"https:\/\/www.emmaducher.com\/blog\/wp-json\/wp\/v2\/media?parent=1365"}],"wp:term":[{"taxonomy":"category","embeddable":true,"href":"https:\/\/www.emmaducher.com\/blog\/wp-json\/wp\/v2\/categories?post=1365"},{"taxonomy":"post_tag","embeddable":true,"href":"https:\/\/www.emmaducher.com\/blog\/wp-json\/wp\/v2\/tags?post=1365"}],"curies":[{"name":"wp","href":"https:\/\/api.w.org\/{rel}","templated":true}]}}