 
{"id":13942,"date":"2019-04-11T20:35:31","date_gmt":"2019-04-11T19:35:31","guid":{"rendered":"https:\/\/www.emmaducher.com\/blog\/?p=13942"},"modified":"2021-03-28T21:06:14","modified_gmt":"2021-03-28T20:06:14","slug":"me-you-nous-creons-un-terrain-dentente","status":"publish","type":"post","link":"https:\/\/www.emmaducher.com\/blog\/2019\/04\/me-you-nous-creons-un-terrain-dentente\/","title":{"rendered":"Me, you, nous : cr\u00e9ons un terrain d&rsquo;entente"},"content":{"rendered":"<p>\u00ab\u00a0Me You Nous, Cr\u00e9ons un terrain d\u2019entente\u00a0\u00bb c\u2019est le th\u00e8me de la\u00a0<a href=\"https:\/\/biennale-design.com\/saint-etienne\/2019\/fr\/home\/\">Biennale Internationale du Design<\/a>, qui se tient \u00e0 Saint Etienne jusqu\u2019au 22 avril 2019. De Lyon on acc\u00e8de \u00e0 Saint Etienne en 50 mn de train. D\u00e8s l\u2019arriv\u00e9e \u00e0 la gare, on est dans le bain : c\u2019est la Biennale ! Elle nous invite\u00a0\u00e0 tisser des liens dans un monde qui vit de profondes mutations, et le ruban (fleuron st\u00e9phanois d\u2019ailleurs !) permet le lien visuel.<\/p>\n<p><img class=\"aligncenter size-large wp-image-13963\" src=\"\u00ab\u00a0Me You Nous, Cr\u00e9ons un terrain d\u2019entente\u00a0\u00bb c\u2019est le th\u00e8me de la\u00a0<a href=\"https:\/\/biennale-design.com\/saint-etienne\/2019\/fr\/home\/\"\/>Biennale Internationale du Design, qui se tient \u00e0 Saint Etienne jusqu\u2019au 22 avril 2019. De Lyon on acc\u00e8de \u00e0 Saint Etienne en 50 mn de train. D\u00e8s l\u2019arriv\u00e9e \u00e0 la gare, on est dans le bain : c\u2019est la Biennale ! Elle nous invite\u00a0\u00e0 tisser des liens dans un monde qui vit de profondes mutations, et le ruban (fleuron st\u00e9phanois d\u2019ailleurs !) permet le lien visuel.<\/p>\n<p><img loading=\"lazy\" class=\"aligncenter size-large wp-image-13963\" src=\"https:\/\/www.emmaducher.com\/blog\/wp-content\/uploads\/2019\/04\/P1210170-800x501.jpg\" sizes=\"(max-width: 709px) 85vw, (max-width: 909px) 67vw, (max-width: 984px) 61vw, (max-width: 1362px) 45vw, 600px\" srcset=\"https:\/\/www.emmaducher.com\/blog\/wp-content\/uploads\/2019\/04\/P1210170-800x501.jpg 800w, https:\/\/www.emmaducher.com\/blog\/wp-content\/uploads\/2019\/04\/P1210170-300x188.jpg 300w, https:\/\/www.emmaducher.com\/blog\/wp-content\/uploads\/2019\/04\/P1210170.jpg 1000w\" alt=\"P1210170\" width=\"800\" height=\"501\" \/><\/p>\n<p>Commen\u00e7ons par le petit d\u00e9jeuner dans les locaux de\u00a0<a href=\"https:\/\/www.saint-etienne-hors-cadre.fr\/\">Saint Etienne Hors Cadre.<\/a><br \/>\nSaint Etienne Hors Cadre c\u2019est quoi ? C\u2019est une nouvelle vision de l\u2019Office du Tourisme classique, une vision dynamique et croisant les centres d\u2019int\u00e9r\u00eats, une nouvelle fa\u00e7on de visiter le territoire st\u00e9phanois, une invitation \u00e0 sortir des sentiers battus et \u00e0 s\u2019ouvrir l\u2019esprit.<br \/>\nPour pr\u00e9parer une escapade \u00e0 Saint Etienne, je vous conseille vivement le site de\u00a0<a href=\"https:\/\/www.saint-etienne-hors-cadre.fr\/\">Saint Etienne Hors Cadre<\/a>, qui regorge de bons plans et d\u2019id\u00e9es pour d\u00e9couvrir son territoire.<\/p>\n<p><img loading=\"lazy\" class=\"aligncenter size-large wp-image-13964\" src=\"https:\/\/www.emmaducher.com\/blog\/wp-content\/uploads\/2019\/04\/P1210177-769x1024.jpg\" sizes=\"(max-width: 709px) 85vw, (max-width: 909px) 67vw, (max-width: 984px) 61vw, (max-width: 1362px) 45vw, 600px\" srcset=\"https:\/\/www.emmaducher.com\/blog\/wp-content\/uploads\/2019\/04\/P1210177-769x1024.jpg 769w, https:\/\/www.emmaducher.com\/blog\/wp-content\/uploads\/2019\/04\/P1210177-225x300.jpg 225w, https:\/\/www.emmaducher.com\/blog\/wp-content\/uploads\/2019\/04\/P1210177.jpg 1000w\" alt=\"P1210177\" width=\"769\" height=\"1024\" \/><\/p>\n<p>Comme \u00e0 chaque Biennale, je suis stup\u00e9faite par la densit\u00e9 des propositions. Plus d\u2019une centaine d\u2019expos, de concerts, de performances, de rencontres\u2026 Et le th\u00e8me cette ann\u00e9e se pr\u00eate particuli\u00e8rement \u00e0 cette multitude de terrains d\u2019entente festifs, conviviaux et accessibles \u00e0 tous.\u00a0Dans le cadre d\u2019une journ\u00e9e organis\u00e9e par\u00a0<a href=\"https:\/\/www.saint-etienne-hors-cadre.fr\/\">Saint Etienne Hors Cadre<\/a>, j\u2019ai\u00a0abord\u00e9\u00a0la Biennale avec\u00a0une visite guid\u00e9e\u00a0\u00e9clairant ind\u00e9niablement le message diffus\u00e9.<\/p>\n<p><img loading=\"lazy\" class=\"aligncenter size-large wp-image-13960\" src=\"https:\/\/www.emmaducher.com\/blog\/wp-content\/uploads\/2019\/04\/P1210318-769x1024.jpg\" sizes=\"(max-width: 709px) 85vw, (max-width: 909px) 67vw, (max-width: 984px) 61vw, (max-width: 1362px) 45vw, 600px\" srcset=\"https:\/\/www.emmaducher.com\/blog\/wp-content\/uploads\/2019\/04\/P1210318-769x1024.jpg 769w, https:\/\/www.emmaducher.com\/blog\/wp-content\/uploads\/2019\/04\/P1210318-225x300.jpg 225w, https:\/\/www.emmaducher.com\/blog\/wp-content\/uploads\/2019\/04\/P1210318.jpg 1000w\" alt=\"P1210318\" width=\"769\" height=\"1024\" \/><\/p>\n<p>Lisa White, commissaire principale de la Biennale 2019 consid\u00e8re le design comme un sport d\u2019\u00e9quipe : fini le design qui se limite \u00e0 l\u2019objet qu\u2019on expose, fini le design \u00ab\u00a0star\u00a0\u00bb. La question du design r\u00e9side d\u00e9sormais dans un th\u00e8me global : pour qui ? pour quoi ? comment ? (au-del\u00e0 de la seule pr\u00e9occupation esth\u00e9tique). Les ressources existent, les mat\u00e9riaux aussi, cessons d\u2019en extraire ou d\u2019en cr\u00e9er de nouveaux, posons-nous la question de la production en lien aux usages et aux besoin.\u00a0Et si on pensait le design comme un vecteur nous permettant de construite un avenir commun\u00a0allant\u00a0au del\u00e0 de nos diff\u00e9rences ?<\/p>\n<p><img loading=\"lazy\" class=\"aligncenter size-large wp-image-13949\" src=\"https:\/\/www.emmaducher.com\/blog\/wp-content\/uploads\/2019\/04\/P1210299-800x601.jpg\" sizes=\"(max-width: 709px) 85vw, (max-width: 909px) 67vw, (max-width: 984px) 61vw, (max-width: 1362px) 45vw, 600px\" srcset=\"https:\/\/www.emmaducher.com\/blog\/wp-content\/uploads\/2019\/04\/P1210299-800x601.jpg 800w, https:\/\/www.emmaducher.com\/blog\/wp-content\/uploads\/2019\/04\/P1210299-300x225.jpg 300w, https:\/\/www.emmaducher.com\/blog\/wp-content\/uploads\/2019\/04\/P1210299.jpg 1000w\" alt=\"P1210299\" width=\"800\" height=\"601\" \/>Entre tradition et innovation, d\u00e9couvrez sur le site de la Manufacture une quinzaine d\u2019expositions sur la th\u00e9matique du terrain d\u2019entente. J\u2019aime ces manifestations o\u00f9 chacun y trouve son compte, o\u00f9 les niveaux de lectures sont multiples, si bien que les discussions inter-g\u00e9n\u00e9rations sont riches d\u2019enseignements. J\u2019aime ces lieux o\u00f9 l\u2019on se sent partie prenante, tant par les questions qu\u2019ils suscitent que par ce sentiment d\u2019\u00eatre au bon endroit !<\/p>\n<p><img loading=\"lazy\" class=\"aligncenter size-large wp-image-13948\" src=\"https:\/\/www.emmaducher.com\/blog\/wp-content\/uploads\/2019\/04\/P1210295-800x601.jpg\" sizes=\"(max-width: 709px) 85vw, (max-width: 909px) 67vw, (max-width: 984px) 61vw, (max-width: 1362px) 45vw, 600px\" srcset=\"https:\/\/www.emmaducher.com\/blog\/wp-content\/uploads\/2019\/04\/P1210295-800x601.jpg 800w, https:\/\/www.emmaducher.com\/blog\/wp-content\/uploads\/2019\/04\/P1210295-300x225.jpg 300w, https:\/\/www.emmaducher.com\/blog\/wp-content\/uploads\/2019\/04\/P1210295.jpg 1000w\" alt=\"P1210295\" width=\"800\" height=\"601\" \/><img loading=\"lazy\" class=\"aligncenter size-large wp-image-13951\" src=\"https:\/\/www.emmaducher.com\/blog\/wp-content\/uploads\/2019\/04\/P1210301-800x601.jpg\" sizes=\"(max-width: 709px) 85vw, (max-width: 909px) 67vw, (max-width: 984px) 61vw, (max-width: 1362px) 45vw, 600px\" srcset=\"https:\/\/www.emmaducher.com\/blog\/wp-content\/uploads\/2019\/04\/P1210301-800x601.jpg 800w, https:\/\/www.emmaducher.com\/blog\/wp-content\/uploads\/2019\/04\/P1210301-300x225.jpg 300w, https:\/\/www.emmaducher.com\/blog\/wp-content\/uploads\/2019\/04\/P1210301.jpg 1000w\" alt=\"P1210301\" width=\"800\" height=\"601\" \/><img loading=\"lazy\" class=\"aligncenter size-large wp-image-13950\" src=\"https:\/\/www.emmaducher.com\/blog\/wp-content\/uploads\/2019\/04\/P1210300-800x577.jpg\" sizes=\"(max-width: 709px) 85vw, (max-width: 909px) 67vw, (max-width: 984px) 61vw, (max-width: 1362px) 45vw, 600px\" srcset=\"https:\/\/www.emmaducher.com\/blog\/wp-content\/uploads\/2019\/04\/P1210300-800x577.jpg 800w, https:\/\/www.emmaducher.com\/blog\/wp-content\/uploads\/2019\/04\/P1210300-300x216.jpg 300w, https:\/\/www.emmaducher.com\/blog\/wp-content\/uploads\/2019\/04\/P1210300.jpg 922w\" alt=\"P1210300\" width=\"800\" height=\"577\" \/><img loading=\"lazy\" class=\"aligncenter size-large wp-image-13952\" src=\"https:\/\/www.emmaducher.com\/blog\/wp-content\/uploads\/2019\/04\/P1210302-762x1024.jpg\" sizes=\"(max-width: 709px) 85vw, (max-width: 909px) 67vw, (max-width: 984px) 61vw, (max-width: 1362px) 45vw, 600px\" srcset=\"https:\/\/www.emmaducher.com\/blog\/wp-content\/uploads\/2019\/04\/P1210302-762x1024.jpg 762w, https:\/\/www.emmaducher.com\/blog\/wp-content\/uploads\/2019\/04\/P1210302-223x300.jpg 223w, https:\/\/www.emmaducher.com\/blog\/wp-content\/uploads\/2019\/04\/P1210302.jpg 911w\" alt=\"P1210302\" width=\"762\" height=\"1024\" \/><img loading=\"lazy\" class=\"aligncenter size-large wp-image-13953\" src=\"https:\/\/www.emmaducher.com\/blog\/wp-content\/uploads\/2019\/04\/P1210305-761x1024.jpg\" sizes=\"(max-width: 709px) 85vw, (max-width: 909px) 67vw, (max-width: 984px) 61vw, (max-width: 1362px) 45vw, 600px\" srcset=\"https:\/\/www.emmaducher.com\/blog\/wp-content\/uploads\/2019\/04\/P1210305-761x1024.jpg 761w, https:\/\/www.emmaducher.com\/blog\/wp-content\/uploads\/2019\/04\/P1210305-223x300.jpg 223w, https:\/\/www.emmaducher.com\/blog\/wp-content\/uploads\/2019\/04\/P1210305.jpg 1000w\" alt=\"P1210305\" width=\"761\" height=\"1024\" \/><img loading=\"lazy\" class=\"aligncenter size-large wp-image-13954\" src=\"https:\/\/www.emmaducher.com\/blog\/wp-content\/uploads\/2019\/04\/P1210307-800x601.jpg\" sizes=\"(max-width: 709px) 85vw, (max-width: 909px) 67vw, (max-width: 984px) 61vw, (max-width: 1362px) 45vw, 600px\" srcset=\"https:\/\/www.emmaducher.com\/blog\/wp-content\/uploads\/2019\/04\/P1210307-800x601.jpg 800w, https:\/\/www.emmaducher.com\/blog\/wp-content\/uploads\/2019\/04\/P1210307-300x225.jpg 300w, https:\/\/www.emmaducher.com\/blog\/wp-content\/uploads\/2019\/04\/P1210307.jpg 1000w\" alt=\"P1210307\" width=\"800\" height=\"601\" \/><img loading=\"lazy\" class=\"aligncenter size-large wp-image-13955\" src=\"https:\/\/www.emmaducher.com\/blog\/wp-content\/uploads\/2019\/04\/P1210309-800x618.jpg\" sizes=\"(max-width: 709px) 85vw, (max-width: 909px) 67vw, (max-width: 984px) 61vw, (max-width: 1362px) 45vw, 600px\" srcset=\"https:\/\/www.emmaducher.com\/blog\/wp-content\/uploads\/2019\/04\/P1210309-800x618.jpg 800w, https:\/\/www.emmaducher.com\/blog\/wp-content\/uploads\/2019\/04\/P1210309-300x232.jpg 300w, https:\/\/www.emmaducher.com\/blog\/wp-content\/uploads\/2019\/04\/P1210309.jpg 902w\" alt=\"P1210309\" width=\"800\" height=\"618\" \/><\/p>\n<p>Au coeur de la Manufacture on peut profiter d\u2019une pause au caf\u00e9 Le Point de Croix, esprit r\u00e9cup, recyclage et r\u00e9emploi, forc\u00e9ment, \u00e7a va dans le th\u00e8me !<\/p>\n<p><img loading=\"lazy\" class=\"aligncenter size-large wp-image-13956\" src=\"https:\/\/www.emmaducher.com\/blog\/wp-content\/uploads\/2019\/04\/P1210311-800x605.jpg\" sizes=\"(max-width: 709px) 85vw, (max-width: 909px) 67vw, (max-width: 984px) 61vw, (max-width: 1362px) 45vw, 600px\" srcset=\"https:\/\/www.emmaducher.com\/blog\/wp-content\/uploads\/2019\/04\/P1210311-800x605.jpg 800w, https:\/\/www.emmaducher.com\/blog\/wp-content\/uploads\/2019\/04\/P1210311-300x227.jpg 300w, https:\/\/www.emmaducher.com\/blog\/wp-content\/uploads\/2019\/04\/P1210311.jpg 1000w\" alt=\"P1210311\" width=\"800\" height=\"605\" \/><img loading=\"lazy\" class=\"aligncenter size-large wp-image-13957\" src=\"https:\/\/www.emmaducher.com\/blog\/wp-content\/uploads\/2019\/04\/P1210313-800x601.jpg\" sizes=\"(max-width: 709px) 85vw, (max-width: 909px) 67vw, (max-width: 984px) 61vw, (max-width: 1362px) 45vw, 600px\" srcset=\"https:\/\/www.emmaducher.com\/blog\/wp-content\/uploads\/2019\/04\/P1210313-800x601.jpg 800w, https:\/\/www.emmaducher.com\/blog\/wp-content\/uploads\/2019\/04\/P1210313-300x225.jpg 300w, https:\/\/www.emmaducher.com\/blog\/wp-content\/uploads\/2019\/04\/P1210313.jpg 1000w\" alt=\"P1210313\" width=\"800\" height=\"601\" \/><img loading=\"lazy\" class=\"aligncenter size-large wp-image-13958\" src=\"https:\/\/www.emmaducher.com\/blog\/wp-content\/uploads\/2019\/04\/P1210314-800x630.jpg\" sizes=\"(max-width: 709px) 85vw, (max-width: 909px) 67vw, (max-width: 984px) 61vw, (max-width: 1362px) 45vw, 600px\" srcset=\"https:\/\/www.emmaducher.com\/blog\/wp-content\/uploads\/2019\/04\/P1210314-800x630.jpg 800w, https:\/\/www.emmaducher.com\/blog\/wp-content\/uploads\/2019\/04\/P1210314-300x236.jpg 300w, https:\/\/www.emmaducher.com\/blog\/wp-content\/uploads\/2019\/04\/P1210314.jpg 860w\" alt=\"P1210314\" width=\"800\" height=\"630\" \/><img loading=\"lazy\" class=\"aligncenter size-large wp-image-13959\" src=\"https:\/\/www.emmaducher.com\/blog\/wp-content\/uploads\/2019\/04\/P1210317-800x653.jpg\" sizes=\"(max-width: 709px) 85vw, (max-width: 909px) 67vw, (max-width: 984px) 61vw, (max-width: 1362px) 45vw, 600px\" srcset=\"https:\/\/www.emmaducher.com\/blog\/wp-content\/uploads\/2019\/04\/P1210317-800x653.jpg 800w, https:\/\/www.emmaducher.com\/blog\/wp-content\/uploads\/2019\/04\/P1210317-300x245.jpg 300w, https:\/\/www.emmaducher.com\/blog\/wp-content\/uploads\/2019\/04\/P1210317-1200x980.jpg 1200w\" alt=\"P1210317\" width=\"800\" height=\"653\" \/><\/p>\n<p>Si vous allez d\u00e9couvrir Saint Etienne en semaine, vous pouvez aller d\u00e9jeuner \u00e0\u00a0<a href=\"https:\/\/lafabuleusecantine.fr\/\">la Fabuleuse Cantine<\/a>, un lieu atypique de restauration et de convivialit\u00e9 au sein du site de la Manufacture. La cuisine \u00e9labor\u00e9e par le chef Boris Fontimpe est tr\u00e8s cr\u00e9ative et\u00a0 issue de la lutte contre le gaspillage alimentaire :<\/p>\n<p><img loading=\"lazy\" class=\"aligncenter size-large wp-image-13947\" src=\"https:\/\/www.emmaducher.com\/blog\/wp-content\/uploads\/2019\/04\/P1210288-800x471.jpg\" sizes=\"(max-width: 709px) 85vw, (max-width: 909px) 67vw, (max-width: 984px) 61vw, (max-width: 1362px) 45vw, 600px\" srcset=\"https:\/\/www.emmaducher.com\/blog\/wp-content\/uploads\/2019\/04\/P1210288-800x471.jpg 800w, https:\/\/www.emmaducher.com\/blog\/wp-content\/uploads\/2019\/04\/P1210288-300x177.jpg 300w, https:\/\/www.emmaducher.com\/blog\/wp-content\/uploads\/2019\/04\/P1210288.jpg 1000w\" alt=\"P1210288\" width=\"800\" height=\"471\" \/>Ce billet est loin d\u2019\u00eatre exhaustif, aussi je vous invite \u00e0 aller consulter le\u00a0<a href=\"https:\/\/biennale-design.com\/saint-etienne\/2019\/fr\/votre-visite\/\">programme de la Biennale<\/a>\u00a0et \u00e0 vous concocter un programme de visites selon vos envies ! Mais ne tardez pas, il reste quelques jours avant la fin de cette \u00e9dition.<\/p>\n<p>En r\u00e9alit\u00e9, si je n\u2019ai pas pu tout voir de la Biennale sur le site de la Manufacture, c\u2019est parce qu\u2019on en profitait pour visiter aussi\u00a0<a href=\"https:\/\/sitelecorbusier.com\/\">le site Le Corbusier<\/a>\u00a0\u2026 objet d\u2019un prochain article !<\/p>\n<p>Un grand merci \u00e0\u00a0<a href=\"https:\/\/www.saint-etienne-hors-cadre.fr\/\">Saint Etienne Hors Cadre<\/a>\u00a0pour l\u2019organisation de cette journ\u00e9e incroyable !https:\/\/www.emmaducher.com\/blog\/wp-content\/uploads\/2019\/04\/P1210170-800&#215;501.jpg\u00a0\u00bb sizes=\u00a0\u00bb(max-width: 709px) 85vw, (max-width: 909px) 67vw, (max-width: 984px) 61vw, (max-width: 1362px) 45vw, 600px\u00a0\u00bb srcset=\u00a0\u00bbhttps:\/\/www.emmaducher.com\/blog\/wp-content\/uploads\/2019\/04\/P1210170-800&#215;501.jpg 800w, https:\/\/www.emmaducher.com\/blog\/wp-content\/uploads\/2019\/04\/P1210170-300&#215;188.jpg 300w, https:\/\/www.emmaducher.com\/blog\/wp-content\/uploads\/2019\/04\/P1210170.jpg 1000w\u00a0\u00bb alt=\u00a0\u00bbP1210170&Prime; width=\u00a0\u00bb800&Prime; height=\u00a0\u00bb501&Prime; \/><\/p>\n<p>Commen\u00e7ons par le petit d\u00e9jeuner dans les locaux de\u00a0<a href=\"https:\/\/www.saint-etienne-hors-cadre.fr\/\">Saint Etienne Hors Cadre.<\/a><br \/>\nSaint Etienne Hors Cadre c\u2019est quoi ? C\u2019est une nouvelle vision de l\u2019Office du Tourisme classique, une vision dynamique et croisant les centres d\u2019int\u00e9r\u00eats, une nouvelle fa\u00e7on de visiter le territoire st\u00e9phanois, une invitation \u00e0 sortir des sentiers battus et \u00e0 s\u2019ouvrir l\u2019esprit.<br \/>\nPour pr\u00e9parer une escapade \u00e0 Saint Etienne, je vous conseille vivement le site de\u00a0<a href=\"https:\/\/www.saint-etienne-hors-cadre.fr\/\">Saint Etienne Hors Cadre<\/a>, qui regorge de bons plans et d\u2019id\u00e9es pour d\u00e9couvrir son territoire.<\/p>\n<p><img loading=\"lazy\" class=\"aligncenter size-large wp-image-13964\" src=\"https:\/\/www.emmaducher.com\/blog\/wp-content\/uploads\/2019\/04\/P1210177-769x1024.jpg\" sizes=\"(max-width: 709px) 85vw, (max-width: 909px) 67vw, (max-width: 984px) 61vw, (max-width: 1362px) 45vw, 600px\" srcset=\"https:\/\/www.emmaducher.com\/blog\/wp-content\/uploads\/2019\/04\/P1210177-769x1024.jpg 769w, https:\/\/www.emmaducher.com\/blog\/wp-content\/uploads\/2019\/04\/P1210177-225x300.jpg 225w, https:\/\/www.emmaducher.com\/blog\/wp-content\/uploads\/2019\/04\/P1210177.jpg 1000w\" alt=\"P1210177\" width=\"769\" height=\"1024\" \/><\/p>\n<p>Comme \u00e0 chaque Biennale, je suis stup\u00e9faite par la densit\u00e9 des propositions. Plus d\u2019une centaine d\u2019expos, de concerts, de performances, de rencontres\u2026 Et le th\u00e8me cette ann\u00e9e se pr\u00eate particuli\u00e8rement \u00e0 cette multitude de terrains d\u2019entente festifs, conviviaux et accessibles \u00e0 tous.\u00a0Dans le cadre d\u2019une journ\u00e9e organis\u00e9e par\u00a0<a href=\"https:\/\/www.saint-etienne-hors-cadre.fr\/\">Saint Etienne Hors Cadre<\/a>, j\u2019ai\u00a0abord\u00e9\u00a0la Biennale avec\u00a0une visite guid\u00e9e\u00a0\u00e9clairant ind\u00e9niablement le message diffus\u00e9.<\/p>\n<p><img loading=\"lazy\" class=\"aligncenter size-large wp-image-13960\" src=\"https:\/\/www.emmaducher.com\/blog\/wp-content\/uploads\/2019\/04\/P1210318-769x1024.jpg\" sizes=\"(max-width: 709px) 85vw, (max-width: 909px) 67vw, (max-width: 984px) 61vw, (max-width: 1362px) 45vw, 600px\" srcset=\"https:\/\/www.emmaducher.com\/blog\/wp-content\/uploads\/2019\/04\/P1210318-769x1024.jpg 769w, https:\/\/www.emmaducher.com\/blog\/wp-content\/uploads\/2019\/04\/P1210318-225x300.jpg 225w, https:\/\/www.emmaducher.com\/blog\/wp-content\/uploads\/2019\/04\/P1210318.jpg 1000w\" alt=\"P1210318\" width=\"769\" height=\"1024\" \/><\/p>\n<p>Lisa White, commissaire principale de la Biennale 2019 consid\u00e8re le design comme un sport d\u2019\u00e9quipe : fini le design qui se limite \u00e0 l\u2019objet qu\u2019on expose, fini le design \u00ab\u00a0star\u00a0\u00bb. La question du design r\u00e9side d\u00e9sormais dans un th\u00e8me global : pour qui ? pour quoi ? comment ? (au-del\u00e0 de la seule pr\u00e9occupation esth\u00e9tique). Les ressources existent, les mat\u00e9riaux aussi, cessons d\u2019en extraire ou d\u2019en cr\u00e9er de nouveaux, posons-nous la question de la production en lien aux usages et aux besoin.\u00a0Et si on pensait le design comme un vecteur nous permettant de construite un avenir commun\u00a0allant\u00a0au del\u00e0 de nos diff\u00e9rences ?<\/p>\n<p><img loading=\"lazy\" class=\"aligncenter size-large wp-image-13949\" src=\"https:\/\/www.emmaducher.com\/blog\/wp-content\/uploads\/2019\/04\/P1210299-800x601.jpg\" sizes=\"(max-width: 709px) 85vw, (max-width: 909px) 67vw, (max-width: 984px) 61vw, (max-width: 1362px) 45vw, 600px\" srcset=\"https:\/\/www.emmaducher.com\/blog\/wp-content\/uploads\/2019\/04\/P1210299-800x601.jpg 800w, https:\/\/www.emmaducher.com\/blog\/wp-content\/uploads\/2019\/04\/P1210299-300x225.jpg 300w, https:\/\/www.emmaducher.com\/blog\/wp-content\/uploads\/2019\/04\/P1210299.jpg 1000w\" alt=\"P1210299\" width=\"800\" height=\"601\" \/>Entre tradition et innovation, d\u00e9couvrez sur le site de la Manufacture une quinzaine d\u2019expositions sur la th\u00e9matique du terrain d\u2019entente. J\u2019aime ces manifestations o\u00f9 chacun y trouve son compte, o\u00f9 les niveaux de lectures sont multiples, si bien que les discussions inter-g\u00e9n\u00e9rations sont riches d\u2019enseignements. J\u2019aime ces lieux o\u00f9 l\u2019on se sent partie prenante, tant par les questions qu\u2019ils suscitent que par ce sentiment d\u2019\u00eatre au bon endroit !<\/p>\n<p><img loading=\"lazy\" class=\"aligncenter size-large wp-image-13948\" src=\"https:\/\/www.emmaducher.com\/blog\/wp-content\/uploads\/2019\/04\/P1210295-800x601.jpg\" sizes=\"(max-width: 709px) 85vw, (max-width: 909px) 67vw, (max-width: 984px) 61vw, (max-width: 1362px) 45vw, 600px\" srcset=\"https:\/\/www.emmaducher.com\/blog\/wp-content\/uploads\/2019\/04\/P1210295-800x601.jpg 800w, https:\/\/www.emmaducher.com\/blog\/wp-content\/uploads\/2019\/04\/P1210295-300x225.jpg 300w, https:\/\/www.emmaducher.com\/blog\/wp-content\/uploads\/2019\/04\/P1210295.jpg 1000w\" alt=\"P1210295\" width=\"800\" height=\"601\" \/><img loading=\"lazy\" class=\"aligncenter size-large wp-image-13951\" src=\"https:\/\/www.emmaducher.com\/blog\/wp-content\/uploads\/2019\/04\/P1210301-800x601.jpg\" sizes=\"(max-width: 709px) 85vw, (max-width: 909px) 67vw, (max-width: 984px) 61vw, (max-width: 1362px) 45vw, 600px\" srcset=\"https:\/\/www.emmaducher.com\/blog\/wp-content\/uploads\/2019\/04\/P1210301-800x601.jpg 800w, https:\/\/www.emmaducher.com\/blog\/wp-content\/uploads\/2019\/04\/P1210301-300x225.jpg 300w, https:\/\/www.emmaducher.com\/blog\/wp-content\/uploads\/2019\/04\/P1210301.jpg 1000w\" alt=\"P1210301\" width=\"800\" height=\"601\" \/><img loading=\"lazy\" class=\"aligncenter size-large wp-image-13950\" src=\"https:\/\/www.emmaducher.com\/blog\/wp-content\/uploads\/2019\/04\/P1210300-800x577.jpg\" sizes=\"(max-width: 709px) 85vw, (max-width: 909px) 67vw, (max-width: 984px) 61vw, (max-width: 1362px) 45vw, 600px\" srcset=\"https:\/\/www.emmaducher.com\/blog\/wp-content\/uploads\/2019\/04\/P1210300-800x577.jpg 800w, https:\/\/www.emmaducher.com\/blog\/wp-content\/uploads\/2019\/04\/P1210300-300x216.jpg 300w, https:\/\/www.emmaducher.com\/blog\/wp-content\/uploads\/2019\/04\/P1210300.jpg 922w\" alt=\"P1210300\" width=\"800\" height=\"577\" \/><img loading=\"lazy\" class=\"aligncenter size-large wp-image-13952\" src=\"https:\/\/www.emmaducher.com\/blog\/wp-content\/uploads\/2019\/04\/P1210302-762x1024.jpg\" sizes=\"(max-width: 709px) 85vw, (max-width: 909px) 67vw, (max-width: 984px) 61vw, (max-width: 1362px) 45vw, 600px\" srcset=\"https:\/\/www.emmaducher.com\/blog\/wp-content\/uploads\/2019\/04\/P1210302-762x1024.jpg 762w, https:\/\/www.emmaducher.com\/blog\/wp-content\/uploads\/2019\/04\/P1210302-223x300.jpg 223w, https:\/\/www.emmaducher.com\/blog\/wp-content\/uploads\/2019\/04\/P1210302.jpg 911w\" alt=\"P1210302\" width=\"762\" height=\"1024\" \/><img loading=\"lazy\" class=\"aligncenter size-large wp-image-13953\" src=\"https:\/\/www.emmaducher.com\/blog\/wp-content\/uploads\/2019\/04\/P1210305-761x1024.jpg\" sizes=\"(max-width: 709px) 85vw, (max-width: 909px) 67vw, (max-width: 984px) 61vw, (max-width: 1362px) 45vw, 600px\" srcset=\"https:\/\/www.emmaducher.com\/blog\/wp-content\/uploads\/2019\/04\/P1210305-761x1024.jpg 761w, https:\/\/www.emmaducher.com\/blog\/wp-content\/uploads\/2019\/04\/P1210305-223x300.jpg 223w, https:\/\/www.emmaducher.com\/blog\/wp-content\/uploads\/2019\/04\/P1210305.jpg 1000w\" alt=\"P1210305\" width=\"761\" height=\"1024\" \/><img loading=\"lazy\" class=\"aligncenter size-large wp-image-13954\" src=\"https:\/\/www.emmaducher.com\/blog\/wp-content\/uploads\/2019\/04\/P1210307-800x601.jpg\" sizes=\"(max-width: 709px) 85vw, (max-width: 909px) 67vw, (max-width: 984px) 61vw, (max-width: 1362px) 45vw, 600px\" srcset=\"https:\/\/www.emmaducher.com\/blog\/wp-content\/uploads\/2019\/04\/P1210307-800x601.jpg 800w, https:\/\/www.emmaducher.com\/blog\/wp-content\/uploads\/2019\/04\/P1210307-300x225.jpg 300w, https:\/\/www.emmaducher.com\/blog\/wp-content\/uploads\/2019\/04\/P1210307.jpg 1000w\" alt=\"P1210307\" width=\"800\" height=\"601\" \/><img loading=\"lazy\" class=\"aligncenter size-large wp-image-13955\" src=\"https:\/\/www.emmaducher.com\/blog\/wp-content\/uploads\/2019\/04\/P1210309-800x618.jpg\" sizes=\"(max-width: 709px) 85vw, (max-width: 909px) 67vw, (max-width: 984px) 61vw, (max-width: 1362px) 45vw, 600px\" srcset=\"https:\/\/www.emmaducher.com\/blog\/wp-content\/uploads\/2019\/04\/P1210309-800x618.jpg 800w, https:\/\/www.emmaducher.com\/blog\/wp-content\/uploads\/2019\/04\/P1210309-300x232.jpg 300w, https:\/\/www.emmaducher.com\/blog\/wp-content\/uploads\/2019\/04\/P1210309.jpg 902w\" alt=\"P1210309\" width=\"800\" height=\"618\" \/><\/p>\n<p>Au coeur de la Manufacture on peut profiter d\u2019une pause au caf\u00e9 Le Point de Croix, esprit r\u00e9cup, recyclage et r\u00e9emploi, forc\u00e9ment, \u00e7a va dans le th\u00e8me !<\/p>\n<p><img loading=\"lazy\" class=\"aligncenter size-large wp-image-13956\" src=\"https:\/\/www.emmaducher.com\/blog\/wp-content\/uploads\/2019\/04\/P1210311-800x605.jpg\" sizes=\"(max-width: 709px) 85vw, (max-width: 909px) 67vw, (max-width: 984px) 61vw, (max-width: 1362px) 45vw, 600px\" srcset=\"https:\/\/www.emmaducher.com\/blog\/wp-content\/uploads\/2019\/04\/P1210311-800x605.jpg 800w, https:\/\/www.emmaducher.com\/blog\/wp-content\/uploads\/2019\/04\/P1210311-300x227.jpg 300w, https:\/\/www.emmaducher.com\/blog\/wp-content\/uploads\/2019\/04\/P1210311.jpg 1000w\" alt=\"P1210311\" width=\"800\" height=\"605\" \/><img loading=\"lazy\" class=\"aligncenter size-large wp-image-13957\" src=\"https:\/\/www.emmaducher.com\/blog\/wp-content\/uploads\/2019\/04\/P1210313-800x601.jpg\" sizes=\"(max-width: 709px) 85vw, (max-width: 909px) 67vw, (max-width: 984px) 61vw, (max-width: 1362px) 45vw, 600px\" srcset=\"https:\/\/www.emmaducher.com\/blog\/wp-content\/uploads\/2019\/04\/P1210313-800x601.jpg 800w, https:\/\/www.emmaducher.com\/blog\/wp-content\/uploads\/2019\/04\/P1210313-300x225.jpg 300w, https:\/\/www.emmaducher.com\/blog\/wp-content\/uploads\/2019\/04\/P1210313.jpg 1000w\" alt=\"P1210313\" width=\"800\" height=\"601\" \/><img loading=\"lazy\" class=\"aligncenter size-large wp-image-13958\" src=\"https:\/\/www.emmaducher.com\/blog\/wp-content\/uploads\/2019\/04\/P1210314-800x630.jpg\" sizes=\"(max-width: 709px) 85vw, (max-width: 909px) 67vw, (max-width: 984px) 61vw, (max-width: 1362px) 45vw, 600px\" srcset=\"https:\/\/www.emmaducher.com\/blog\/wp-content\/uploads\/2019\/04\/P1210314-800x630.jpg 800w, https:\/\/www.emmaducher.com\/blog\/wp-content\/uploads\/2019\/04\/P1210314-300x236.jpg 300w, https:\/\/www.emmaducher.com\/blog\/wp-content\/uploads\/2019\/04\/P1210314.jpg 860w\" alt=\"P1210314\" width=\"800\" height=\"630\" \/><img loading=\"lazy\" class=\"aligncenter size-large wp-image-13959\" src=\"https:\/\/www.emmaducher.com\/blog\/wp-content\/uploads\/2019\/04\/P1210317-800x653.jpg\" sizes=\"(max-width: 709px) 85vw, (max-width: 909px) 67vw, (max-width: 984px) 61vw, (max-width: 1362px) 45vw, 600px\" srcset=\"https:\/\/www.emmaducher.com\/blog\/wp-content\/uploads\/2019\/04\/P1210317-800x653.jpg 800w, https:\/\/www.emmaducher.com\/blog\/wp-content\/uploads\/2019\/04\/P1210317-300x245.jpg 300w, https:\/\/www.emmaducher.com\/blog\/wp-content\/uploads\/2019\/04\/P1210317-1200x980.jpg 1200w\" alt=\"P1210317\" width=\"800\" height=\"653\" \/><\/p>\n<p>Si vous allez d\u00e9couvrir Saint Etienne en semaine, vous pouvez aller d\u00e9jeuner \u00e0\u00a0<a href=\"https:\/\/lafabuleusecantine.fr\/\">la Fabuleuse Cantine<\/a>, un lieu atypique de restauration et de convivialit\u00e9 au sein du site de la Manufacture. La cuisine \u00e9labor\u00e9e par le chef Boris Fontimpe est tr\u00e8s cr\u00e9ative et\u00a0 issue de la lutte contre le gaspillage alimentaire :<\/p>\n<p><img loading=\"lazy\" class=\"aligncenter size-large wp-image-13947\" src=\"https:\/\/www.emmaducher.com\/blog\/wp-content\/uploads\/2019\/04\/P1210288-800x471.jpg\" sizes=\"(max-width: 709px) 85vw, (max-width: 909px) 67vw, (max-width: 984px) 61vw, (max-width: 1362px) 45vw, 600px\" srcset=\"https:\/\/www.emmaducher.com\/blog\/wp-content\/uploads\/2019\/04\/P1210288-800x471.jpg 800w, https:\/\/www.emmaducher.com\/blog\/wp-content\/uploads\/2019\/04\/P1210288-300x177.jpg 300w, https:\/\/www.emmaducher.com\/blog\/wp-content\/uploads\/2019\/04\/P1210288.jpg 1000w\" alt=\"P1210288\" width=\"800\" height=\"471\" \/>Ce billet est loin d\u2019\u00eatre exhaustif, aussi je vous invite \u00e0 aller consulter le\u00a0<a href=\"https:\/\/biennale-design.com\/saint-etienne\/2019\/fr\/votre-visite\/\">programme de la Biennale<\/a>\u00a0et \u00e0 vous concocter un programme de visites selon vos envies ! Mais ne tardez pas, il reste quelques jours avant la fin de cette \u00e9dition.<\/p>\n<p>En r\u00e9alit\u00e9, si je n\u2019ai pas pu tout voir de la Biennale sur le site de la Manufacture, c\u2019est parce qu\u2019on en profitait pour visiter aussi\u00a0<a href=\"https:\/\/sitelecorbusier.com\/\">le site Le Corbusier<\/a>\u00a0\u2026 objet d\u2019un prochain article !<\/p>\n<p>Un grand merci \u00e0\u00a0<a href=\"https:\/\/www.saint-etienne-hors-cadre.fr\/\">Saint Etienne Hors Cadre<\/a>\u00a0pour l\u2019organisation de cette journ\u00e9e incroyable !<\/p>\n","protected":false},"excerpt":{"rendered":"<p>\u00ab\u00a0Me You Nous, Cr\u00e9ons un terrain d\u2019entente\u00a0\u00bb c\u2019est le th\u00e8me de la\u00a0Biennale Internationale du Design, qui se tient \u00e0 Saint Etienne jusqu\u2019au 22 avril 2019. De Lyon on acc\u00e8de \u00e0 Saint Etienne en 50 mn de train. D\u00e8s l\u2019arriv\u00e9e \u00e0 la gare, on est dans le bain : c\u2019est la Biennale ! Elle nous invite\u00a0\u00e0 &hellip; <a href=\"https:\/\/www.emmaducher.com\/blog\/2019\/04\/me-you-nous-creons-un-terrain-dentente\/\" class=\"more-link\">Continuer la lecture<span class=\"screen-reader-text\"> de &laquo;&nbsp;Me, you, nous : cr\u00e9ons un terrain d&rsquo;entente&nbsp;&raquo;<\/span><\/a><\/p>\n","protected":false},"author":1,"featured_media":0,"comment_status":"open","ping_status":"open","sticky":false,"template":"","format":"standard","meta":[],"categories":[1],"tags":[],"_links":{"self":[{"href":"https:\/\/www.emmaducher.com\/blog\/wp-json\/wp\/v2\/posts\/13942"}],"collection":[{"href":"https:\/\/www.emmaducher.com\/blog\/wp-json\/wp\/v2\/posts"}],"about":[{"href":"https:\/\/www.emmaducher.com\/blog\/wp-json\/wp\/v2\/types\/post"}],"author":[{"embeddable":true,"href":"https:\/\/www.emmaducher.com\/blog\/wp-json\/wp\/v2\/users\/1"}],"replies":[{"embeddable":true,"href":"https:\/\/www.emmaducher.com\/blog\/wp-json\/wp\/v2\/comments?post=13942"}],"version-history":[{"count":5,"href":"https:\/\/www.emmaducher.com\/blog\/wp-json\/wp\/v2\/posts\/13942\/revisions"}],"predecessor-version":[{"id":13974,"href":"https:\/\/www.emmaducher.com\/blog\/wp-json\/wp\/v2\/posts\/13942\/revisions\/13974"}],"wp:attachment":[{"href":"https:\/\/www.emmaducher.com\/blog\/wp-json\/wp\/v2\/media?parent=13942"}],"wp:term":[{"taxonomy":"category","embeddable":true,"href":"https:\/\/www.emmaducher.com\/blog\/wp-json\/wp\/v2\/categories?post=13942"},{"taxonomy":"post_tag","embeddable":true,"href":"https:\/\/www.emmaducher.com\/blog\/wp-json\/wp\/v2\/tags?post=13942"}],"curies":[{"name":"wp","href":"https:\/\/api.w.org\/{rel}","templated":true}]}}