 
{"id":13947,"date":"2019-04-11T20:42:59","date_gmt":"2019-04-11T19:42:59","guid":{"rendered":"https:\/\/www.emmaducher.com\/blog\/?p=13947"},"modified":"2021-03-28T21:08:35","modified_gmt":"2021-03-28T20:08:35","slug":"le-site-le-corbusier-a-firminy","status":"publish","type":"post","link":"https:\/\/www.emmaducher.com\/blog\/2019\/04\/le-site-le-corbusier-a-firminy\/","title":{"rendered":"Le site le Corbusier \u00e0 Firminy"},"content":{"rendered":"<p>Lors de cette journ\u00e9e organis\u00e9e par\u00a0<a href=\"https:\/\/www.saint-etienne-hors-cadre.fr\/\">Saint Etienne Hors Cadre<\/a>, j\u2019ai eu la chance de d\u00e9couvrir le site Le Corbusier : on trouve \u00e0 Firminy le plus grand ensemble architectural construit dans les ann\u00e9es 60 en Europe.<br \/>\nLe site comprend la Maison de la Culture (seul b\u00e2timent r\u00e9alis\u00e9 du vivant de l\u2019architecte \u00e0 Firminy, class\u00e9e Unesco depuis 2016), le stade et la piscine (dont l\u2019emplacement est d\u00e9fini par Le Corbusier en 1958 mais c\u2019est Andr\u00e9 Wogenscky qui la con\u00e7oit), l\u2019Unit\u00e9 d\u2019habitation avec son \u00e9cole maternelle et\u00a0 son toit-terrasse, et l\u2019\u00e9glise Saint Pierre \u00e0 la lumi\u00e8re incroyable.<\/p>\n<p><em><strong>La Maison de la Culture<\/strong><\/em>\u00a0est le premier b\u00e2timent construit par l\u2019architecte, entre 1961 et 1965, dans le nouveau quartier de Firminy-Vert. Toujours en activit\u00e9, cet \u00e9difice rassemble un vaste mobilier design des ann\u00e9es 60.<\/p>\n<p><img loading=\"lazy\" class=\"aligncenter size-large wp-image-13995\" src=\"https:\/\/www.emmaducher.com\/blog\/wp-content\/uploads\/2019\/04\/P1210180-1-800x526.jpg\" sizes=\"(max-width: 709px) 85vw, (max-width: 909px) 67vw, (max-width: 984px) 61vw, (max-width: 1362px) 45vw, 600px\" srcset=\"https:\/\/www.emmaducher.com\/blog\/wp-content\/uploads\/2019\/04\/P1210180-1-800x526.jpg 800w, https:\/\/www.emmaducher.com\/blog\/wp-content\/uploads\/2019\/04\/P1210180-1-300x197.jpg 300w, https:\/\/www.emmaducher.com\/blog\/wp-content\/uploads\/2019\/04\/P1210180-1.jpg 1000w\" alt=\"P1210180\" width=\"800\" height=\"526\" \/><img loading=\"lazy\" class=\"aligncenter size-large wp-image-13996\" src=\"https:\/\/www.emmaducher.com\/blog\/wp-content\/uploads\/2019\/04\/P1210181-800x556.jpg\" sizes=\"(max-width: 709px) 85vw, (max-width: 909px) 67vw, (max-width: 984px) 61vw, (max-width: 1362px) 45vw, 600px\" srcset=\"https:\/\/www.emmaducher.com\/blog\/wp-content\/uploads\/2019\/04\/P1210181-800x556.jpg 800w, https:\/\/www.emmaducher.com\/blog\/wp-content\/uploads\/2019\/04\/P1210181-300x209.jpg 300w, https:\/\/www.emmaducher.com\/blog\/wp-content\/uploads\/2019\/04\/P1210181.jpg 1000w\" alt=\"P1210181\" width=\"800\" height=\"556\" \/><\/p>\n<p><em><strong>L\u2019\u00e9glise Saint Pierre<\/strong><\/em>\u00a0a v\u00e9cu des rebondissements lors de sa construction et ce n\u2019est qu\u2019en 2006 qu\u2019elle est totalement achev\u00e9e, dans le respect du projet de Le Cobusier. La fa\u00e7ade Est est perfor\u00e9e de la constellation d\u2019Orion et un jeu de lumi\u00e8re naturelle a lieu tous les matins dans l\u2019\u00e9glise.<br \/>\nLe jeu de couleurs se fait par le reflet de la lumi\u00e8re naturelle sur des surfaces peintes.<\/p>\n<p><img loading=\"lazy\" class=\"aligncenter size-large wp-image-13997\" src=\"https:\/\/www.emmaducher.com\/blog\/wp-content\/uploads\/2019\/04\/P1210190-800x630.jpg\" sizes=\"(max-width: 709px) 85vw, (max-width: 909px) 67vw, (max-width: 984px) 61vw, (max-width: 1362px) 45vw, 600px\" srcset=\"https:\/\/www.emmaducher.com\/blog\/wp-content\/uploads\/2019\/04\/P1210190-800x630.jpg 800w, https:\/\/www.emmaducher.com\/blog\/wp-content\/uploads\/2019\/04\/P1210190-300x236.jpg 300w, https:\/\/www.emmaducher.com\/blog\/wp-content\/uploads\/2019\/04\/P1210190.jpg 1000w\" alt=\"P1210190\" width=\"800\" height=\"630\" \/><\/p>\n<p><img loading=\"lazy\" class=\"aligncenter size-large wp-image-14002\" src=\"https:\/\/www.emmaducher.com\/blog\/wp-content\/uploads\/2019\/04\/P1210211-1-768x1024.jpg\" sizes=\"(max-width: 709px) 85vw, (max-width: 909px) 67vw, (max-width: 984px) 61vw, (max-width: 1362px) 45vw, 600px\" srcset=\"https:\/\/www.emmaducher.com\/blog\/wp-content\/uploads\/2019\/04\/P1210211-1-768x1024.jpg 768w, https:\/\/www.emmaducher.com\/blog\/wp-content\/uploads\/2019\/04\/P1210211-1-225x300.jpg 225w, https:\/\/www.emmaducher.com\/blog\/wp-content\/uploads\/2019\/04\/P1210211-1.jpg 1000w\" alt=\"P1210211\" width=\"768\" height=\"1024\" \/><img loading=\"lazy\" class=\"aligncenter size-large wp-image-14003\" src=\"https:\/\/www.emmaducher.com\/blog\/wp-content\/uploads\/2019\/04\/P1210229-1-800x513.jpg\" sizes=\"(max-width: 709px) 85vw, (max-width: 909px) 67vw, (max-width: 984px) 61vw, (max-width: 1362px) 45vw, 600px\" srcset=\"https:\/\/www.emmaducher.com\/blog\/wp-content\/uploads\/2019\/04\/P1210229-1-800x513.jpg 800w, https:\/\/www.emmaducher.com\/blog\/wp-content\/uploads\/2019\/04\/P1210229-1-300x192.jpg 300w, https:\/\/www.emmaducher.com\/blog\/wp-content\/uploads\/2019\/04\/P1210229-1.jpg 1000w\" alt=\"P1210229\" width=\"800\" height=\"513\" \/><\/p>\n<p><img loading=\"lazy\" class=\"aligncenter size-large wp-image-13978\" src=\"https:\/\/www.emmaducher.com\/blog\/wp-content\/uploads\/2019\/04\/P1210216-800x450.jpg\" sizes=\"(max-width: 709px) 85vw, (max-width: 909px) 67vw, (max-width: 984px) 61vw, (max-width: 1362px) 45vw, 600px\" srcset=\"https:\/\/www.emmaducher.com\/blog\/wp-content\/uploads\/2019\/04\/P1210216-800x450.jpg 800w, https:\/\/www.emmaducher.com\/blog\/wp-content\/uploads\/2019\/04\/P1210216-300x169.jpg 300w, https:\/\/www.emmaducher.com\/blog\/wp-content\/uploads\/2019\/04\/P1210216.jpg 1000w\" alt=\"P1210216\" width=\"800\" height=\"450\" \/><img loading=\"lazy\" class=\"aligncenter size-large wp-image-13979\" src=\"https:\/\/www.emmaducher.com\/blog\/wp-content\/uploads\/2019\/04\/P1210229-800x513.jpg\" sizes=\"(max-width: 709px) 85vw, (max-width: 909px) 67vw, (max-width: 984px) 61vw, (max-width: 1362px) 45vw, 600px\" srcset=\"https:\/\/www.emmaducher.com\/blog\/wp-content\/uploads\/2019\/04\/P1210229-800x513.jpg 800w, https:\/\/www.emmaducher.com\/blog\/wp-content\/uploads\/2019\/04\/P1210229-300x192.jpg 300w, https:\/\/www.emmaducher.com\/blog\/wp-content\/uploads\/2019\/04\/P1210229-1200x769.jpg 1200w\" alt=\"P1210229\" width=\"800\" height=\"513\" \/><img loading=\"lazy\" class=\"aligncenter size-large wp-image-13980\" src=\"https:\/\/www.emmaducher.com\/blog\/wp-content\/uploads\/2019\/04\/P1210233-650x1024.jpg\" sizes=\"(max-width: 709px) 85vw, (max-width: 909px) 67vw, (max-width: 984px) 61vw, (max-width: 1362px) 45vw, 600px\" srcset=\"https:\/\/www.emmaducher.com\/blog\/wp-content\/uploads\/2019\/04\/P1210233-650x1024.jpg 650w, https:\/\/www.emmaducher.com\/blog\/wp-content\/uploads\/2019\/04\/P1210233-190x300.jpg 190w, https:\/\/www.emmaducher.com\/blog\/wp-content\/uploads\/2019\/04\/P1210233.jpg 1000w\" alt=\"P1210233\" width=\"650\" height=\"1024\" \/><\/p>\n<p>La partie basse de l\u2019\u00e9glise abritait les activit\u00e9s paroissiales et fait d\u00e9sormais office d\u2019espaces d\u2019expositions.<br \/>\nEn ce moment, et jusqu\u2019au 3 novembre 2019, filez voir la sublime exposition itin\u00e9rante\u00a0<a href=\"https:\/\/sitelecorbusier.com\/au-programme\/expositions\/\">La Luce<\/a>\u00a0con\u00e7ue par\u00a0<a href=\"http:\/\/nemolighting.com\/fra\/\">Nemo Lighting<\/a>\u00a0qui regroupe un ensemble exceptionnel de luminaires design de Charlotte Perriand et Le Corbusier. Luminaires originaux et r\u00e9\u00e9ditions, croquis et anecdotes illustrent la grande carri\u00e8re internationale de l\u2019architecte et de la designer. A noter : des indications \u00e0 destination des enfants permettent \u00e0 toute la famille de visiter cette expo.<br \/>\nLe travail de la lumi\u00e8re est \u00e9galement \u00e9voqu\u00e9 dans l\u2019espace d\u00e9di\u00e9 au traitement de la lumi\u00e8re naturelle dans l\u2019architecture de Le Corbusier, \u00e0 voir !<\/p>\n<p><img loading=\"lazy\" class=\"aligncenter size-large wp-image-13998\" src=\"https:\/\/www.emmaducher.com\/blog\/wp-content\/uploads\/2019\/04\/P1210194-1-800x817.jpg\" sizes=\"(max-width: 709px) 85vw, (max-width: 909px) 67vw, (max-width: 984px) 61vw, (max-width: 1362px) 45vw, 600px\" srcset=\"https:\/\/www.emmaducher.com\/blog\/wp-content\/uploads\/2019\/04\/P1210194-1-800x817.jpg 800w, https:\/\/www.emmaducher.com\/blog\/wp-content\/uploads\/2019\/04\/P1210194-1-294x300.jpg 294w, https:\/\/www.emmaducher.com\/blog\/wp-content\/uploads\/2019\/04\/P1210194-1.jpg 1000w\" alt=\"P1210194\" width=\"800\" height=\"817\" \/><img loading=\"lazy\" class=\"aligncenter size-large wp-image-13999\" src=\"https:\/\/www.emmaducher.com\/blog\/wp-content\/uploads\/2019\/04\/P1210198-1-800x821.jpg\" sizes=\"(max-width: 709px) 85vw, (max-width: 909px) 67vw, (max-width: 984px) 61vw, (max-width: 1362px) 45vw, 600px\" srcset=\"https:\/\/www.emmaducher.com\/blog\/wp-content\/uploads\/2019\/04\/P1210198-1-800x821.jpg 800w, https:\/\/www.emmaducher.com\/blog\/wp-content\/uploads\/2019\/04\/P1210198-1-292x300.jpg 292w, https:\/\/www.emmaducher.com\/blog\/wp-content\/uploads\/2019\/04\/P1210198-1.jpg 1000w\" alt=\"P1210198\" width=\"800\" height=\"821\" \/><\/p>\n<p><img loading=\"lazy\" class=\"size-large wp-image-14010\" src=\"https:\/\/www.emmaducher.com\/blog\/wp-content\/uploads\/2019\/04\/IMG_20190327_105117-768x1024.jpg\" sizes=\"(max-width: 709px) 85vw, (max-width: 909px) 67vw, (max-width: 984px) 61vw, (max-width: 1362px) 45vw, 600px\" srcset=\"https:\/\/www.emmaducher.com\/blog\/wp-content\/uploads\/2019\/04\/IMG_20190327_105117-768x1024.jpg 768w, https:\/\/www.emmaducher.com\/blog\/wp-content\/uploads\/2019\/04\/IMG_20190327_105117-225x300.jpg 225w, https:\/\/www.emmaducher.com\/blog\/wp-content\/uploads\/2019\/04\/IMG_20190327_105117.jpg 1000w\" alt=\"cof\" width=\"768\" height=\"1024\" \/><\/p>\n<p><img loading=\"lazy\" class=\"aligncenter size-large wp-image-14000\" src=\"https:\/\/www.emmaducher.com\/blog\/wp-content\/uploads\/2019\/04\/P1210204-1-800x601.jpg\" sizes=\"(max-width: 709px) 85vw, (max-width: 909px) 67vw, (max-width: 984px) 61vw, (max-width: 1362px) 45vw, 600px\" srcset=\"https:\/\/www.emmaducher.com\/blog\/wp-content\/uploads\/2019\/04\/P1210204-1-800x601.jpg 800w, https:\/\/www.emmaducher.com\/blog\/wp-content\/uploads\/2019\/04\/P1210204-1-300x225.jpg 300w, https:\/\/www.emmaducher.com\/blog\/wp-content\/uploads\/2019\/04\/P1210204-1.jpg 1000w\" alt=\"P1210204\" width=\"800\" height=\"601\" \/><img loading=\"lazy\" class=\"aligncenter size-large wp-image-14001\" src=\"https:\/\/www.emmaducher.com\/blog\/wp-content\/uploads\/2019\/04\/P1210208-769x1024.jpg\" sizes=\"(max-width: 709px) 85vw, (max-width: 909px) 67vw, (max-width: 984px) 61vw, (max-width: 1362px) 45vw, 600px\" srcset=\"https:\/\/www.emmaducher.com\/blog\/wp-content\/uploads\/2019\/04\/P1210208-769x1024.jpg 769w, https:\/\/www.emmaducher.com\/blog\/wp-content\/uploads\/2019\/04\/P1210208-225x300.jpg 225w, https:\/\/www.emmaducher.com\/blog\/wp-content\/uploads\/2019\/04\/P1210208.jpg 1000w\" alt=\"P1210208\" width=\"769\" height=\"1024\" \/><img loading=\"lazy\" class=\"aligncenter size-large wp-image-13981\" src=\"https:\/\/www.emmaducher.com\/blog\/wp-content\/uploads\/2019\/04\/P1210237-800x450.jpg\" sizes=\"(max-width: 709px) 85vw, (max-width: 909px) 67vw, (max-width: 984px) 61vw, (max-width: 1362px) 45vw, 600px\" srcset=\"https:\/\/www.emmaducher.com\/blog\/wp-content\/uploads\/2019\/04\/P1210237-800x450.jpg 800w, https:\/\/www.emmaducher.com\/blog\/wp-content\/uploads\/2019\/04\/P1210237-300x169.jpg 300w, https:\/\/www.emmaducher.com\/blog\/wp-content\/uploads\/2019\/04\/P1210237.jpg 1000w\" alt=\"P1210237\" width=\"800\" height=\"450\" \/><\/p>\n<p><em><strong>L\u2019Unit\u00e9 d\u2019habitation<\/strong><\/em>\u00a0est la derni\u00e8re \u00e9difi\u00e9e parmi les 5 Unit\u00e9s d\u2019Habitation b\u00e2ties par le Corbusier.\u00a0Commenc\u00e9 en 1965, le b\u00e2timent est achev\u00e9 par Andr\u00e9 Wogenscky. On y trouve\u00a0les\u00a0points fondamentaux de l\u2019architecture de Le Corbusier\u00a0: les pilotis (qui lib\u00e8rent l\u2019espace), la fa\u00e7ade libre, le brise-soleil et le toit terrasse. L\u2019ensemble est r\u00e9alis\u00e9 \u00e0 l\u2019\u00e9chelle du \u00ab Modulor \u00bb, la c\u00e9l\u00e8bre mesure de Le Corbusier.<\/p>\n<p><img loading=\"lazy\" class=\"aligncenter size-large wp-image-13982\" src=\"https:\/\/www.emmaducher.com\/blog\/wp-content\/uploads\/2019\/04\/P1210239-800x450.jpg\" sizes=\"(max-width: 709px) 85vw, (max-width: 909px) 67vw, (max-width: 984px) 61vw, (max-width: 1362px) 45vw, 600px\" srcset=\"https:\/\/www.emmaducher.com\/blog\/wp-content\/uploads\/2019\/04\/P1210239-800x450.jpg 800w, https:\/\/www.emmaducher.com\/blog\/wp-content\/uploads\/2019\/04\/P1210239-300x169.jpg 300w, https:\/\/www.emmaducher.com\/blog\/wp-content\/uploads\/2019\/04\/P1210239.jpg 1000w\" alt=\"P1210239\" width=\"800\" height=\"450\" \/><img loading=\"lazy\" class=\"aligncenter size-large wp-image-13983\" src=\"https:\/\/www.emmaducher.com\/blog\/wp-content\/uploads\/2019\/04\/P1210240-800x586.jpg\" sizes=\"(max-width: 709px) 85vw, (max-width: 909px) 67vw, (max-width: 984px) 61vw, (max-width: 1362px) 45vw, 600px\" srcset=\"https:\/\/www.emmaducher.com\/blog\/wp-content\/uploads\/2019\/04\/P1210240-800x586.jpg 800w, https:\/\/www.emmaducher.com\/blog\/wp-content\/uploads\/2019\/04\/P1210240-300x220.jpg 300w, https:\/\/www.emmaducher.com\/blog\/wp-content\/uploads\/2019\/04\/P1210240.jpg 1000w\" alt=\"P1210240\" width=\"800\" height=\"586\" \/><\/p>\n<p>Seulement en visite guid\u00e9e le samedi, on peut visiter l\u2019appartement t\u00e9moin : il n\u2019a jamais \u00e9t\u00e9 habit\u00e9. Au d\u00e9part appartement t\u00e9moin pour les futurs habitants, aujourd\u2019hui appartement t\u00e9moin pour les visites !<br \/>\nTraversant, en duplex, 2 balcons, il b\u00e9n\u00e9ficie d\u2019une belle lumi\u00e8re tout au long de la journ\u00e9e.<\/p>\n<p><img loading=\"lazy\" class=\"aligncenter size-large wp-image-13984\" src=\"https:\/\/www.emmaducher.com\/blog\/wp-content\/uploads\/2019\/04\/P1210244-800x684.jpg\" sizes=\"(max-width: 709px) 85vw, (max-width: 909px) 67vw, (max-width: 984px) 61vw, (max-width: 1362px) 45vw, 600px\" srcset=\"https:\/\/www.emmaducher.com\/blog\/wp-content\/uploads\/2019\/04\/P1210244-800x684.jpg 800w, https:\/\/www.emmaducher.com\/blog\/wp-content\/uploads\/2019\/04\/P1210244-300x256.jpg 300w, https:\/\/www.emmaducher.com\/blog\/wp-content\/uploads\/2019\/04\/P1210244-1200x1026.jpg 1200w\" alt=\"P1210244\" width=\"800\" height=\"684\" \/><img loading=\"lazy\" class=\"aligncenter size-large wp-image-13985\" src=\"https:\/\/www.emmaducher.com\/blog\/wp-content\/uploads\/2019\/04\/P1210250-576x1024.jpg\" sizes=\"(max-width: 576px) 85vw, 576px\" srcset=\"https:\/\/www.emmaducher.com\/blog\/wp-content\/uploads\/2019\/04\/P1210250-576x1024.jpg 576w, https:\/\/www.emmaducher.com\/blog\/wp-content\/uploads\/2019\/04\/P1210250-169x300.jpg 169w, https:\/\/www.emmaducher.com\/blog\/wp-content\/uploads\/2019\/04\/P1210250.jpg 1000w\" alt=\"P1210250\" width=\"576\" height=\"1024\" \/><\/p>\n<p><img loading=\"lazy\" class=\"size-large wp-image-14012\" src=\"https:\/\/www.emmaducher.com\/blog\/wp-content\/uploads\/2019\/04\/IMG_20190327_120150-768x1024.jpg\" sizes=\"(max-width: 709px) 85vw, (max-width: 909px) 67vw, (max-width: 984px) 61vw, (max-width: 1362px) 45vw, 600px\" srcset=\"https:\/\/www.emmaducher.com\/blog\/wp-content\/uploads\/2019\/04\/IMG_20190327_120150-768x1024.jpg 768w, https:\/\/www.emmaducher.com\/blog\/wp-content\/uploads\/2019\/04\/IMG_20190327_120150-225x300.jpg 225w, https:\/\/www.emmaducher.com\/blog\/wp-content\/uploads\/2019\/04\/IMG_20190327_120150.jpg 1000w\" alt=\"sdr\" width=\"768\" height=\"1024\" \/><\/p>\n<p><img loading=\"lazy\" class=\"size-large wp-image-14011\" src=\"https:\/\/www.emmaducher.com\/blog\/wp-content\/uploads\/2019\/04\/IMG_20190327_115656-768x1024.jpg\" sizes=\"(max-width: 709px) 85vw, (max-width: 909px) 67vw, (max-width: 984px) 61vw, (max-width: 1362px) 45vw, 600px\" srcset=\"https:\/\/www.emmaducher.com\/blog\/wp-content\/uploads\/2019\/04\/IMG_20190327_115656-768x1024.jpg 768w, https:\/\/www.emmaducher.com\/blog\/wp-content\/uploads\/2019\/04\/IMG_20190327_115656-225x300.jpg 225w, https:\/\/www.emmaducher.com\/blog\/wp-content\/uploads\/2019\/04\/IMG_20190327_115656.jpg 1000w\" alt=\"sdr\" width=\"768\" height=\"1024\" \/><\/p>\n<p>Ce b\u00e2timent de 130,35 m\u00e8tres de long, 21 m\u00e8tres de large et 56 m\u00e8tres de haut, comporte 20 niveaux. Sept rues int\u00e9rieures desservent \u00e0 l\u2019origine 414 logements de diff\u00e9rents types (des duplex descendants et ascendants, soit une \u00ab\u00a0rue\u00a0\u00bb qui dessert 3 \u00ab\u00a0niveaux\u00a0\u00bb.<\/p>\n<p><img loading=\"lazy\" class=\"aligncenter size-large wp-image-13986\" src=\"https:\/\/www.emmaducher.com\/blog\/wp-content\/uploads\/2019\/04\/P1210256-800x482.jpg\" sizes=\"(max-width: 709px) 85vw, (max-width: 909px) 67vw, (max-width: 984px) 61vw, (max-width: 1362px) 45vw, 600px\" srcset=\"https:\/\/www.emmaducher.com\/blog\/wp-content\/uploads\/2019\/04\/P1210256-800x482.jpg 800w, https:\/\/www.emmaducher.com\/blog\/wp-content\/uploads\/2019\/04\/P1210256-300x181.jpg 300w, https:\/\/www.emmaducher.com\/blog\/wp-content\/uploads\/2019\/04\/P1210256.jpg 934w\" alt=\"P1210256\" width=\"800\" height=\"482\" \/><img loading=\"lazy\" class=\"aligncenter size-large wp-image-13987\" src=\"https:\/\/www.emmaducher.com\/blog\/wp-content\/uploads\/2019\/04\/P1210257-800x450.jpg\" sizes=\"(max-width: 709px) 85vw, (max-width: 909px) 67vw, (max-width: 984px) 61vw, (max-width: 1362px) 45vw, 600px\" srcset=\"https:\/\/www.emmaducher.com\/blog\/wp-content\/uploads\/2019\/04\/P1210257-800x450.jpg 800w, https:\/\/www.emmaducher.com\/blog\/wp-content\/uploads\/2019\/04\/P1210257-300x169.jpg 300w, https:\/\/www.emmaducher.com\/blog\/wp-content\/uploads\/2019\/04\/P1210257.jpg 1000w\" alt=\"P1210257\" width=\"800\" height=\"450\" \/><\/p>\n<p><em><strong>L\u2019\u00e9cole maternelle<br \/>\n<\/strong><\/em>A 50 m de hauteur, aux niveaux 18 et 19, c\u2019est LA surprise de la visite ! L\u2019\u00e9cole maternelle et le toit terrasse (au niveau 20). L\u2019\u00e9cole ferme en 1998 apr\u00e8s 30 ans d\u2019utilisation. Des trois \u00e9coles que r\u00e9alise Le Corbusier dans son oeuvre, celle-ci est la plus vaste et sans doute la plus aboutie.<\/p>\n<p>Aujourd\u2019hui, lors des visites, on d\u00e9couvre un espace fabuleux, des couleurs pimpantes et un cadre d\u2019enseignement propice. Les salles et les espaces sont meubl\u00e9s et donnent l\u2019id\u00e9e de ce que les enfants vivaient \u00e0 l\u2019\u00e9poque. J\u2019aimerais bien rencontrer des anciens \u00e9l\u00e8ves pour connaitre leur ressenti d\u2019avoir \u00e9t\u00e9 dans une telle \u00e9cole ! C\u2019est une visite tr\u00e8s \u00e9mouvante.<\/p>\n<p><img loading=\"lazy\" class=\"aligncenter size-large wp-image-13988\" src=\"https:\/\/www.emmaducher.com\/blog\/wp-content\/uploads\/2019\/04\/P1210258-800x445.jpg\" sizes=\"(max-width: 709px) 85vw, (max-width: 909px) 67vw, (max-width: 984px) 61vw, (max-width: 1362px) 45vw, 600px\" srcset=\"https:\/\/www.emmaducher.com\/blog\/wp-content\/uploads\/2019\/04\/P1210258-800x445.jpg 800w, https:\/\/www.emmaducher.com\/blog\/wp-content\/uploads\/2019\/04\/P1210258-300x167.jpg 300w, https:\/\/www.emmaducher.com\/blog\/wp-content\/uploads\/2019\/04\/P1210258-1200x668.jpg 1200w\" alt=\"P1210258\" width=\"800\" height=\"445\" \/><img loading=\"lazy\" class=\"aligncenter size-large wp-image-13989\" src=\"https:\/\/www.emmaducher.com\/blog\/wp-content\/uploads\/2019\/04\/P1210260-800x444.jpg\" sizes=\"(max-width: 709px) 85vw, (max-width: 909px) 67vw, (max-width: 984px) 61vw, (max-width: 1362px) 45vw, 600px\" srcset=\"https:\/\/www.emmaducher.com\/blog\/wp-content\/uploads\/2019\/04\/P1210260-800x444.jpg 800w, https:\/\/www.emmaducher.com\/blog\/wp-content\/uploads\/2019\/04\/P1210260-300x167.jpg 300w, https:\/\/www.emmaducher.com\/blog\/wp-content\/uploads\/2019\/04\/P1210260.jpg 1000w\" alt=\"P1210260\" width=\"800\" height=\"444\" \/><img loading=\"lazy\" class=\"aligncenter size-large wp-image-13990\" src=\"https:\/\/www.emmaducher.com\/blog\/wp-content\/uploads\/2019\/04\/P1210269-800x421.jpg\" sizes=\"(max-width: 709px) 85vw, (max-width: 909px) 67vw, (max-width: 984px) 61vw, (max-width: 1362px) 45vw, 600px\" srcset=\"https:\/\/www.emmaducher.com\/blog\/wp-content\/uploads\/2019\/04\/P1210269-800x421.jpg 800w, https:\/\/www.emmaducher.com\/blog\/wp-content\/uploads\/2019\/04\/P1210269-300x158.jpg 300w, https:\/\/www.emmaducher.com\/blog\/wp-content\/uploads\/2019\/04\/P1210269.jpg 1000w\" alt=\"P1210269\" width=\"800\" height=\"421\" \/><img loading=\"lazy\" class=\"aligncenter size-large wp-image-13991\" src=\"https:\/\/www.emmaducher.com\/blog\/wp-content\/uploads\/2019\/04\/P1210272-800x642.jpg\" sizes=\"(max-width: 709px) 85vw, (max-width: 909px) 67vw, (max-width: 984px) 61vw, (max-width: 1362px) 45vw, 600px\" srcset=\"https:\/\/www.emmaducher.com\/blog\/wp-content\/uploads\/2019\/04\/P1210272-800x642.jpg 800w, https:\/\/www.emmaducher.com\/blog\/wp-content\/uploads\/2019\/04\/P1210272-300x241.jpg 300w, https:\/\/www.emmaducher.com\/blog\/wp-content\/uploads\/2019\/04\/P1210272.jpg 1000w\" alt=\"P1210272\" width=\"800\" height=\"642\" \/><img loading=\"lazy\" class=\"aligncenter size-large wp-image-13992\" src=\"https:\/\/www.emmaducher.com\/blog\/wp-content\/uploads\/2019\/04\/P1210273-800x443.jpg\" sizes=\"(max-width: 709px) 85vw, (max-width: 909px) 67vw, (max-width: 984px) 61vw, (max-width: 1362px) 45vw, 600px\" srcset=\"https:\/\/www.emmaducher.com\/blog\/wp-content\/uploads\/2019\/04\/P1210273-800x443.jpg 800w, https:\/\/www.emmaducher.com\/blog\/wp-content\/uploads\/2019\/04\/P1210273-300x166.jpg 300w, https:\/\/www.emmaducher.com\/blog\/wp-content\/uploads\/2019\/04\/P1210273.jpg 1000w\" alt=\"P1210273\" width=\"800\" height=\"443\" \/><img loading=\"lazy\" class=\"aligncenter size-large wp-image-13993\" src=\"https:\/\/www.emmaducher.com\/blog\/wp-content\/uploads\/2019\/04\/P1210278-530x1024.jpg\" sizes=\"(max-width: 530px) 85vw, 530px\" srcset=\"https:\/\/www.emmaducher.com\/blog\/wp-content\/uploads\/2019\/04\/P1210278-530x1024.jpg 530w, https:\/\/www.emmaducher.com\/blog\/wp-content\/uploads\/2019\/04\/P1210278-155x300.jpg 155w, https:\/\/www.emmaducher.com\/blog\/wp-content\/uploads\/2019\/04\/P1210278.jpg 800w\" alt=\"P1210278\" width=\"530\" height=\"1024\" \/><\/p>\n<p>Le toit terrasse \u00e9tait en partie la cour de l\u2019\u00e9cole et en partie l\u2019espace qui correspondait \u00e0 la place centrale d\u2019un village classique.<\/p>\n<p><img loading=\"lazy\" class=\"aligncenter size-large wp-image-13994\" src=\"https:\/\/www.emmaducher.com\/blog\/wp-content\/uploads\/2019\/04\/P1210280-800x430.jpg\" sizes=\"(max-width: 709px) 85vw, (max-width: 909px) 67vw, (max-width: 984px) 61vw, (max-width: 1362px) 45vw, 600px\" srcset=\"https:\/\/www.emmaducher.com\/blog\/wp-content\/uploads\/2019\/04\/P1210280-800x430.jpg 800w, https:\/\/www.emmaducher.com\/blog\/wp-content\/uploads\/2019\/04\/P1210280-300x161.jpg 300w, https:\/\/www.emmaducher.com\/blog\/wp-content\/uploads\/2019\/04\/P1210280.jpg 1000w\" alt=\"P1210280\" width=\"800\" height=\"430\" \/><br \/>\nPour organiser votre visite sur le site Le Corbusier, rendez-vous sur\u00a0<a href=\"https:\/\/sitelecorbusier.com\/\">le site<\/a>. L\u2019Unit\u00e9 d\u2019habitation et son \u00e9cole maternelle ne se visite que le samedi en visites guid\u00e9es sur r\u00e9servation).<\/p>\n<p>Pour aller plus loin, j\u2019ai d\u00e9j\u00e0 relat\u00e9 des visites sur des oeuvres de Le Corbusier ici\u00a0 :<br \/>\n&gt;\u00a0<a href=\"https:\/\/www.emmaducher.com\/blog\/2017\/11\/du-miel-et-le-corbusier-a-ronchamp\/\">La chapelle de Ronchamp<br \/>\n<\/a>&gt;\u00a0<a href=\"https:\/\/www.emmaducher.com\/blog\/2016\/01\/le-couvent-de-la-tourette\/\">le couvent de la Tourette<\/a><\/p>\n<p>Un grand merci \u00e0\u00a0<a href=\"https:\/\/www.saint-etienne-hors-cadre.fr\/\">Saint Etienne Hors Cadre<\/a>\u00a0pour l\u2019organisation de cette journ\u00e9e incroyable !<br \/>\nJ\u2019ai une envie d\u2019escapade incluant le logement dans cette immersion dans l\u2019architecture du 20e si\u00e8cle, j\u2019esp\u00e8re pouvoir la r\u00e9aliser bient\u00f4t. Stay tuned !<\/p>\n","protected":false},"excerpt":{"rendered":"<p>Lors de cette journ\u00e9e organis\u00e9e par\u00a0Saint Etienne Hors Cadre, j\u2019ai eu la chance de d\u00e9couvrir le site Le Corbusier : on trouve \u00e0 Firminy le plus grand ensemble architectural construit dans les ann\u00e9es 60 en Europe. Le site comprend la Maison de la Culture (seul b\u00e2timent r\u00e9alis\u00e9 du vivant de l\u2019architecte \u00e0 Firminy, class\u00e9e Unesco &hellip; <a href=\"https:\/\/www.emmaducher.com\/blog\/2019\/04\/le-site-le-corbusier-a-firminy\/\" class=\"more-link\">Continuer la lecture<span class=\"screen-reader-text\"> de &laquo;&nbsp;Le site le Corbusier \u00e0 Firminy&nbsp;&raquo;<\/span><\/a><\/p>\n","protected":false},"author":1,"featured_media":0,"comment_status":"open","ping_status":"open","sticky":false,"template":"","format":"standard","meta":[],"categories":[1],"tags":[],"_links":{"self":[{"href":"https:\/\/www.emmaducher.com\/blog\/wp-json\/wp\/v2\/posts\/13947"}],"collection":[{"href":"https:\/\/www.emmaducher.com\/blog\/wp-json\/wp\/v2\/posts"}],"about":[{"href":"https:\/\/www.emmaducher.com\/blog\/wp-json\/wp\/v2\/types\/post"}],"author":[{"embeddable":true,"href":"https:\/\/www.emmaducher.com\/blog\/wp-json\/wp\/v2\/users\/1"}],"replies":[{"embeddable":true,"href":"https:\/\/www.emmaducher.com\/blog\/wp-json\/wp\/v2\/comments?post=13947"}],"version-history":[{"count":5,"href":"https:\/\/www.emmaducher.com\/blog\/wp-json\/wp\/v2\/posts\/13947\/revisions"}],"predecessor-version":[{"id":13977,"href":"https:\/\/www.emmaducher.com\/blog\/wp-json\/wp\/v2\/posts\/13947\/revisions\/13977"}],"wp:attachment":[{"href":"https:\/\/www.emmaducher.com\/blog\/wp-json\/wp\/v2\/media?parent=13947"}],"wp:term":[{"taxonomy":"category","embeddable":true,"href":"https:\/\/www.emmaducher.com\/blog\/wp-json\/wp\/v2\/categories?post=13947"},{"taxonomy":"post_tag","embeddable":true,"href":"https:\/\/www.emmaducher.com\/blog\/wp-json\/wp\/v2\/tags?post=13947"}],"curies":[{"name":"wp","href":"https:\/\/api.w.org\/{rel}","templated":true}]}}