 
{"id":14011,"date":"2022-06-12T11:55:00","date_gmt":"2022-06-12T10:55:00","guid":{"rendered":"https:\/\/www.emmaducher.com\/blog\/?p=14011"},"modified":"2022-10-17T17:49:29","modified_gmt":"2022-10-17T16:49:29","slug":"jour-1-lyon-le-havre-en-train","status":"publish","type":"post","link":"https:\/\/www.emmaducher.com\/blog\/2022\/06\/jour-1-lyon-le-havre-en-train\/","title":{"rendered":"JOUR 1 \u2013 LYON > LE HAVRE en train"},"content":{"rendered":"\n<p>LE VOYAGE EN TRAIN AVEC NOS VELOS, DE LYON AU HAVRE<\/p>\n\n\n\n<div class=\"wp-block-media-text alignwide is-stacked-on-mobile is-vertically-aligned-top\" id=\"jour1velomaritime\"><figure class=\"wp-block-media-text__media\"><video controls src=\"https:\/\/www.emmaducher.com\/blog\/wp-content\/uploads\/2022\/09\/jour1-compresse-1.mp4\"><\/video><\/figure><div class=\"wp-block-media-text__content\">\n<p>TGV inoui avec place \u00ab&nbsp;v\u00e9lo non d\u00e9mont\u00e9&nbsp;\u00bb \u00e0 10 \u20ac (en plus du prix du billet), nos v\u00e9los voyagent \u00e0 c\u00f4t\u00e9 de nous. Mais il y a peu de TGV qui proposent ces emplacements v\u00e9los, il faut r\u00e9server longtemps \u00e0 l\u2019avance. Embarquer \u00e0 Perrache plut\u00f4t qu\u2019\u00e0 Part-Dieu, c\u2019est plus pratique pour installer les v\u00e9los, on a plus de temps, il y a moins de monde, et les emplacements v\u00e9los ne sont pas encore squatt\u00e9s par des valises. <\/p>\n\n\n\n<p>Si vous ne trouvez pas de TGV avec emplacement v\u00e9lo, il y a \u00e9galement le Ouigo Train Classique avec suppl\u00e9ment v\u00e9lo \u00e0 10 \u20ac, et le TER Lyon-Paris avec transport de v\u00e9lo gratuit, mais le voyage est plus long (5 heures environ, contre 2 heures en TGV).<\/p>\n\n\n\n<p>1 heure de changement \u00e0 Paris environ, suffisant pour aller de la gare de Lyon \u00e0 la gare Saint Lazare.<\/p>\n\n\n\n<p>TER Paris \u2013 Le Havre = 2 heures 30 environ, r\u00e9servation et num\u00e9ro de si\u00e8ge attribu\u00e9 bien que ce soit un TER, emplacements v\u00e9los gratuits, machine \u00e0 caf\u00e9 dans le train.<\/p>\n<\/div><\/div>\n\n\n\n<div class=\"wp-container-3 wp-block-columns\">\n<div class=\"wp-container-1 wp-block-column is-vertically-aligned-bottom\">\n<figure class=\"wp-block-image size-full\"><img loading=\"lazy\" width=\"529\" height=\"794\" src=\"https:\/\/www.emmaducher.com\/blog\/wp-content\/uploads\/2022\/09\/IMG_20220612_073711-2.jpg\" alt=\"Dans le TGV Inoui Lyon - Paris\" class=\"wp-image-14104\"\/><figcaption><em>Dans le TGV Inoui Lyon &#8211; Paris<\/em><\/figcaption><\/figure>\n<\/div>\n\n\n\n<div class=\"wp-container-2 wp-block-column is-vertically-aligned-bottom\">\n<figure class=\"wp-block-image size-full\"><img loading=\"lazy\" width=\"566\" height=\"850\" src=\"https:\/\/www.emmaducher.com\/blog\/wp-content\/uploads\/2022\/09\/IMG_E9883-2.jpg\" alt=\" Dans le TER Paris \u2013 Le Havre\" class=\"wp-image-14105\"\/><figcaption><em> Dans le TER Paris \u2013 Le Havre<\/em><\/figcaption><\/figure>\n<\/div>\n<\/div>\n\n\n\n<p><\/p>\n\n\n\n<p>LE HAVRE, VILLE D\u2019ART ET D\u2019ARCHITECTURE<\/p>\n\n\n\n<p>Les lecteurs fid\u00e8les de ce blog savent que nous \u00e9prouvons une grande affection pour la ville du Havre, en t\u00e9moignent ces 4 articles : <a href=\"https:\/\/www.emmaducher.com\/blog\/2017\/08\/un-ete-au-havre\/\" data-type=\"post\" data-id=\"12649\">Un \u00e9t\u00e9 au Havre<\/a>, <a href=\"https:\/\/www.emmaducher.com\/blog\/2017\/04\/le-havre-1-sur-les-pas-dauguste-perret\/\" data-type=\"post\" data-id=\"12027\">Sur les pas d&rsquo;Auguste Perret<\/a>, <a href=\"https:\/\/www.emmaducher.com\/blog\/2017\/05\/le-havre-2-une-ville-darchitectures\/\" data-type=\"post\" data-id=\"12464\">Une ville d&rsquo;Architectures<\/a>, <a href=\"https:\/\/www.emmaducher.com\/blog\/2017\/05\/le-havre-3-une-ville-qui-a-500-ans-et-50-ans\/\" data-type=\"post\" data-id=\"12494\">Une ville qui a 500 ans et 50 ans<\/a>. <br \/>C\u2019est donc avec plaisir que nous avons retrouv\u00e9 Le Havre. Pour la premi\u00e8re fois nous y \u00e9tions \u00e0 v\u00e9lo, et c\u2019est un vrai bonheur d\u2019y p\u00e9daler&nbsp;: les itin\u00e9raires cyclables y sont bien am\u00e9nag\u00e9s, ils sont connect\u00e9s \u00e0 la V\u00e9lomaritime qui longe le front de mer, et ils permettent de filer rapidement \u00e0 travers la ville et d\u2019admirer son patrimoine architectural unique (ne loupez pas les 2 volcans et la biblioth\u00e8que Oscar Niemeyer, la piscine des bains des docks, le MuMa, l\u2019appartement t\u00e9moin de Perret, l\u2019\u00e9glise St Joseph, la maison de l\u2019armateur, le mus\u00e9e Dubocage de Bl\u00e9ville\u2026) ainsi que les \u0153uvres d\u2019art dispos\u00e9es au fil du parcours \u00ab&nbsp;<a href=\"https:\/\/www.uneteauhavre.fr\/fr\">Un \u00e9t\u00e9 au Havre<\/a>&nbsp;\u00bb.<\/p>\n\n\n\n<figure class=\"wp-block-image size-full is-resized\"><img loading=\"lazy\" src=\"https:\/\/www.emmaducher.com\/blog\/wp-content\/uploads\/2022\/09\/IMG_20-2.jpg\" alt=\"\" class=\"wp-image-14109\" width=\"840\" height=\"370\"\/><\/figure>\n\n\n\n<figure class=\"wp-container-5 wp-block-gallery-4 wp-block-gallery has-nested-images columns-default is-cropped\">\n<figure class=\"wp-block-image size-large\"><img loading=\"lazy\" width=\"850\" height=\"638\" data-id=\"14107\"  src=\"https:\/\/www.emmaducher.com\/blog\/wp-content\/uploads\/2022\/09\/IMG_E9987-1.jpg\" alt=\"\" class=\"wp-image-14107\"\/><\/figure>\n\n\n\n<figure class=\"wp-block-image size-large\"><img loading=\"lazy\" width=\"638\" height=\"850\" data-id=\"14108\"  src=\"https:\/\/www.emmaducher.com\/blog\/wp-content\/uploads\/2022\/09\/IMG_E9938-1.jpg\" alt=\"\" class=\"wp-image-14108\"\/><\/figure>\n<\/figure>\n\n\n\n<div style=\"height:30px\" aria-hidden=\"true\" class=\"wp-block-spacer\"><\/div>\n\n\n\n<figure class=\"wp-block-image size-full is-resized\"><img loading=\"lazy\" src=\"https:\/\/www.emmaducher.com\/blog\/wp-content\/uploads\/2022\/09\/IMG-20220613-WA0039-1.jpg\" alt=\"\" class=\"wp-image-14111\" width=\"841\" height=\"474\"\/><\/figure>\n\n\n\n<p>Pour la V\u00e9lomaritime, il suffit de suivre les panneaux&nbsp;: soit le logo de la V\u00e9lomaritime, soit l\u2019EuroVelo 4 (un chiffre 4 entour\u00e9 d\u2019\u00e9toiles jaunes en cercle sur fond bleu).<\/p>\n\n\n\n<figure class=\"wp-block-image size-full\"><img loading=\"lazy\" width=\"850\" height=\"638\" src=\"https:\/\/www.emmaducher.com\/blog\/wp-content\/uploads\/2022\/09\/IMG_E9979.jpg\" alt=\"panneaux la V\u00e9lomartime Eurov\u00e9lo 4\" class=\"wp-image-14099\"\/><\/figure>\n\n\n\n<p>Pour l\u2019heure, il est temps de se reposer et de prendre des forces avant le d\u00e9but de la grande aventure demain. Nous nous restaurons dans une institution du Havre, la Taverne Paillette, et nous dormons \u00e0 l\u2019h\u00f4tel Nomad, deux \u00e9tablissements que nous recommandons.<\/p>\n\n\n\n<p>NOTRE HOTEL POUR LA NUIT&nbsp;: <a href=\"https:\/\/www.nomad-hotels.com\/hotel\/le-havre\">H\u00f4tel Nomad<\/a><\/p>\n\n\n\n<figure class=\"wp-block-image size-full\"><img loading=\"lazy\" width=\"850\" height=\"638\" src=\"https:\/\/www.emmaducher.com\/blog\/wp-content\/uploads\/2022\/09\/IMG_E9900.jpg\" alt=\"Nomad Hotel Le Havre\" class=\"wp-image-14097\"\/><\/figure>\n\n\n\n<p>Un h\u00f4tel de gare r\u00e9cent, calme et tr\u00e8s confortable. Parking \u00e0 v\u00e9los s\u00e9curis\u00e9. La chambre est parfaitement insonoris\u00e9e (mais on ne peut pas ouvrir les fen\u00eatres) et elle est \u00e9quip\u00e9e de gadgets \u00ab&nbsp;technologiques&nbsp;\u00bb amusants mais peu utiles (tablette tactile pour toutes les commandes, lampes qui peuvent se d\u00e9placer sur les murs, douche avec \u00e9clairage color\u00e9 r\u00e9glable, t\u00e9l\u00e9 en projection sur le mur\u2026). Petit-d\u00e9jeuner&nbsp;: buffet classique sucr\u00e9 et sal\u00e9, bien garni et bon. <\/p>\n\n\n\n<p>Demain c&rsquo;est la vraie premi\u00e8re \u00e9tape v\u00e9lo, pour p\u00e9daler jusqu&rsquo;\u00e0 Etretat.<\/p>\n\n\n\n<div class=\"wp-container-6 is-content-justification-center wp-block-buttons\">\n<div class=\"wp-block-button is-style-outline\"><a class=\"wp-block-button__link\" href=\"https:\/\/www.emmaducher.com\/blog\/?p=14064\"><strong>Revenir au parcours<\/strong><\/a><\/div>\n<\/div>\n\n\n\n<div style=\"height:30px\" aria-hidden=\"true\" class=\"wp-block-spacer\"><\/div>\n\n\n\n<div class=\"wp-container-7 is-content-justification-center wp-block-buttons\">\n<div class=\"wp-block-button is-style-outline\"><a class=\"wp-block-button__link\" href=\"https:\/\/www.emmaducher.com\/blog\/2022\/06\/jour-2-le-havre-etretat\/\"><strong>Etape suivante : jour 2<\/strong><\/a><\/div>\n<\/div>\n","protected":false},"excerpt":{"rendered":"<p>LE VOYAGE EN TRAIN AVEC NOS VELOS, DE LYON AU HAVRE TGV inoui avec place \u00ab&nbsp;v\u00e9lo non d\u00e9mont\u00e9&nbsp;\u00bb \u00e0 10 \u20ac (en plus du prix du billet), nos v\u00e9los voyagent \u00e0 c\u00f4t\u00e9 de nous. Mais il y a peu de TGV qui proposent ces emplacements v\u00e9los, il faut r\u00e9server longtemps \u00e0 l\u2019avance. Embarquer \u00e0 Perrache &hellip; <a href=\"https:\/\/www.emmaducher.com\/blog\/2022\/06\/jour-1-lyon-le-havre-en-train\/\" class=\"more-link\">Continuer la lecture<span class=\"screen-reader-text\"> de &laquo;&nbsp;JOUR 1 \u2013 LYON > LE HAVRE en train&nbsp;&raquo;<\/span><\/a><\/p>\n","protected":false},"author":1,"featured_media":14156,"comment_status":"open","ping_status":"open","sticky":false,"template":"","format":"standard","meta":[],"categories":[1],"tags":[127],"_links":{"self":[{"href":"https:\/\/www.emmaducher.com\/blog\/wp-json\/wp\/v2\/posts\/14011"}],"collection":[{"href":"https:\/\/www.emmaducher.com\/blog\/wp-json\/wp\/v2\/posts"}],"about":[{"href":"https:\/\/www.emmaducher.com\/blog\/wp-json\/wp\/v2\/types\/post"}],"author":[{"embeddable":true,"href":"https:\/\/www.emmaducher.com\/blog\/wp-json\/wp\/v2\/users\/1"}],"replies":[{"embeddable":true,"href":"https:\/\/www.emmaducher.com\/blog\/wp-json\/wp\/v2\/comments?post=14011"}],"version-history":[{"count":26,"href":"https:\/\/www.emmaducher.com\/blog\/wp-json\/wp\/v2\/posts\/14011\/revisions"}],"predecessor-version":[{"id":14217,"href":"https:\/\/www.emmaducher.com\/blog\/wp-json\/wp\/v2\/posts\/14011\/revisions\/14217"}],"wp:featuredmedia":[{"embeddable":true,"href":"https:\/\/www.emmaducher.com\/blog\/wp-json\/wp\/v2\/media\/14156"}],"wp:attachment":[{"href":"https:\/\/www.emmaducher.com\/blog\/wp-json\/wp\/v2\/media?parent=14011"}],"wp:term":[{"taxonomy":"category","embeddable":true,"href":"https:\/\/www.emmaducher.com\/blog\/wp-json\/wp\/v2\/categories?post=14011"},{"taxonomy":"post_tag","embeddable":true,"href":"https:\/\/www.emmaducher.com\/blog\/wp-json\/wp\/v2\/tags?post=14011"}],"curies":[{"name":"wp","href":"https:\/\/api.w.org\/{rel}","templated":true}]}}