 
{"id":14015,"date":"2023-01-07T17:06:22","date_gmt":"2023-01-07T16:06:22","guid":{"rendered":"https:\/\/www.emmaducher.com\/blog\/?p=14015"},"modified":"2023-01-07T17:06:22","modified_gmt":"2023-01-07T16:06:22","slug":"jour-4-les-petites-dalles-pourville","status":"publish","type":"post","link":"https:\/\/www.emmaducher.com\/blog\/2023\/01\/jour-4-les-petites-dalles-pourville\/","title":{"rendered":"JOUR 4 \u2013 LES PETITES DALLES > POURVILLE"},"content":{"rendered":"\n<div class=\"wp-block-media-text alignwide is-stacked-on-mobile is-vertically-aligned-top\"><figure class=\"wp-block-media-text__media\"><video controls src=\"https:\/\/www.emmaducher.com\/blog\/wp-content\/uploads\/2022\/09\/JOUR-4-15-juin.mp4\"><\/video><\/figure><div class=\"wp-block-media-text__content\">\n<p><\/p>\n\n\n\n<p>C\u2019est parti pour une nouvelle journ\u00e9e \u00e0 v\u00e9lo sous le soleil normand, entre ch\u00e2teaux, valleuses bois\u00e9es et villages. Le soleil cogne, on a soif, on s\u2019arr\u00eate r\u00e9guli\u00e8rement pour boire. On remplit nos gourdes (griff\u00e9es \u00ab&nbsp;la V\u00e9lomaritime&nbsp;\u00bb) \u00e0 c\u00f4t\u00e9 de l\u2019\u00e9glise St Lubin \u00e0 Ingouville&nbsp;: tous les cimeti\u00e8res ont un point d\u2019eau potable, c\u2019est pratique. On p\u00e9dale sur des petites routes d\u00e9sertes, on profite du paysage.<\/p>\n<\/div><\/div>\n\n\n\n<figure class=\"wp-block-image size-full\"><img loading=\"lazy\" width=\"850\" height=\"547\" src=\"https:\/\/www.emmaducher.com\/blog\/wp-content\/uploads\/2023\/01\/01.jpg\" alt=\"\" class=\"wp-image-14224\"\/><\/figure>\n\n\n\n<figure class=\"wp-block-image size-full\"><img loading=\"lazy\" width=\"1000\" height=\"686\" src=\"https:\/\/www.emmaducher.com\/blog\/wp-content\/uploads\/2023\/01\/17.jpg\" alt=\"\" class=\"wp-image-14241\"\/><\/figure>\n\n\n\n<p>On fait une halte \u00e0 Saint-Valery-en-Caux (Valery se prononce \u00ab&nbsp;valri&nbsp;\u00bb). C\u2019est une petite station baln\u00e9aire dont le port de plaisance s\u2019enfonce profond\u00e9ment au milieu des terres, offrant le spectacle du va-et-vient des bateaux devant les belles villas et les parcs bois\u00e9s. Le front de mer est majestueusement surmont\u00e9 par les colossales falaises de la c\u00f4te d\u2019Alb\u00e2tre.<\/p>\n\n\n\n<figure class=\"wp-container-2 wp-block-gallery-1 wp-block-gallery has-nested-images columns-default is-cropped\">\n<figure class=\"wp-block-image size-large\"><img loading=\"lazy\" width=\"709\" height=\"709\" data-id=\"14227\"  src=\"https:\/\/www.emmaducher.com\/blog\/wp-content\/uploads\/2023\/01\/04.jpg\" alt=\"\" class=\"wp-image-14227\"\/><\/figure>\n\n\n\n<figure class=\"wp-block-image size-large\"><img loading=\"lazy\" width=\"709\" height=\"709\" data-id=\"14228\"  src=\"https:\/\/www.emmaducher.com\/blog\/wp-content\/uploads\/2023\/01\/05.jpg\" alt=\"\" class=\"wp-image-14228\"\/><\/figure>\n<\/figure>\n\n\n\n<p><\/p>\n\n\n\n<figure class=\"wp-block-image size-full\"><img loading=\"lazy\" width=\"992\" height=\"700\" src=\"https:\/\/www.emmaducher.com\/blog\/wp-content\/uploads\/2023\/01\/06.jpg\" alt=\"\" class=\"wp-image-14229\"\/><\/figure>\n\n\n\n<p>Saint-Valery-en-Caux&nbsp; est notre premier coup de c\u0153ur de la journ\u00e9e, mais pas le seul puisque apr\u00e8s 8 km de v\u00e9lo on arrive dans l\u2019un des plus beaux villages de France&nbsp;: Veules-les-Roses.<\/p>\n\n\n\n<figure class=\"wp-block-image size-full\"><img loading=\"lazy\" width=\"1500\" height=\"848\" src=\"https:\/\/www.emmaducher.com\/blog\/wp-content\/uploads\/2023\/01\/18.jpg\" alt=\"\" class=\"wp-image-14242\"\/><\/figure>\n\n\n\n<p>Nous sommes le 15 juin et c\u2019est la bonne p\u00e9riode pour les roses&nbsp;: elles se pressent en masse, g\u00e9n\u00e9reusement, illuminant ruelles et passages. Un parfum divin flotte sur ce village qui semble pr\u00e9serv\u00e9, hors du temps, et c\u2019est un festival de floraisons exub\u00e9rantes de roses qui envahissent les charmantes maisons de brique, chaumi\u00e8res normandes et villas baln\u00e9aires d\u00e9cor\u00e9es de dentelles de boiseries.<\/p>\n\n\n\n<figure class=\"wp-block-image size-full\"><img loading=\"lazy\" width=\"850\" height=\"614\" src=\"https:\/\/www.emmaducher.com\/blog\/wp-content\/uploads\/2023\/01\/10.jpg\" alt=\"\" class=\"wp-image-14233\"\/><\/figure>\n\n\n\n<p>Pour acc\u00e9der \u00e0 la mer, nous suivons le plus petit fleuve de France&nbsp;: longue de 1149 m seulement, la Veules sinue entre anciens moulins et cressonni\u00e8res, offrant une promenade pittoresque. Le front de mer est d\u00e9licieusement surann\u00e9&nbsp;: ses \u00e9tals d\u2019articles de plage color\u00e9s, ses cabines blanches \u00e9tag\u00e9es en terrasses et ses installations baln\u00e9aires semblent inchang\u00e9s depuis les ann\u00e9es 1950, comme un secret bien gard\u00e9 pr\u00e9serv\u00e9 du tourisme de masse.<\/p>\n\n\n\n<figure class=\"wp-block-image size-full\"><img loading=\"lazy\" width=\"1134\" height=\"466\" src=\"https:\/\/www.emmaducher.com\/blog\/wp-content\/uploads\/2023\/01\/11.jpg\" alt=\"\" class=\"wp-image-14234\"\/><\/figure>\n\n\n\n<p>On continue de p\u00e9daler \u00e0 travers champs jusqu\u2019\u00e0 Varengeville-sur-Mer, commune tr\u00e8s arbor\u00e9e dot\u00e9e de magnifiques villas et jardins. D\u00e9ception&nbsp;: les jardins r\u00e9put\u00e9s sont ferm\u00e9s au moment de notre passage (le Bois des Moutiers, le Jardin Shamrock, le Vasterival). Encore une bonne raison de revenir&nbsp;!<\/p>\n\n\n\n<figure class=\"wp-container-4 wp-block-gallery-3 wp-block-gallery has-nested-images columns-default is-cropped\">\n<figure class=\"wp-block-image size-large\"><img loading=\"lazy\" width=\"709\" height=\"945\" data-id=\"14235\"  src=\"https:\/\/www.emmaducher.com\/blog\/wp-content\/uploads\/2023\/01\/12.jpg\" alt=\"\" class=\"wp-image-14235\"\/><\/figure>\n\n\n\n<figure class=\"wp-block-image size-large\"><img loading=\"lazy\" width=\"567\" height=\"751\" data-id=\"14236\"  src=\"https:\/\/www.emmaducher.com\/blog\/wp-content\/uploads\/2023\/01\/13.jpg\" alt=\"\" class=\"wp-image-14236\"\/><\/figure>\n<\/figure>\n\n\n\n<p>On va jusqu\u2019au cimeti\u00e8re marin de Varengeville-sur-Mer, vertigineusement pos\u00e9 en \u00e9quilibre sur les falaises de craie de la&nbsp;<a href=\"https:\/\/fr.wikipedia.org\/wiki\/C%C3%B4te_d%27Alb%C3%A2tre\">C\u00f4te d&rsquo;Alb\u00e2tre<\/a>. L&rsquo;\u00e9glise Saint Valery menace de s\u2019effondrer dans la mer, il est envisag\u00e9 de la d\u00e9placer pour la sauver&nbsp;! La vue est magnifique. Non loin de l\u00e0, le phare d\u2019Ailly donne l\u2019occasion d\u2019une pause aquarelle.<\/p>\n\n\n<div class=\"wp-block-image\">\n<figure class=\"aligncenter size-full\"><img loading=\"lazy\" width=\"709\" height=\"723\" src=\"https:\/\/www.emmaducher.com\/blog\/wp-content\/uploads\/2023\/01\/14.jpg\" alt=\"\" class=\"wp-image-14237\"\/><\/figure><\/div>\n\n\n<p>NOTRE HOTEL POUR LA NUIT\u00a0: <a href=\"https:\/\/www.vuesurmerpourville.com\/fr\" data-type=\"URL\" data-id=\"https:\/\/www.vuesurmerpourville.com\/fr\">l\u2019h\u00f4tel Vue sur Mer<\/a>, \u00e0 Pourville<\/p>\n\n\n\n<figure class=\"wp-block-image size-full\"><img loading=\"lazy\" width=\"1134\" height=\"489\" src=\"https:\/\/www.emmaducher.com\/blog\/wp-content\/uploads\/2023\/01\/15.jpg\" alt=\"\" class=\"wp-image-14238\"\/><\/figure>\n\n\n\n<p>Ce sympathique \u00e9tablissement porte tr\u00e8s bien son nom. On s\u2019y relaxe sur la terrasse privative de notre chambre, avec transats face \u00e0 la plage, on profite du coucher de soleil. Apr\u00e8s un bain de mer d\u00e9lassant, on prend le d\u00eener dans le restaurant de l\u2019h\u00f4tel, qui propose une agr\u00e9able terrasse dans le jardin. Pas de local pour les v\u00e9los, mais on les attache dans le jardin. Le petit-d\u00e9jeuner est \u00e0 l\u2019avenant de l\u2019\u00e9tablissement\u00a0: g\u00e9n\u00e9reux, r\u00e9confortant, accueillant.<\/p>\n\n\n\n<figure class=\"wp-block-image size-full\"><img loading=\"lazy\" width=\"850\" height=\"767\" src=\"https:\/\/www.emmaducher.com\/blog\/wp-content\/uploads\/2023\/01\/16.jpg\" alt=\"\" class=\"wp-image-14239\"\/><\/figure>\n\n\n\n<div class=\"wp-container-5 is-content-justification-center wp-block-buttons\">\n<div class=\"wp-block-button is-style-outline\"><a class=\"wp-block-button__link\" href=\"https:\/\/www.emmaducher.com\/blog\/?p=14064\"><strong>Revenir au parcours<\/strong><\/a><\/div>\n<\/div>\n\n\n\n<p><\/p>\n\n\n\n<div class=\"wp-container-6 is-content-justification-center wp-block-buttons\">\n<div class=\"wp-block-button is-style-outline\"><a class=\"wp-block-button__link\"><strong>Etape suivante : jour 5<\/strong><\/a><\/div>\n<\/div>\n\n\n\n<p><\/p>\n","protected":false},"excerpt":{"rendered":"<p>C\u2019est parti pour une nouvelle journ\u00e9e \u00e0 v\u00e9lo sous le soleil normand, entre ch\u00e2teaux, valleuses bois\u00e9es et villages. Le soleil cogne, on a soif, on s\u2019arr\u00eate r\u00e9guli\u00e8rement pour boire. On remplit nos gourdes (griff\u00e9es \u00ab&nbsp;la V\u00e9lomaritime&nbsp;\u00bb) \u00e0 c\u00f4t\u00e9 de l\u2019\u00e9glise St Lubin \u00e0 Ingouville&nbsp;: tous les cimeti\u00e8res ont un point d\u2019eau potable, c\u2019est pratique. On &hellip; <a href=\"https:\/\/www.emmaducher.com\/blog\/2023\/01\/jour-4-les-petites-dalles-pourville\/\" class=\"more-link\">Continuer la lecture<span class=\"screen-reader-text\"> de &laquo;&nbsp;JOUR 4 \u2013 LES PETITES DALLES > POURVILLE&nbsp;&raquo;<\/span><\/a><\/p>\n","protected":false},"author":1,"featured_media":0,"comment_status":"open","ping_status":"open","sticky":false,"template":"","format":"standard","meta":[],"categories":[1],"tags":[127],"_links":{"self":[{"href":"https:\/\/www.emmaducher.com\/blog\/wp-json\/wp\/v2\/posts\/14015"}],"collection":[{"href":"https:\/\/www.emmaducher.com\/blog\/wp-json\/wp\/v2\/posts"}],"about":[{"href":"https:\/\/www.emmaducher.com\/blog\/wp-json\/wp\/v2\/types\/post"}],"author":[{"embeddable":true,"href":"https:\/\/www.emmaducher.com\/blog\/wp-json\/wp\/v2\/users\/1"}],"replies":[{"embeddable":true,"href":"https:\/\/www.emmaducher.com\/blog\/wp-json\/wp\/v2\/comments?post=14015"}],"version-history":[{"count":7,"href":"https:\/\/www.emmaducher.com\/blog\/wp-json\/wp\/v2\/posts\/14015\/revisions"}],"predecessor-version":[{"id":14245,"href":"https:\/\/www.emmaducher.com\/blog\/wp-json\/wp\/v2\/posts\/14015\/revisions\/14245"}],"wp:attachment":[{"href":"https:\/\/www.emmaducher.com\/blog\/wp-json\/wp\/v2\/media?parent=14015"}],"wp:term":[{"taxonomy":"category","embeddable":true,"href":"https:\/\/www.emmaducher.com\/blog\/wp-json\/wp\/v2\/categories?post=14015"},{"taxonomy":"post_tag","embeddable":true,"href":"https:\/\/www.emmaducher.com\/blog\/wp-json\/wp\/v2\/tags?post=14015"}],"curies":[{"name":"wp","href":"https:\/\/api.w.org\/{rel}","templated":true}]}}