 
{"id":1819,"date":"2009-05-15T09:32:42","date_gmt":"2009-05-15T07:32:42","guid":{"rendered":"http:\/\/www.encreviolette.fr\/?p=1819"},"modified":"2016-03-13T16:34:48","modified_gmt":"2016-03-13T15:34:48","slug":"et-si-je-my-mettais","status":"publish","type":"post","link":"https:\/\/www.emmaducher.com\/blog\/2009\/05\/et-si-je-my-mettais\/","title":{"rendered":"et si je m&rsquo;y mettais&#8230;?"},"content":{"rendered":"<p>Quand je vois la production de <a href=\"http:\/\/ittybittyblog.canalblog.com\/\">Nadia<\/a> pour sa mini-poulette, je me dis qu&rsquo;il serait temps que je me mette \u00e0 tricoter et \u00e0 coudre pour mini3&#8230;!<br \/>\nMais m\u00eame en m&rsquo;y mettant maintenant, il (ou elle hein, je dis \u00ab\u00a0il\u00a0\u00bb pour \u00ab\u00a0le\u00a0\u00bb b\u00e9b\u00e9!) n&rsquo;aura jamais <a href=\"http:\/\/ittybittyblog.canalblog.com\/archives\/2009\/05\/10\/13608614.html#comments\">une garde robe aussi remplie que sa copine suisse<\/a>.<\/p>\n<p>Alors bon, je commence par quoi?<br \/>\npfiou&#8230; j&rsquo;ai tellement de projets en t\u00eate pour Violette, Z\u00e9lie et moi! M\u00e8re indigne que je suis!<\/p>\n<p>j&rsquo;ai fini un petit gilet rose p\u00e9tale pour un b\u00e9b\u00e9-fille de mai, et j&rsquo;ai tricot\u00e9 pour mini3, en m\u00eame temps, la version gris acier, il aura toujours \u00e7a \u00e0 se mettre!<\/p>\n<p><img loading=\"lazy\" class=\"aligncenter size-full wp-image-2012\" title=\"layette-rose-gris\" src=\"\/\/www.emmaducher.com\/blog\/wp-content\/uploads\/2009\/05\/layette-rose-gris.jpg\" alt=\"layette-rose-gris\" width=\"500\" height=\"992\" srcset=\"https:\/\/www.emmaducher.com\/blog\/wp-content\/uploads\/2009\/05\/layette-rose-gris.jpg 500w, https:\/\/www.emmaducher.com\/blog\/wp-content\/uploads\/2009\/05\/layette-rose-gris-151x300.jpg 151w\" sizes=\"(max-width: 500px) 85vw, 500px\" \/><\/p>\n<h5 style=\"text-align: left;\">Mod\u00e8le cardigan raglan p. 80 du livre<a href=\"http:\/\/tricots-de-la-droguerie.fr\/?p=154\"> le 3\u00e8me b\u00e9b\u00e9 de la Droguerie<\/a>.<\/h5>\n<h5 style=\"text-align: left;\">kale\u00efdo rose p\u00e9tale (taille 3 mois), kale\u00efdo acier (taille naissance, avec manches raccourcies).<\/h5>\n","protected":false},"excerpt":{"rendered":"<p>Quand je vois la production de Nadia pour sa mini-poulette, je me dis qu&rsquo;il serait temps que je me mette \u00e0 tricoter et \u00e0 coudre pour mini3&#8230;! Mais m\u00eame en m&rsquo;y mettant maintenant, il (ou elle hein, je dis \u00ab\u00a0il\u00a0\u00bb pour \u00ab\u00a0le\u00a0\u00bb b\u00e9b\u00e9!) n&rsquo;aura jamais une garde robe aussi remplie que sa copine suisse. Alors &hellip; <a href=\"https:\/\/www.emmaducher.com\/blog\/2009\/05\/et-si-je-my-mettais\/\" class=\"more-link\">Continuer la lecture<span class=\"screen-reader-text\"> de &laquo;&nbsp;et si je m&rsquo;y mettais&#8230;?&nbsp;&raquo;<\/span><\/a><\/p>\n","protected":false},"author":1,"featured_media":10434,"comment_status":"open","ping_status":"open","sticky":false,"template":"","format":"standard","meta":[],"categories":[70,96],"tags":[113],"_links":{"self":[{"href":"https:\/\/www.emmaducher.com\/blog\/wp-json\/wp\/v2\/posts\/1819"}],"collection":[{"href":"https:\/\/www.emmaducher.com\/blog\/wp-json\/wp\/v2\/posts"}],"about":[{"href":"https:\/\/www.emmaducher.com\/blog\/wp-json\/wp\/v2\/types\/post"}],"author":[{"embeddable":true,"href":"https:\/\/www.emmaducher.com\/blog\/wp-json\/wp\/v2\/users\/1"}],"replies":[{"embeddable":true,"href":"https:\/\/www.emmaducher.com\/blog\/wp-json\/wp\/v2\/comments?post=1819"}],"version-history":[{"count":5,"href":"https:\/\/www.emmaducher.com\/blog\/wp-json\/wp\/v2\/posts\/1819\/revisions"}],"predecessor-version":[{"id":2015,"href":"https:\/\/www.emmaducher.com\/blog\/wp-json\/wp\/v2\/posts\/1819\/revisions\/2015"}],"wp:featuredmedia":[{"embeddable":true,"href":"https:\/\/www.emmaducher.com\/blog\/wp-json\/wp\/v2\/media\/10434"}],"wp:attachment":[{"href":"https:\/\/www.emmaducher.com\/blog\/wp-json\/wp\/v2\/media?parent=1819"}],"wp:term":[{"taxonomy":"category","embeddable":true,"href":"https:\/\/www.emmaducher.com\/blog\/wp-json\/wp\/v2\/categories?post=1819"},{"taxonomy":"post_tag","embeddable":true,"href":"https:\/\/www.emmaducher.com\/blog\/wp-json\/wp\/v2\/tags?post=1819"}],"curies":[{"name":"wp","href":"https:\/\/api.w.org\/{rel}","templated":true}]}}