 
{"id":1835,"date":"2009-05-06T08:49:39","date_gmt":"2009-05-06T06:49:39","guid":{"rendered":"http:\/\/www.encreviolette.fr\/?p=1835"},"modified":"2009-05-06T22:48:11","modified_gmt":"2009-05-06T20:48:11","slug":"le-noir-cest-beau-comme-le-rose","status":"publish","type":"post","link":"https:\/\/www.emmaducher.com\/blog\/2009\/05\/le-noir-cest-beau-comme-le-rose\/","title":{"rendered":"\u00ab\u00a0le noir c&rsquo;est beau comme le rose&#8230;\u00a0\u00bb"},"content":{"rendered":"<p style=\"text-align: left;\">&#8230;dixit Z\u00e9lie qui m&rsquo;a expliqu\u00e9 sa grande th\u00e9orie sur la couleur : elle n&rsquo;aime pas le noir en coloriage (donc les feutres noirs restent neufs dans leur bo\u00eete!) mais en habits, elle aime toutes les couleurs, ouf&#8230;!<\/p>\n<p style=\"text-align: left;\">J&rsquo;ai r\u00e9par\u00e9 l&rsquo;injustice du <a href=\"http:\/\/www.emmaducher.com\/blog\/2009\/04\/un-joli-mercredi-pour-violette\/\">pr\u00e9c\u00e9dent joli mercredi<\/a>,&#8230; Z\u00e9lie a aussi droit \u00e0 sa tenue pour un joli mercredi!<\/p>\n<p style=\"text-align: left;\"><img src=\"file:\/\/\/C:\/Users\/emma\/AppData\/Local\/Temp\/moz-screenshot-1.jpg\" alt=\"\" \/><\/p>\n<p style=\"text-align: center;\"><img src=\"file:\/\/\/C:\/Users\/emma\/AppData\/Local\/Temp\/moz-screenshot-2.jpg\" alt=\"\" \/><\/p>\n<p style=\"text-align: center;\"><a href=\"http:\/\/tricots-de-la-droguerie.fr\/?cat=15\"><img loading=\"lazy\" class=\"aligncenter size-full wp-image-1921\" title=\"banniere3\" src=\"\/\/www.emmaducher.com\/blog\/wp-content\/uploads\/2009\/05\/banniere3.jpg\" alt=\"banniere3\" width=\"300\" height=\"60\" \/><\/a><\/p>\n<h5 style=\"text-align: center;\"><img loading=\"lazy\" class=\"size-full wp-image-1919 aligncenter\" title=\"mercredizelie\" src=\"\/\/www.emmaducher.com\/blog\/wp-content\/uploads\/2009\/05\/mercredizelie.jpg\" alt=\"mercredizelie\" width=\"450\" height=\"688\" srcset=\"https:\/\/www.emmaducher.com\/blog\/wp-content\/uploads\/2009\/05\/mercredizelie.jpg 450w, https:\/\/www.emmaducher.com\/blog\/wp-content\/uploads\/2009\/05\/mercredizelie-196x300.jpg 196w\" sizes=\"(max-width: 450px) 85vw, 450px\" \/><\/h5>\n<ul>\n<li>\n<h5>pantalon patron maison.<\/h5>\n<\/li>\n<li>\n<h5>gilet cashmere (fallait au moins \u00e7a pour se faire pardonner!) noir, boutons tr\u00e8fles argent\u00e9s (taille 6 ans, facile \u00e0 tricoter!)<\/h5>\n<\/li>\n<li>\n<h5>tunique manches raglans (taille 6 ans, un mod\u00e8le qui tombe bien, les raglans et l&rsquo;encolure sont tr\u00e8s chouettes, j&rsquo;ai juste bidouill\u00e9 la fente d&rsquo;encolure un peu \u00e0 ma fa\u00e7on)\u00a0 en Liberty Millie (mais comme il est beau celui-l\u00e0!).<\/h5>\n<\/li>\n<\/ul>\n<h5 style=\"text-align: justify;\">fournitures et patrons gilet et tunique d&rsquo;<a href=\"http:\/\/tricots-de-la-droguerie.fr\/\">ici<\/a>!<\/h5>\n<p style=\"text-align: left;\">j&rsquo;ai toujours eu un faible pour les couleurs fonc\u00e9es sur les enfants, et notamment le noir et il ne m&rsquo;a pas fallu longtemps pour convaincre Z\u00e9lie, pour le moment tout ce qui vient de mes aiguilles ou de ma machine \u00e0 coudre est forc\u00e9ment beau, noir ou rose!<\/p>\n","protected":false},"excerpt":{"rendered":"<p>&#8230;dixit Z\u00e9lie qui m&rsquo;a expliqu\u00e9 sa grande th\u00e9orie sur la couleur : elle n&rsquo;aime pas le noir en coloriage (donc les feutres noirs restent neufs dans leur bo\u00eete!) mais en habits, elle aime toutes les couleurs, ouf&#8230;! J&rsquo;ai r\u00e9par\u00e9 l&rsquo;injustice du pr\u00e9c\u00e9dent joli mercredi,&#8230; Z\u00e9lie a aussi droit \u00e0 sa tenue pour un joli mercredi! &hellip; <a href=\"https:\/\/www.emmaducher.com\/blog\/2009\/05\/le-noir-cest-beau-comme-le-rose\/\" class=\"more-link\">Continuer la lecture<span class=\"screen-reader-text\"> de &laquo;&nbsp;\u00ab\u00a0le noir c&rsquo;est beau comme le rose&#8230;\u00a0\u00bb&nbsp;&raquo;<\/span><\/a><\/p>\n","protected":false},"author":1,"featured_media":0,"comment_status":"open","ping_status":"open","sticky":false,"template":"","format":"standard","meta":[],"categories":[79],"tags":[],"_links":{"self":[{"href":"https:\/\/www.emmaducher.com\/blog\/wp-json\/wp\/v2\/posts\/1835"}],"collection":[{"href":"https:\/\/www.emmaducher.com\/blog\/wp-json\/wp\/v2\/posts"}],"about":[{"href":"https:\/\/www.emmaducher.com\/blog\/wp-json\/wp\/v2\/types\/post"}],"author":[{"embeddable":true,"href":"https:\/\/www.emmaducher.com\/blog\/wp-json\/wp\/v2\/users\/1"}],"replies":[{"embeddable":true,"href":"https:\/\/www.emmaducher.com\/blog\/wp-json\/wp\/v2\/comments?post=1835"}],"version-history":[{"count":15,"href":"https:\/\/www.emmaducher.com\/blog\/wp-json\/wp\/v2\/posts\/1835\/revisions"}],"predecessor-version":[{"id":1935,"href":"https:\/\/www.emmaducher.com\/blog\/wp-json\/wp\/v2\/posts\/1835\/revisions\/1935"}],"wp:attachment":[{"href":"https:\/\/www.emmaducher.com\/blog\/wp-json\/wp\/v2\/media?parent=1835"}],"wp:term":[{"taxonomy":"category","embeddable":true,"href":"https:\/\/www.emmaducher.com\/blog\/wp-json\/wp\/v2\/categories?post=1835"},{"taxonomy":"post_tag","embeddable":true,"href":"https:\/\/www.emmaducher.com\/blog\/wp-json\/wp\/v2\/tags?post=1835"}],"curies":[{"name":"wp","href":"https:\/\/api.w.org\/{rel}","templated":true}]}}