 
{"id":1893,"date":"2009-05-04T20:35:57","date_gmt":"2009-05-04T18:35:57","guid":{"rendered":"http:\/\/www.encreviolette.fr\/?p=1893"},"modified":"2009-05-04T09:31:50","modified_gmt":"2009-05-04T07:31:50","slug":"trendy-stress","status":"publish","type":"post","link":"https:\/\/www.emmaducher.com\/blog\/2009\/05\/trendy-stress\/","title":{"rendered":"trendy stress!"},"content":{"rendered":"<p><a href=\"http:\/\/www.trico13.com\/tricot\/7\/th%C3%A8me-pour-t13-de-mai\">Le 13 mai<\/a> approche et pourtant, mon trendy ch\u00e2le me pose des probl\u00e8mes&#8230;<br \/>\nPour le moment donc, il m&rsquo;\u00e9nerve et fait un petit s\u00e9jour au fond du panier, \u00e7a <span style=\"text-decoration: line-through;\">le<\/span> me calmera!<br \/>\nAlors pour me changer les id\u00e9es, je pense d\u00e9j\u00e0 \u00e0 mes petites couleurs sorbets, fruit\u00e9es pour le <a href=\"http:\/\/www.trico13.com\/\">T13 de juin<\/a>&#8230; pour ce que je vais en faire, j&rsquo;ai d\u00e9j\u00e0 ma petite id\u00e9e, mais je ne m&rsquo;avance pas, si jamais la loose du trendy me poursuivait&#8230;!<br \/>\nEt vous?<br \/>\nPr\u00eates pour T13 de mai?<br \/>\nDes id\u00e9es pour le T13 de juin?<\/p>\n<p style=\"text-align: center;\"><img loading=\"lazy\" class=\"size-full wp-image-1902 aligncenter\" title=\"t13juin1\" src=\"\/\/www.emmaducher.com\/blog\/wp-content\/uploads\/2009\/05\/t13juin1.jpg\" alt=\"t13juin1\" width=\"472\" height=\"340\" srcset=\"https:\/\/www.emmaducher.com\/blog\/wp-content\/uploads\/2009\/05\/t13juin1.jpg 472w, https:\/\/www.emmaducher.com\/blog\/wp-content\/uploads\/2009\/05\/t13juin1-300x216.jpg 300w\" sizes=\"(max-width: 472px) 85vw, 472px\" \/><\/p>\n<h5 style=\"text-align: center;\"><a href=\"http:\/\/tricots-de-la-droguerie.fr\/?p=1124\">kal\u00e9\u00efdo de la Droguerie<\/a><\/h5>\n<p style=\"text-align: center;\">\n","protected":false},"excerpt":{"rendered":"<p>Le 13 mai approche et pourtant, mon trendy ch\u00e2le me pose des probl\u00e8mes&#8230; Pour le moment donc, il m&rsquo;\u00e9nerve et fait un petit s\u00e9jour au fond du panier, \u00e7a le me calmera! Alors pour me changer les id\u00e9es, je pense d\u00e9j\u00e0 \u00e0 mes petites couleurs sorbets, fruit\u00e9es pour le T13 de juin&#8230; pour ce que &hellip; <a href=\"https:\/\/www.emmaducher.com\/blog\/2009\/05\/trendy-stress\/\" class=\"more-link\">Continuer la lecture<span class=\"screen-reader-text\"> de &laquo;&nbsp;trendy stress!&nbsp;&raquo;<\/span><\/a><\/p>\n","protected":false},"author":1,"featured_media":0,"comment_status":"open","ping_status":"open","sticky":false,"template":"","format":"standard","meta":[],"categories":[95,70],"tags":[],"_links":{"self":[{"href":"https:\/\/www.emmaducher.com\/blog\/wp-json\/wp\/v2\/posts\/1893"}],"collection":[{"href":"https:\/\/www.emmaducher.com\/blog\/wp-json\/wp\/v2\/posts"}],"about":[{"href":"https:\/\/www.emmaducher.com\/blog\/wp-json\/wp\/v2\/types\/post"}],"author":[{"embeddable":true,"href":"https:\/\/www.emmaducher.com\/blog\/wp-json\/wp\/v2\/users\/1"}],"replies":[{"embeddable":true,"href":"https:\/\/www.emmaducher.com\/blog\/wp-json\/wp\/v2\/comments?post=1893"}],"version-history":[{"count":11,"href":"https:\/\/www.emmaducher.com\/blog\/wp-json\/wp\/v2\/posts\/1893\/revisions"}],"predecessor-version":[{"id":1905,"href":"https:\/\/www.emmaducher.com\/blog\/wp-json\/wp\/v2\/posts\/1893\/revisions\/1905"}],"wp:attachment":[{"href":"https:\/\/www.emmaducher.com\/blog\/wp-json\/wp\/v2\/media?parent=1893"}],"wp:term":[{"taxonomy":"category","embeddable":true,"href":"https:\/\/www.emmaducher.com\/blog\/wp-json\/wp\/v2\/categories?post=1893"},{"taxonomy":"post_tag","embeddable":true,"href":"https:\/\/www.emmaducher.com\/blog\/wp-json\/wp\/v2\/tags?post=1893"}],"curies":[{"name":"wp","href":"https:\/\/api.w.org\/{rel}","templated":true}]}}