 
{"id":2232,"date":"2009-06-07T11:38:43","date_gmt":"2009-06-07T09:38:43","guid":{"rendered":"http:\/\/www.encreviolette.fr\/?p=2232"},"modified":"2009-06-07T11:47:20","modified_gmt":"2009-06-07T09:47:20","slug":"les-bo-assorties-a-la-tunique-et-a-la-chambre-des-poulettes","status":"publish","type":"post","link":"https:\/\/www.emmaducher.com\/blog\/2009\/06\/les-bo-assorties-a-la-tunique-et-a-la-chambre-des-poulettes\/","title":{"rendered":"les B.O assorties \u00e0 la tunique et \u00e0 la chambre des poulettes!"},"content":{"rendered":"<p>Bon au d\u00e9part, rien \u00e0 voir avec la chambre de Violette et Z\u00e9lie! Les BO assorties \u00e0 la tunique, c&rsquo;\u00e9tait pour un mariage, pas pour m&rsquo;assortir \u00e0 la chambre des poulettes&#8230;<br \/>\nquoique&#8230; inspiration mutuelle peut \u00eatre : chambre inspir\u00e9e par les BO et la tunique ou tunique et BO inspir\u00e9es de la chambre&#8230;?<\/p>\n<h5 style=\"text-align: center;\"><img loading=\"lazy\" class=\"aligncenter size-full wp-image-2237\" title=\"bo-orange1\" src=\"\/\/www.emmaducher.com\/blog\/wp-content\/uploads\/2009\/06\/bo-orange1.jpg\" alt=\"bo-orange1\" width=\"450\" height=\"808\" srcset=\"https:\/\/www.emmaducher.com\/blog\/wp-content\/uploads\/2009\/06\/bo-orange1.jpg 450w, https:\/\/www.emmaducher.com\/blog\/wp-content\/uploads\/2009\/06\/bo-orange1-167x300.jpg 167w\" sizes=\"(max-width: 450px) 85vw, 450px\" \/>fournitures (dont pas mal de choses collection P\/E 2009) : <a href=\"http:\/\/tricots-de-la-droguerie.fr\/\">ici<\/a>!<\/h5>\n<p style=\"text-align: center;\">\n<p><span style=\"color: #ffffff;\">A<\/span><\/p>\n<p>Alors p\u00e9riode orange oblige, voici des extraits de la fameuse chambre :<\/p>\n<p><img loading=\"lazy\" class=\"aligncenter size-full wp-image-2248\" title=\"chambre-filles1\" src=\"\/\/www.emmaducher.com\/blog\/wp-content\/uploads\/2009\/06\/chambre-filles1.jpg\" alt=\"chambre-filles1\" width=\"500\" height=\"710\" srcset=\"https:\/\/www.emmaducher.com\/blog\/wp-content\/uploads\/2009\/06\/chambre-filles1.jpg 500w, https:\/\/www.emmaducher.com\/blog\/wp-content\/uploads\/2009\/06\/chambre-filles1-211x300.jpg 211w\" sizes=\"(max-width: 500px) 85vw, 500px\" \/><\/p>\n<p>repeinte en un temps record <em>-je te remercie <a href=\"http:\/\/toune.com\/\">Matthias<\/a> (c&rsquo;est bon l\u00e0?)-<\/em>, on recherche une jolie baguette pour encadrer le tableau noir (bonnes id\u00e9es bienvenues!!) peint directement sur le mur <em>-et je te remercie encore Matthias pour le joli porte-craies en bois fabriqu\u00e9 avec-amour-pour-tes-ni\u00e8ces-ador\u00e9es (mais heureusement qu&rsquo;on ne voit pas le carnage des clous \u00e0 l&rsquo;arri\u00e8re hein?)-.<\/p>\n<p><\/em>Au dessus du bureau des filles, rail, pots en c\u00e9ramiques et pinces <a href=\"http:\/\/www.ikea.com\/fr\/fr\/\">Ik\u00e9a<\/a>, id\u00e9e piqu\u00e9e dans l&rsquo;atelier de <a href=\"http:\/\/commelalune.canalblog.com\/\">G\u00e9<\/a>.<em><br \/>\n<\/em>Rideau de penderie home made.<em><\/em><\/p>\n","protected":false},"excerpt":{"rendered":"<p>Bon au d\u00e9part, rien \u00e0 voir avec la chambre de Violette et Z\u00e9lie! Les BO assorties \u00e0 la tunique, c&rsquo;\u00e9tait pour un mariage, pas pour m&rsquo;assortir \u00e0 la chambre des poulettes&#8230; quoique&#8230; inspiration mutuelle peut \u00eatre : chambre inspir\u00e9e par les BO et la tunique ou tunique et BO inspir\u00e9es de la chambre&#8230;? fournitures (dont &hellip; <a href=\"https:\/\/www.emmaducher.com\/blog\/2009\/06\/les-bo-assorties-a-la-tunique-et-a-la-chambre-des-poulettes\/\" class=\"more-link\">Continuer la lecture<span class=\"screen-reader-text\"> de &laquo;&nbsp;les B.O assorties \u00e0 la tunique et \u00e0 la chambre des poulettes!&nbsp;&raquo;<\/span><\/a><\/p>\n","protected":false},"author":1,"featured_media":0,"comment_status":"open","ping_status":"open","sticky":false,"template":"","format":"standard","meta":[],"categories":[69,89],"tags":[],"_links":{"self":[{"href":"https:\/\/www.emmaducher.com\/blog\/wp-json\/wp\/v2\/posts\/2232"}],"collection":[{"href":"https:\/\/www.emmaducher.com\/blog\/wp-json\/wp\/v2\/posts"}],"about":[{"href":"https:\/\/www.emmaducher.com\/blog\/wp-json\/wp\/v2\/types\/post"}],"author":[{"embeddable":true,"href":"https:\/\/www.emmaducher.com\/blog\/wp-json\/wp\/v2\/users\/1"}],"replies":[{"embeddable":true,"href":"https:\/\/www.emmaducher.com\/blog\/wp-json\/wp\/v2\/comments?post=2232"}],"version-history":[{"count":15,"href":"https:\/\/www.emmaducher.com\/blog\/wp-json\/wp\/v2\/posts\/2232\/revisions"}],"predecessor-version":[{"id":2257,"href":"https:\/\/www.emmaducher.com\/blog\/wp-json\/wp\/v2\/posts\/2232\/revisions\/2257"}],"wp:attachment":[{"href":"https:\/\/www.emmaducher.com\/blog\/wp-json\/wp\/v2\/media?parent=2232"}],"wp:term":[{"taxonomy":"category","embeddable":true,"href":"https:\/\/www.emmaducher.com\/blog\/wp-json\/wp\/v2\/categories?post=2232"},{"taxonomy":"post_tag","embeddable":true,"href":"https:\/\/www.emmaducher.com\/blog\/wp-json\/wp\/v2\/tags?post=2232"}],"curies":[{"name":"wp","href":"https:\/\/api.w.org\/{rel}","templated":true}]}}