 
{"id":2575,"date":"2009-07-24T08:29:53","date_gmt":"2009-07-24T06:29:53","guid":{"rendered":"http:\/\/www.encreviolette.fr\/?p=2575"},"modified":"2009-07-23T22:52:17","modified_gmt":"2009-07-23T20:52:17","slug":"valises","status":"publish","type":"post","link":"https:\/\/www.emmaducher.com\/blog\/2009\/07\/valises\/","title":{"rendered":"les valises"},"content":{"rendered":"<p>On va bien finir par arriver au terme.<br \/>\nPas beaucoup de choses \u00e0 pr\u00e9parer, mais quand m\u00eame, il faut se tenir pr\u00eate \u00e0 partir&#8230;<\/p>\n<h6>C&rsquo;est vrai que \u00e7a va plus vite pour un 3\u00e8me?<\/h6>\n<p style=\"text-align: center;\"><img loading=\"lazy\" class=\"size-full wp-image-2581 aligncenter\" title=\"valises\" src=\"\/\/www.emmaducher.com\/blog\/wp-content\/uploads\/2009\/07\/valises.jpg\" alt=\"valises\" width=\"323\" height=\"790\" srcset=\"https:\/\/www.emmaducher.com\/blog\/wp-content\/uploads\/2009\/07\/valises.jpg 323w, https:\/\/www.emmaducher.com\/blog\/wp-content\/uploads\/2009\/07\/valises-123x300.jpg 123w\" sizes=\"(max-width: 323px) 85vw, 323px\" \/><\/p>\n<h5 style=\"text-align: center;\">Et pour Violette et Z\u00e9lie qui vont partir en vacances en Bretagne<br \/>\nune petite valisette en carton (Monop&rsquo;, nouvelle collec&rsquo;)<br \/>\ngarnie de petites bricolettes&#8230; (\u00e7a c&rsquo;est l&rsquo;effet m\u00e8re indigne qui s&rsquo;en veut!)<\/h5>\n<p><span style=\"color: #ffffff;\">A<\/span><\/p>\n","protected":false},"excerpt":{"rendered":"<p>On va bien finir par arriver au terme. Pas beaucoup de choses \u00e0 pr\u00e9parer, mais quand m\u00eame, il faut se tenir pr\u00eate \u00e0 partir&#8230; C&rsquo;est vrai que \u00e7a va plus vite pour un 3\u00e8me? Et pour Violette et Z\u00e9lie qui vont partir en vacances en Bretagne une petite valisette en carton (Monop&rsquo;, nouvelle collec&rsquo;) garnie &hellip; <a href=\"https:\/\/www.emmaducher.com\/blog\/2009\/07\/valises\/\" class=\"more-link\">Continuer la lecture<span class=\"screen-reader-text\"> de &laquo;&nbsp;les valises&nbsp;&raquo;<\/span><\/a><\/p>\n","protected":false},"author":1,"featured_media":0,"comment_status":"open","ping_status":"open","sticky":false,"template":"","format":"standard","meta":[],"categories":[96],"tags":[],"_links":{"self":[{"href":"https:\/\/www.emmaducher.com\/blog\/wp-json\/wp\/v2\/posts\/2575"}],"collection":[{"href":"https:\/\/www.emmaducher.com\/blog\/wp-json\/wp\/v2\/posts"}],"about":[{"href":"https:\/\/www.emmaducher.com\/blog\/wp-json\/wp\/v2\/types\/post"}],"author":[{"embeddable":true,"href":"https:\/\/www.emmaducher.com\/blog\/wp-json\/wp\/v2\/users\/1"}],"replies":[{"embeddable":true,"href":"https:\/\/www.emmaducher.com\/blog\/wp-json\/wp\/v2\/comments?post=2575"}],"version-history":[{"count":10,"href":"https:\/\/www.emmaducher.com\/blog\/wp-json\/wp\/v2\/posts\/2575\/revisions"}],"predecessor-version":[{"id":2579,"href":"https:\/\/www.emmaducher.com\/blog\/wp-json\/wp\/v2\/posts\/2575\/revisions\/2579"}],"wp:attachment":[{"href":"https:\/\/www.emmaducher.com\/blog\/wp-json\/wp\/v2\/media?parent=2575"}],"wp:term":[{"taxonomy":"category","embeddable":true,"href":"https:\/\/www.emmaducher.com\/blog\/wp-json\/wp\/v2\/categories?post=2575"},{"taxonomy":"post_tag","embeddable":true,"href":"https:\/\/www.emmaducher.com\/blog\/wp-json\/wp\/v2\/tags?post=2575"}],"curies":[{"name":"wp","href":"https:\/\/api.w.org\/{rel}","templated":true}]}}