 
{"id":2793,"date":"2009-09-19T10:26:16","date_gmt":"2009-09-19T08:26:16","guid":{"rendered":"http:\/\/www.encreviolette.fr\/?p=2793"},"modified":"2009-09-17T22:53:11","modified_gmt":"2009-09-17T20:53:11","slug":"et-les-filles","status":"publish","type":"post","link":"https:\/\/www.emmaducher.com\/blog\/2009\/09\/et-les-filles\/","title":{"rendered":"et les filles?"},"content":{"rendered":"<p style=\"text-align: justify;\">On voit beaucoup Ernest non sur ce blog?<br \/>\nPas de panique, je couds et je tricote pour Violette, Z\u00e9lie, et moi quand il m&rsquo;en laisse le temps&#8230; hum.<br \/>\nCe n&rsquo;est pas un petit fr\u00e8re qu&rsquo;elles ont, mais une bernique, un microbe, qui bizarrement a besoin d&rsquo;\u00eatre accroch\u00e9 \u00e0 sa maman, m\u00eame et surtout quand elle tricote. (vous voyez ce que je veux dire <a href=\"http:\/\/auremalou.canalblog.com\/\">les<\/a> <a href=\"http:\/\/22rue.canalblog.com\/\">copines<\/a>?)\n<\/p>\n<p style=\"text-align: center;\"><img loading=\"lazy\" class=\"size-full wp-image-2794 aligncenter\" title=\"005\" src=\"\/\/www.emmaducher.com\/blog\/wp-content\/uploads\/2009\/09\/005.jpg\" alt=\"005\" width=\"300\" height=\"346\" srcset=\"https:\/\/www.emmaducher.com\/blog\/wp-content\/uploads\/2009\/09\/005.jpg 300w, https:\/\/www.emmaducher.com\/blog\/wp-content\/uploads\/2009\/09\/005-260x300.jpg 260w\" sizes=\"(max-width: 300px) 85vw, 300px\" \/><\/p>\n<h5 style=\"text-align: center;\">La parade : les aiguilles circulaires&#8230;!<br \/>\nOui, c&rsquo;est super pratique car moins encombrant que des aiguilles droites.<br \/>\nId\u00e9al avec un b\u00e9b\u00e9 accroch\u00e9 sur soi.<\/h5>\n<p style=\"text-align: center;\">\n","protected":false},"excerpt":{"rendered":"<p>On voit beaucoup Ernest non sur ce blog? Pas de panique, je couds et je tricote pour Violette, Z\u00e9lie, et moi quand il m&rsquo;en laisse le temps&#8230; hum. Ce n&rsquo;est pas un petit fr\u00e8re qu&rsquo;elles ont, mais une bernique, un microbe, qui bizarrement a besoin d&rsquo;\u00eatre accroch\u00e9 \u00e0 sa maman, m\u00eame et surtout quand elle &hellip; <a href=\"https:\/\/www.emmaducher.com\/blog\/2009\/09\/et-les-filles\/\" class=\"more-link\">Continuer la lecture<span class=\"screen-reader-text\"> de &laquo;&nbsp;et les filles?&nbsp;&raquo;<\/span><\/a><\/p>\n","protected":false},"author":1,"featured_media":0,"comment_status":"open","ping_status":"open","sticky":false,"template":"","format":"standard","meta":[],"categories":[97],"tags":[],"_links":{"self":[{"href":"https:\/\/www.emmaducher.com\/blog\/wp-json\/wp\/v2\/posts\/2793"}],"collection":[{"href":"https:\/\/www.emmaducher.com\/blog\/wp-json\/wp\/v2\/posts"}],"about":[{"href":"https:\/\/www.emmaducher.com\/blog\/wp-json\/wp\/v2\/types\/post"}],"author":[{"embeddable":true,"href":"https:\/\/www.emmaducher.com\/blog\/wp-json\/wp\/v2\/users\/1"}],"replies":[{"embeddable":true,"href":"https:\/\/www.emmaducher.com\/blog\/wp-json\/wp\/v2\/comments?post=2793"}],"version-history":[{"count":8,"href":"https:\/\/www.emmaducher.com\/blog\/wp-json\/wp\/v2\/posts\/2793\/revisions"}],"predecessor-version":[{"id":2805,"href":"https:\/\/www.emmaducher.com\/blog\/wp-json\/wp\/v2\/posts\/2793\/revisions\/2805"}],"wp:attachment":[{"href":"https:\/\/www.emmaducher.com\/blog\/wp-json\/wp\/v2\/media?parent=2793"}],"wp:term":[{"taxonomy":"category","embeddable":true,"href":"https:\/\/www.emmaducher.com\/blog\/wp-json\/wp\/v2\/categories?post=2793"},{"taxonomy":"post_tag","embeddable":true,"href":"https:\/\/www.emmaducher.com\/blog\/wp-json\/wp\/v2\/tags?post=2793"}],"curies":[{"name":"wp","href":"https:\/\/api.w.org\/{rel}","templated":true}]}}