 
{"id":2817,"date":"2009-09-22T14:00:42","date_gmt":"2009-09-22T12:00:42","guid":{"rendered":"http:\/\/www.encreviolette.fr\/?p=2817"},"modified":"2009-09-22T14:00:42","modified_gmt":"2009-09-22T12:00:42","slug":"du-violet-pour-ernest","status":"publish","type":"post","link":"https:\/\/www.emmaducher.com\/blog\/2009\/09\/du-violet-pour-ernest\/","title":{"rendered":"du violet pour Ernest"},"content":{"rendered":"<p>B\u00e9b\u00e9, Violette avait souvent eu des cadeaux de naissance violet, forc\u00e9ment!<br \/>\nOn retrouve cette tendance pour Ernest (rapport \u00e0 l&rsquo;Encre Violette, forc\u00e9ment aussi.)<\/p>\n<p><a href=\"http:\/\/commelalune.canalblog.com\/\">Madame Comme La Lune<\/a> lui a offert un de <a href=\"http:\/\/commelalune.canalblog.com\/albums\/bavoirs\/index.html\">ses jolis bavoirs<\/a>, assorti au petit bol et aux couverts (dans des petits paquets toujours sublimes chez G\u00e9, avec mille douceurs sucr\u00e9es toujours dans les tons, mais impossible de remettre la main sur les photos prises&#8230; alala entre mon APN malade et le petit APN que je ne retrouve jamais&#8230;, tu m&rsquo;excuses hein G\u00e9?).<br \/>\nEt <a href=\"http:\/\/lsmorin.blogspot.com\/\">Ellemme<\/a> lui a tricot\u00e9 un joli cardigan au point mousse (il faut attendre quelques mois pour avoir une jolie photo de lui dedans!). Cette couleur est tr\u00e8s chouette, et Ernest ne passera pas \u00e0 travers les gouttes : il portera du violet!<\/p>\n<p style=\"text-align: center;\"><img loading=\"lazy\" class=\"size-full wp-image-2818 aligncenter\" src=\"\/\/www.emmaducher.com\/blog\/wp-content\/uploads\/2009\/09\/2.jpg\" alt=\"\" width=\"450\" height=\"1000\" srcset=\"https:\/\/www.emmaducher.com\/blog\/wp-content\/uploads\/2009\/09\/2.jpg 450w, https:\/\/www.emmaducher.com\/blog\/wp-content\/uploads\/2009\/09\/2-135x300.jpg 135w\" sizes=\"(max-width: 450px) 85vw, 450px\" \/><\/p>\n<h5 style=\"text-align: center;\"><strong><\/strong><strong>Merci les filles, ou Ernest, g\u00e2t\u00e9 pourri, #20, #21<\/strong><\/h5>\n<p><strong><span style=\"color: #ffffff;\">a<\/span><br \/>\n<\/strong><\/p>\n","protected":false},"excerpt":{"rendered":"<p>B\u00e9b\u00e9, Violette avait souvent eu des cadeaux de naissance violet, forc\u00e9ment! On retrouve cette tendance pour Ernest (rapport \u00e0 l&rsquo;Encre Violette, forc\u00e9ment aussi.) Madame Comme La Lune lui a offert un de ses jolis bavoirs, assorti au petit bol et aux couverts (dans des petits paquets toujours sublimes chez G\u00e9, avec mille douceurs sucr\u00e9es toujours &hellip; <a href=\"https:\/\/www.emmaducher.com\/blog\/2009\/09\/du-violet-pour-ernest\/\" class=\"more-link\">Continuer la lecture<span class=\"screen-reader-text\"> de &laquo;&nbsp;du violet pour Ernest&nbsp;&raquo;<\/span><\/a><\/p>\n","protected":false},"author":1,"featured_media":0,"comment_status":"open","ping_status":"open","sticky":false,"template":"","format":"standard","meta":[],"categories":[97,87],"tags":[],"_links":{"self":[{"href":"https:\/\/www.emmaducher.com\/blog\/wp-json\/wp\/v2\/posts\/2817"}],"collection":[{"href":"https:\/\/www.emmaducher.com\/blog\/wp-json\/wp\/v2\/posts"}],"about":[{"href":"https:\/\/www.emmaducher.com\/blog\/wp-json\/wp\/v2\/types\/post"}],"author":[{"embeddable":true,"href":"https:\/\/www.emmaducher.com\/blog\/wp-json\/wp\/v2\/users\/1"}],"replies":[{"embeddable":true,"href":"https:\/\/www.emmaducher.com\/blog\/wp-json\/wp\/v2\/comments?post=2817"}],"version-history":[{"count":5,"href":"https:\/\/www.emmaducher.com\/blog\/wp-json\/wp\/v2\/posts\/2817\/revisions"}],"predecessor-version":[{"id":2823,"href":"https:\/\/www.emmaducher.com\/blog\/wp-json\/wp\/v2\/posts\/2817\/revisions\/2823"}],"wp:attachment":[{"href":"https:\/\/www.emmaducher.com\/blog\/wp-json\/wp\/v2\/media?parent=2817"}],"wp:term":[{"taxonomy":"category","embeddable":true,"href":"https:\/\/www.emmaducher.com\/blog\/wp-json\/wp\/v2\/categories?post=2817"},{"taxonomy":"post_tag","embeddable":true,"href":"https:\/\/www.emmaducher.com\/blog\/wp-json\/wp\/v2\/tags?post=2817"}],"curies":[{"name":"wp","href":"https:\/\/api.w.org\/{rel}","templated":true}]}}