 
{"id":2840,"date":"2009-09-25T13:38:31","date_gmt":"2009-09-25T11:38:31","guid":{"rendered":"http:\/\/www.encreviolette.fr\/?p=2840"},"modified":"2009-09-25T22:36:32","modified_gmt":"2009-09-25T20:36:32","slug":"ernest-gate-pourri-22-23","status":"publish","type":"post","link":"https:\/\/www.emmaducher.com\/blog\/2009\/09\/ernest-gate-pourri-22-23\/","title":{"rendered":"Ernest, g\u00e2t\u00e9 pourri #22, #23"},"content":{"rendered":"<p>J&rsquo;ai presque honte, \u00e0 force de pr\u00e9senter toutes les merveilles re\u00e7ues pour Ernest!<\/p>\n<p>Aujourd&rsquo;hui, la petite tenue concoct\u00e9e par <a href=\"http:\/\/ittybittyblog.canalblog.com\/\">Nadia<\/a>. La pauvre Nadia avait pr\u00e9vu <a href=\"http:\/\/ittybittyblog.canalblog.com\/archives\/2009\/09\/09\/14966403.html\">autre chose<\/a> mais son colis n&rsquo;est jamais arriv\u00e9&#8230; grrr y&rsquo;a pas plus \u00e9nervant non?<br \/>\nAlors elle s&rsquo;est remise au travail pour mon b\u00e9b\u00e9. C&rsquo;est fou, c&rsquo;est encore du vert! 1000 mercis Nadia, le tissu de la tunique, la couleur du petit gilet, j&rsquo;aime tout! L&rsquo;ensemble lui ira bien dans quelques mois. Et nadia m&rsquo;a aussi g\u00e2t\u00e9e, avec un <a href=\"http:\/\/ittybittyblog.canalblog.com\/archives\/2009\/09\/09\/14966403.html\">Ishbel d&rsquo;une couleur \u00e0 tomber<\/a>.<\/p>\n<p style=\"text-align: center;\"><img loading=\"lazy\" class=\"size-full wp-image-2850 aligncenter\" src=\"\/\/www.emmaducher.com\/blog\/wp-content\/uploads\/2009\/09\/nadia.jpg\" alt=\"\" width=\"450\" height=\"1126\" srcset=\"https:\/\/www.emmaducher.com\/blog\/wp-content\/uploads\/2009\/09\/nadia.jpg 450w, https:\/\/www.emmaducher.com\/blog\/wp-content\/uploads\/2009\/09\/nadia-120x300.jpg 120w, https:\/\/www.emmaducher.com\/blog\/wp-content\/uploads\/2009\/09\/nadia-409x1024.jpg 409w\" sizes=\"(max-width: 450px) 85vw, 450px\" \/><\/p>\n<p>Et puis, toujours dans les tons de verts, un vide poche d\u00e9licatement peint par la talentueuse <a href=\"http:\/\/blablaetc.canalblog.com\/\">madame Bla-Bla<\/a>. C&rsquo;est une pro du sur-mesure non? Elle savait que j&rsquo;aime <a href=\"http:\/\/blablaetc.canalblog.com\/archives\/2009\/09\/25\/15170833.html\">les couleurs et les typos<\/a>, elle a vis\u00e9 juste!<br \/>\n1000 mercis \u00e0 toi aussi Anne, Ernest est combl\u00e9!<\/p>\n<p style=\"text-align: center;\"><img loading=\"lazy\" class=\"aligncenter size-full wp-image-2851\" src=\"\/\/www.emmaducher.com\/blog\/wp-content\/uploads\/2009\/09\/bla.jpg\" alt=\"\" width=\"425\" height=\"601\" srcset=\"https:\/\/www.emmaducher.com\/blog\/wp-content\/uploads\/2009\/09\/bla.jpg 425w, https:\/\/www.emmaducher.com\/blog\/wp-content\/uploads\/2009\/09\/bla-212x300.jpg 212w\" sizes=\"(max-width: 425px) 85vw, 425px\" \/><span style=\"color: #ffffff;\">a<\/span><\/p>\n<h5 style=\"text-align: center;\">Merci les chouettes filles!<\/h5>\n<p style=\"text-align: center;\">\n","protected":false},"excerpt":{"rendered":"<p>J&rsquo;ai presque honte, \u00e0 force de pr\u00e9senter toutes les merveilles re\u00e7ues pour Ernest! Aujourd&rsquo;hui, la petite tenue concoct\u00e9e par Nadia. La pauvre Nadia avait pr\u00e9vu autre chose mais son colis n&rsquo;est jamais arriv\u00e9&#8230; grrr y&rsquo;a pas plus \u00e9nervant non? Alors elle s&rsquo;est remise au travail pour mon b\u00e9b\u00e9. C&rsquo;est fou, c&rsquo;est encore du vert! 1000 &hellip; <a href=\"https:\/\/www.emmaducher.com\/blog\/2009\/09\/ernest-gate-pourri-22-23\/\" class=\"more-link\">Continuer la lecture<span class=\"screen-reader-text\"> de &laquo;&nbsp;Ernest, g\u00e2t\u00e9 pourri #22, #23&nbsp;&raquo;<\/span><\/a><\/p>\n","protected":false},"author":1,"featured_media":0,"comment_status":"open","ping_status":"open","sticky":false,"template":"","format":"standard","meta":[],"categories":[97,87],"tags":[],"_links":{"self":[{"href":"https:\/\/www.emmaducher.com\/blog\/wp-json\/wp\/v2\/posts\/2840"}],"collection":[{"href":"https:\/\/www.emmaducher.com\/blog\/wp-json\/wp\/v2\/posts"}],"about":[{"href":"https:\/\/www.emmaducher.com\/blog\/wp-json\/wp\/v2\/types\/post"}],"author":[{"embeddable":true,"href":"https:\/\/www.emmaducher.com\/blog\/wp-json\/wp\/v2\/users\/1"}],"replies":[{"embeddable":true,"href":"https:\/\/www.emmaducher.com\/blog\/wp-json\/wp\/v2\/comments?post=2840"}],"version-history":[{"count":6,"href":"https:\/\/www.emmaducher.com\/blog\/wp-json\/wp\/v2\/posts\/2840\/revisions"}],"predecessor-version":[{"id":2854,"href":"https:\/\/www.emmaducher.com\/blog\/wp-json\/wp\/v2\/posts\/2840\/revisions\/2854"}],"wp:attachment":[{"href":"https:\/\/www.emmaducher.com\/blog\/wp-json\/wp\/v2\/media?parent=2840"}],"wp:term":[{"taxonomy":"category","embeddable":true,"href":"https:\/\/www.emmaducher.com\/blog\/wp-json\/wp\/v2\/categories?post=2840"},{"taxonomy":"post_tag","embeddable":true,"href":"https:\/\/www.emmaducher.com\/blog\/wp-json\/wp\/v2\/tags?post=2840"}],"curies":[{"name":"wp","href":"https:\/\/api.w.org\/{rel}","templated":true}]}}