 
{"id":3084,"date":"2009-11-12T00:30:09","date_gmt":"2009-11-11T23:30:09","guid":{"rendered":"http:\/\/www.encreviolette.fr\/?p=3084"},"modified":"2009-11-11T18:04:47","modified_gmt":"2009-11-11T17:04:47","slug":"sept","status":"publish","type":"post","link":"https:\/\/www.emmaducher.com\/blog\/2009\/11\/sept\/","title":{"rendered":"sept"},"content":{"rendered":"<p style=\"text-align: justify;\"><span style=\"color: #4f555e;\"><strong>7 ans aujourd&rsquo;hui&#8230; <\/strong><\/span>et toutes ses dents (petite souris, tu peux rester dans ton trou!).<br \/>\nM\u00eame si c&rsquo;est aussi l&rsquo;anniversaire d&rsquo;une journ\u00e9e difficile qui marqua le d\u00e9but d&rsquo;une p\u00e9riode compliqu\u00e9e, apr\u00e8s tout c&rsquo;est <a href=\"http:\/\/www.emmaducher.com\/blog\/2008\/02\/le-premier-fevrier-2\/\">l&rsquo;histoire de sa naissance<\/a> et j&rsquo;essaie de penser avant tout \u00e0 la f\u00eate que c&rsquo;est pour elle&#8230;\n<\/p>\n<p style=\"text-align: center;\"><img loading=\"lazy\" class=\"size-full wp-image-3115 aligncenter\" title=\"violette1\" src=\"\/\/www.emmaducher.com\/blog\/wp-content\/uploads\/2009\/11\/violette1.jpg\" alt=\"violette1\" width=\"370\" height=\"308\" srcset=\"https:\/\/www.emmaducher.com\/blog\/wp-content\/uploads\/2009\/11\/violette1.jpg 370w, https:\/\/www.emmaducher.com\/blog\/wp-content\/uploads\/2009\/11\/violette1-300x250.jpg 300w\" sizes=\"(max-width: 370px) 85vw, 370px\" \/><\/p>\n<p style=\"text-align: center;\">On a pr\u00e9par\u00e9 les cartons d&rsquo;invitations<br \/>\n(avec <a href=\"http:\/\/www.emmaducher.com\/blog\/2009\/10\/nouvelle-collec\/\">les champis de la nouvelle collec&rsquo;<\/a>, je me suis pas foul\u00e9e)<br \/>\ncar Violette invite bient\u00f4t ses copines <a href=\"http:\/\/www.biennaledelyon.com\/\">ici<\/a>&#8230;\n<\/p>\n<p style=\"text-align: center;\"><img loading=\"lazy\" class=\"size-full wp-image-3112 aligncenter\" title=\"7-ans\" src=\"\/\/www.emmaducher.com\/blog\/wp-content\/uploads\/2009\/11\/7-ans.jpg\" alt=\"7-ans\" width=\"370\" height=\"777\" srcset=\"https:\/\/www.emmaducher.com\/blog\/wp-content\/uploads\/2009\/11\/7-ans.jpg 373w, https:\/\/www.emmaducher.com\/blog\/wp-content\/uploads\/2009\/11\/7-ans-143x300.jpg 143w\" sizes=\"(max-width: 370px) 85vw, 370px\" \/><\/p>\n","protected":false},"excerpt":{"rendered":"<p>7 ans aujourd&rsquo;hui&#8230; et toutes ses dents (petite souris, tu peux rester dans ton trou!). M\u00eame si c&rsquo;est aussi l&rsquo;anniversaire d&rsquo;une journ\u00e9e difficile qui marqua le d\u00e9but d&rsquo;une p\u00e9riode compliqu\u00e9e, apr\u00e8s tout c&rsquo;est l&rsquo;histoire de sa naissance et j&rsquo;essaie de penser avant tout \u00e0 la f\u00eate que c&rsquo;est pour elle&#8230; On a pr\u00e9par\u00e9 les cartons &hellip; <a href=\"https:\/\/www.emmaducher.com\/blog\/2009\/11\/sept\/\" class=\"more-link\">Continuer la lecture<span class=\"screen-reader-text\"> de &laquo;&nbsp;sept&nbsp;&raquo;<\/span><\/a><\/p>\n","protected":false},"author":1,"featured_media":0,"comment_status":"open","ping_status":"open","sticky":false,"template":"","format":"standard","meta":[],"categories":[89,64],"tags":[],"_links":{"self":[{"href":"https:\/\/www.emmaducher.com\/blog\/wp-json\/wp\/v2\/posts\/3084"}],"collection":[{"href":"https:\/\/www.emmaducher.com\/blog\/wp-json\/wp\/v2\/posts"}],"about":[{"href":"https:\/\/www.emmaducher.com\/blog\/wp-json\/wp\/v2\/types\/post"}],"author":[{"embeddable":true,"href":"https:\/\/www.emmaducher.com\/blog\/wp-json\/wp\/v2\/users\/1"}],"replies":[{"embeddable":true,"href":"https:\/\/www.emmaducher.com\/blog\/wp-json\/wp\/v2\/comments?post=3084"}],"version-history":[{"count":11,"href":"https:\/\/www.emmaducher.com\/blog\/wp-json\/wp\/v2\/posts\/3084\/revisions"}],"predecessor-version":[{"id":3120,"href":"https:\/\/www.emmaducher.com\/blog\/wp-json\/wp\/v2\/posts\/3084\/revisions\/3120"}],"wp:attachment":[{"href":"https:\/\/www.emmaducher.com\/blog\/wp-json\/wp\/v2\/media?parent=3084"}],"wp:term":[{"taxonomy":"category","embeddable":true,"href":"https:\/\/www.emmaducher.com\/blog\/wp-json\/wp\/v2\/categories?post=3084"},{"taxonomy":"post_tag","embeddable":true,"href":"https:\/\/www.emmaducher.com\/blog\/wp-json\/wp\/v2\/tags?post=3084"}],"curies":[{"name":"wp","href":"https:\/\/api.w.org\/{rel}","templated":true}]}}