 
{"id":3291,"date":"2009-12-13T11:19:20","date_gmt":"2009-12-13T10:19:20","guid":{"rendered":"http:\/\/www.encreviolette.fr\/?p=3291"},"modified":"2009-12-13T11:27:04","modified_gmt":"2009-12-13T10:27:04","slug":"une-annee-de-superstition","status":"publish","type":"post","link":"https:\/\/www.emmaducher.com\/blog\/2009\/12\/une-annee-de-superstition\/","title":{"rendered":"une ann\u00e9e de superstition!"},"content":{"rendered":"<p style=\"text-align: justify;\">Vous le savez, <a href=\"http:\/\/www.trico13.com\/\">T13<\/a>, c&rsquo;est le dernier dans sa forme actuelle&#8230; Et pour tout dire on n&rsquo;est pas encore compl\u00e8tement au point sur sa nouvelle formule, mais on y travaille&#8230;<\/p>\n<p style=\"text-align: justify;\">En attendant, il fallait assurer pour ce dernier \u00e9pisode! J&rsquo;ai bien cru ne jamais \u00eatre \u00e0 l&rsquo;heure, hier soir \u00e0 19h, je rabattais les mailles. J&rsquo;ai crois\u00e9 les doigts pour avoir une lumi\u00e8re correcte ce matin, sinon, photos pourries garanties!<br \/>\nJ&rsquo;ai cogit\u00e9 dans tous les sens, mais je ne voyais pas du tout quoi tricoter avec les 3 couleurs pr\u00e9conis\u00e9es ensemble.<br \/>\nAlors j&rsquo;ai opt\u00e9 pour du rouge pour <a href=\"http:\/\/tricots-de-la-droguerie.fr\/?p=3273\">un nouveau BoBi<\/a>&#8230;pas tr\u00e8s original puisque c&rsquo;est d\u00e9j\u00e0 le second que je tricote (et j&rsquo;en ai\u00a0 m\u00eame un 3\u00e8me sur mes aiguilles, que voulez-vous, quand on aime&#8230;!), mais dans les temps et dans le th\u00e8me avec mon BoBi&#8230;<\/p>\n<h5 style=\"text-align: center;\"><img loading=\"lazy\" class=\"aligncenter size-full wp-image-3300\" src=\"\/\/www.emmaducher.com\/blog\/wp-content\/uploads\/2009\/12\/sans-titre-16.jpg\" alt=\"\" width=\"450\" height=\"1418\" srcset=\"https:\/\/www.emmaducher.com\/blog\/wp-content\/uploads\/2009\/12\/sans-titre-16.jpg 450w, https:\/\/www.emmaducher.com\/blog\/wp-content\/uploads\/2009\/12\/sans-titre-16-95x300.jpg 95w, https:\/\/www.emmaducher.com\/blog\/wp-content\/uploads\/2009\/12\/sans-titre-16-325x1024.jpg 325w\" sizes=\"(max-width: 450px) 85vw, 450px\" \/><br \/>\nBoBi, alpaga Sauge + plumette Cochenille dans un environnement tr\u00e8s \u00ab\u00a0champi\u00a0\u00bb&#8230;<br \/>\nUn peu grand pour Violette, mais il est destin\u00e9 \u00e0 une poulette un peu plus grande qu&rsquo;elle.<br \/>\nLe livre \u00ab\u00a0maintenant que tu sais\u00a0\u00bb d&rsquo;Anne Crausaz est une pure merveille, n&rsquo;est-ce-pas <a href=\"http:\/\/etfeemere.canalblog.com\/\">EtF\u00e9e<\/a>?<br \/>\nCalendrier de l&rsquo;Avent confectionn\u00e9 par Maminette<\/h5>\n<p>Bon, maintenant, je vais aller faire un tour sur les blogs pour voir vos couleurs de No\u00ebl et si j&rsquo;ai un peu de courage, j&rsquo;aiderai <a href=\"http:\/\/auremalou.canalblog.com\/\">la Poule<\/a> \u00e0 construire <a href=\"http:\/\/www.trico13.com\/\">la galerie du T13 de d\u00e9cembre.<\/a>..<\/p>\n<h2 style=\"text-align: center;\"><span style=\"color: #ff0000;\">Bon dimanche!<\/span><\/h2>\n<h2 style=\"text-align: center;\"><span style=\"color: #ff0000;\"><span style=\"color: #ffffff;\">a<br \/>\n<\/span><\/span><\/h2><\/p>\n","protected":false},"excerpt":{"rendered":"<p>Vous le savez, T13, c&rsquo;est le dernier dans sa forme actuelle&#8230; Et pour tout dire on n&rsquo;est pas encore compl\u00e8tement au point sur sa nouvelle formule, mais on y travaille&#8230; En attendant, il fallait assurer pour ce dernier \u00e9pisode! J&rsquo;ai bien cru ne jamais \u00eatre \u00e0 l&rsquo;heure, hier soir \u00e0 19h, je rabattais les mailles. &hellip; <a href=\"https:\/\/www.emmaducher.com\/blog\/2009\/12\/une-annee-de-superstition\/\" class=\"more-link\">Continuer la lecture<span class=\"screen-reader-text\"> de &laquo;&nbsp;une ann\u00e9e de superstition!&nbsp;&raquo;<\/span><\/a><\/p>\n","protected":false},"author":1,"featured_media":0,"comment_status":"open","ping_status":"open","sticky":false,"template":"","format":"standard","meta":[],"categories":[95,70],"tags":[],"_links":{"self":[{"href":"https:\/\/www.emmaducher.com\/blog\/wp-json\/wp\/v2\/posts\/3291"}],"collection":[{"href":"https:\/\/www.emmaducher.com\/blog\/wp-json\/wp\/v2\/posts"}],"about":[{"href":"https:\/\/www.emmaducher.com\/blog\/wp-json\/wp\/v2\/types\/post"}],"author":[{"embeddable":true,"href":"https:\/\/www.emmaducher.com\/blog\/wp-json\/wp\/v2\/users\/1"}],"replies":[{"embeddable":true,"href":"https:\/\/www.emmaducher.com\/blog\/wp-json\/wp\/v2\/comments?post=3291"}],"version-history":[{"count":7,"href":"https:\/\/www.emmaducher.com\/blog\/wp-json\/wp\/v2\/posts\/3291\/revisions"}],"predecessor-version":[{"id":3305,"href":"https:\/\/www.emmaducher.com\/blog\/wp-json\/wp\/v2\/posts\/3291\/revisions\/3305"}],"wp:attachment":[{"href":"https:\/\/www.emmaducher.com\/blog\/wp-json\/wp\/v2\/media?parent=3291"}],"wp:term":[{"taxonomy":"category","embeddable":true,"href":"https:\/\/www.emmaducher.com\/blog\/wp-json\/wp\/v2\/categories?post=3291"},{"taxonomy":"post_tag","embeddable":true,"href":"https:\/\/www.emmaducher.com\/blog\/wp-json\/wp\/v2\/tags?post=3291"}],"curies":[{"name":"wp","href":"https:\/\/api.w.org\/{rel}","templated":true}]}}