 
{"id":3308,"date":"2009-12-17T12:20:47","date_gmt":"2009-12-17T11:20:47","guid":{"rendered":"http:\/\/www.encreviolette.fr\/?p=3308"},"modified":"2009-12-17T18:45:55","modified_gmt":"2009-12-17T17:45:55","slug":"savoir-ecrire","status":"publish","type":"post","link":"https:\/\/www.emmaducher.com\/blog\/2009\/12\/savoir-ecrire\/","title":{"rendered":"savoir \u00e9crire"},"content":{"rendered":"<p>Cette ann\u00e9e, Violette a eu un vrai d\u00e9clic en lecture, et je crois qu&rsquo;on peut dire que c&rsquo;est un peu gr\u00e2ce \u00e0 <a href=\"http:\/\/www.ariol.fr\/\">Ariol<\/a> (elle est compl\u00e8tement archi-fan d&rsquo;Ariol, et comme chez <a href=\"http:\/\/demainjemymets.canalblog.com\/\">elle<\/a>, le dernier tome sera sous le sapin).<br \/>\nMais depuis quelques temps, c&rsquo;est en \u00e9criture qu&rsquo;elle s&rsquo;\u00e9clate. Evidemment l&rsquo;orthographe n&rsquo;est pas encore au point, mais quand elle commence, plus rien ne l&rsquo;arr\u00eate. Elle a revisit\u00e9 l&rsquo;histoire de Cendrillon \u00e0 sa sauce, et tout \u00e7a \u00e0 cause de, ou plut\u00f4t gr\u00e2ce \u00e0 <a href=\"http:\/\/ringoatelier.com\/\">Ringo<\/a> et son dessin de livre vierge.<br \/>\nC&rsquo;est fou ce site. Les dessins sont tout simples mais \u00e7a d\u00e9chaine la cr\u00e9ativit\u00e9 des enfants, un truc de dingues!<br \/>\nEn g\u00e9neral, au bout de 5 mn \u00e7a finit en n&rsquo;importe-quoi-g\u00e9ant avec un coloriage classique. Mais alors avec Ringo, tout est possible. Pas une journ\u00e9e sans un \u00ab\u00a0<em>tu m&rsquo;imprimes un dessin de Ringo stepl\u00e9 maman?!<\/em>\u00ab\u00a0, et l\u00e0 je n&rsquo;entends plus rien pendant&#8230; allez, 45 mn parfois, c&rsquo;est \u00e9nooooorme!<br \/>\nEt puis parfois, Violette s&rsquo;auto-punit, et l\u00e0, j&rsquo;adore&#8230;<\/p>\n<p style=\"text-align: center;\"><img loading=\"lazy\" class=\"aligncenter size-full wp-image-3318\" src=\"\/\/www.emmaducher.com\/blog\/wp-content\/uploads\/2009\/12\/sans-titre-18.jpg\" alt=\"\" width=\"450\" height=\"1701\" srcset=\"https:\/\/www.emmaducher.com\/blog\/wp-content\/uploads\/2009\/12\/sans-titre-18.jpg 450w, https:\/\/www.emmaducher.com\/blog\/wp-content\/uploads\/2009\/12\/sans-titre-18-79x300.jpg 79w, https:\/\/www.emmaducher.com\/blog\/wp-content\/uploads\/2009\/12\/sans-titre-18-271x1024.jpg 271w\" sizes=\"(max-width: 450px) 85vw, 450px\" \/><\/p>\n<h5 style=\"text-align: center;\">dessins : Violette et Z\u00e9lie aid\u00e9 de <a href=\"http:\/\/ringoatelier.com\/\">Ringo<\/a> (merci Ringo)<br \/>\nLe tableau noir : peint directement sur le mur de la chambre des filles<br \/>\net encadr\u00e9 de r\u00e8gles d&rsquo;\u00e9cole (merci <a href=\"http:\/\/mapetiteboheme.canalblog.com\/\">monsieur Boh\u00eame<\/a>!)<br \/>\net je ne vais pas oublier de remercier mon fr\u00e8re pour la pose des r\u00e8gles, sinon j&rsquo;aurai des com&rsquo; m\u00e9chants, donc merci Matthias!<\/h5>\n<p style=\"text-align: center;\">\n","protected":false},"excerpt":{"rendered":"<p>Cette ann\u00e9e, Violette a eu un vrai d\u00e9clic en lecture, et je crois qu&rsquo;on peut dire que c&rsquo;est un peu gr\u00e2ce \u00e0 Ariol (elle est compl\u00e8tement archi-fan d&rsquo;Ariol, et comme chez elle, le dernier tome sera sous le sapin). Mais depuis quelques temps, c&rsquo;est en \u00e9criture qu&rsquo;elle s&rsquo;\u00e9clate. Evidemment l&rsquo;orthographe n&rsquo;est pas encore au point, &hellip; <a href=\"https:\/\/www.emmaducher.com\/blog\/2009\/12\/savoir-ecrire\/\" class=\"more-link\">Continuer la lecture<span class=\"screen-reader-text\"> de &laquo;&nbsp;savoir \u00e9crire&nbsp;&raquo;<\/span><\/a><\/p>\n","protected":false},"author":1,"featured_media":0,"comment_status":"open","ping_status":"open","sticky":false,"template":"","format":"standard","meta":[],"categories":[80],"tags":[],"_links":{"self":[{"href":"https:\/\/www.emmaducher.com\/blog\/wp-json\/wp\/v2\/posts\/3308"}],"collection":[{"href":"https:\/\/www.emmaducher.com\/blog\/wp-json\/wp\/v2\/posts"}],"about":[{"href":"https:\/\/www.emmaducher.com\/blog\/wp-json\/wp\/v2\/types\/post"}],"author":[{"embeddable":true,"href":"https:\/\/www.emmaducher.com\/blog\/wp-json\/wp\/v2\/users\/1"}],"replies":[{"embeddable":true,"href":"https:\/\/www.emmaducher.com\/blog\/wp-json\/wp\/v2\/comments?post=3308"}],"version-history":[{"count":7,"href":"https:\/\/www.emmaducher.com\/blog\/wp-json\/wp\/v2\/posts\/3308\/revisions"}],"predecessor-version":[{"id":3322,"href":"https:\/\/www.emmaducher.com\/blog\/wp-json\/wp\/v2\/posts\/3308\/revisions\/3322"}],"wp:attachment":[{"href":"https:\/\/www.emmaducher.com\/blog\/wp-json\/wp\/v2\/media?parent=3308"}],"wp:term":[{"taxonomy":"category","embeddable":true,"href":"https:\/\/www.emmaducher.com\/blog\/wp-json\/wp\/v2\/categories?post=3308"},{"taxonomy":"post_tag","embeddable":true,"href":"https:\/\/www.emmaducher.com\/blog\/wp-json\/wp\/v2\/tags?post=3308"}],"curies":[{"name":"wp","href":"https:\/\/api.w.org\/{rel}","templated":true}]}}