 
{"id":3355,"date":"2009-12-27T21:52:50","date_gmt":"2009-12-27T20:52:50","guid":{"rendered":"http:\/\/www.encreviolette.fr\/?p=3355"},"modified":"2009-12-27T21:52:50","modified_gmt":"2009-12-27T20:52:50","slug":"kerity","status":"publish","type":"post","link":"https:\/\/www.emmaducher.com\/blog\/2009\/12\/kerity\/","title":{"rendered":"K\u00e9rity"},"content":{"rendered":"<p>Je suis tomb\u00e9e sous le charme de ce dessin anim\u00e9.<br \/>\nJ&rsquo;y allais avec les filles pour voir les fabuleuses illustrations de <a href=\"http:\/\/www.rebeccadautremer.com\/\">Rebecca Dautremer<\/a>, et c&rsquo;est une histoire extraordinaire que j&rsquo;ai vue!<br \/>\n<a href=\"http:\/\/www.kerity-lefilm.com\/site.php#\/home\">K\u00e9rity la maison des contes<\/a>, c&rsquo;est franchement le dessin anim\u00e9 a ne pas louper.<br \/>\nNous avons toutes les 3 \u00e9t\u00e9 scotch\u00e9es \u00e0 l&rsquo;\u00e9cran du d\u00e9but \u00e0 la fin. L&rsquo;univers cr\u00e9e par Rebecca est fabuleux, les personnages des contes sont tous parfaits, sans \u00eatre les clich\u00e9s habituels, et les filles s&rsquo;amusaient \u00e0 reconnaitre les uns et les autres.<br \/>\nOn s&rsquo;attache aux personnages, on adore les paysages, les maisons, on jubile en retrouvant une \u00e2me d&rsquo;enfant et on admire la force des enfants quand l&rsquo;imaginaire est si fort que tout parait magique&#8230;<br \/>\nJ&rsquo;ai encore en t\u00eate les fabuleuses couleurs des dessins et la si jolie maison \u00e0 la fameuse biblioth\u00e8que (je cherche \u00e0 acheter, si vous la connaissez, la m\u00eame maison avec la m\u00eame situation et le m\u00eame carrelage!).<\/p>\n<p style=\"text-align: center;\"><a href=\"http:\/\/www.kerity-lefilm.com\/site.php#\/home\"><img loading=\"lazy\" class=\"size-full wp-image-3356 aligncenter\" src=\"\/\/www.emmaducher.com\/blog\/wp-content\/uploads\/2009\/12\/kerity.jpg\" alt=\"\" width=\"400\" height=\"1559\" srcset=\"https:\/\/www.emmaducher.com\/blog\/wp-content\/uploads\/2009\/12\/kerity.jpg 400w, https:\/\/www.emmaducher.com\/blog\/wp-content\/uploads\/2009\/12\/kerity-77x300.jpg 77w, https:\/\/www.emmaducher.com\/blog\/wp-content\/uploads\/2009\/12\/kerity-263x1024.jpg 263w\" sizes=\"(max-width: 400px) 85vw, 400px\" \/><\/a><\/p>\n<h5 style=\"text-align: center;\">Ca n&rsquo;est pas parce que c&rsquo;est invent\u00e9 que \u00e7a n&rsquo;existe pas&#8230;<\/h5>\n<p style=\"text-align: center;\">\n","protected":false},"excerpt":{"rendered":"<p>Je suis tomb\u00e9e sous le charme de ce dessin anim\u00e9. J&rsquo;y allais avec les filles pour voir les fabuleuses illustrations de Rebecca Dautremer, et c&rsquo;est une histoire extraordinaire que j&rsquo;ai vue! K\u00e9rity la maison des contes, c&rsquo;est franchement le dessin anim\u00e9 a ne pas louper. Nous avons toutes les 3 \u00e9t\u00e9 scotch\u00e9es \u00e0 l&rsquo;\u00e9cran du &hellip; <a href=\"https:\/\/www.emmaducher.com\/blog\/2009\/12\/kerity\/\" class=\"more-link\">Continuer la lecture<span class=\"screen-reader-text\"> de &laquo;&nbsp;K\u00e9rity&nbsp;&raquo;<\/span><\/a><\/p>\n","protected":false},"author":1,"featured_media":0,"comment_status":"open","ping_status":"open","sticky":false,"template":"","format":"standard","meta":[],"categories":[93],"tags":[],"_links":{"self":[{"href":"https:\/\/www.emmaducher.com\/blog\/wp-json\/wp\/v2\/posts\/3355"}],"collection":[{"href":"https:\/\/www.emmaducher.com\/blog\/wp-json\/wp\/v2\/posts"}],"about":[{"href":"https:\/\/www.emmaducher.com\/blog\/wp-json\/wp\/v2\/types\/post"}],"author":[{"embeddable":true,"href":"https:\/\/www.emmaducher.com\/blog\/wp-json\/wp\/v2\/users\/1"}],"replies":[{"embeddable":true,"href":"https:\/\/www.emmaducher.com\/blog\/wp-json\/wp\/v2\/comments?post=3355"}],"version-history":[{"count":5,"href":"https:\/\/www.emmaducher.com\/blog\/wp-json\/wp\/v2\/posts\/3355\/revisions"}],"predecessor-version":[{"id":3361,"href":"https:\/\/www.emmaducher.com\/blog\/wp-json\/wp\/v2\/posts\/3355\/revisions\/3361"}],"wp:attachment":[{"href":"https:\/\/www.emmaducher.com\/blog\/wp-json\/wp\/v2\/media?parent=3355"}],"wp:term":[{"taxonomy":"category","embeddable":true,"href":"https:\/\/www.emmaducher.com\/blog\/wp-json\/wp\/v2\/categories?post=3355"},{"taxonomy":"post_tag","embeddable":true,"href":"https:\/\/www.emmaducher.com\/blog\/wp-json\/wp\/v2\/tags?post=3355"}],"curies":[{"name":"wp","href":"https:\/\/api.w.org\/{rel}","templated":true}]}}