 
{"id":3416,"date":"2010-01-10T16:26:52","date_gmt":"2010-01-10T15:26:52","guid":{"rendered":"http:\/\/www.encreviolette.fr\/?p=3416"},"modified":"2016-03-13T16:21:48","modified_gmt":"2016-03-13T15:21:48","slug":"contre-attaque-1","status":"publish","type":"post","link":"https:\/\/www.emmaducher.com\/blog\/2010\/01\/contre-attaque-1\/","title":{"rendered":"contre-attaque #1"},"content":{"rendered":"<p style=\"text-align: center;\"><strong>de la neige, de la neige, de la neige&#8230;!<\/strong><\/p>\n<p style=\"text-align: justify;\">Il faut r\u00e9sister, contre-attaquer et repousser ce climat glacial,\u00a0 s&rsquo;armer contre ces temp\u00e9ratures en dessous de z\u00e9ro, s&rsquo;\u00e9quiper pour la glace, braver le froid, combattre les engelures, lutter sans merci pour se r\u00e9chauffer et mettre le paquet sur les pulls et autres doudounes, s&rsquo;en prendre aux flocons et livrer une bataille f\u00e9roce contre cette ambiance de Sib\u00e9rie&#8230;<\/p>\n<p style=\"text-align: center;\"><img loading=\"lazy\" class=\"size-full wp-image-3417 aligncenter\" src=\"\/\/www.emmaducher.com\/blog\/wp-content\/uploads\/2010\/01\/sans-titre-12.jpg\" alt=\"\" width=\"356\" height=\"1196\" srcset=\"https:\/\/www.emmaducher.com\/blog\/wp-content\/uploads\/2010\/01\/sans-titre-12.jpg 356w, https:\/\/www.emmaducher.com\/blog\/wp-content\/uploads\/2010\/01\/sans-titre-12-89x300.jpg 89w, https:\/\/www.emmaducher.com\/blog\/wp-content\/uploads\/2010\/01\/sans-titre-12-305x1024.jpg 305w\" sizes=\"(max-width: 356px) 85vw, 356px\" \/><\/p>\n<p style=\"text-align: center;\">bonnet \u00e0 mailles gliss\u00e9es<br \/>\nmod\u00e8le p.36 du <a href=\"http:\/\/tricots-de-la-droguerie.fr\/?cat=25\">livre \u00ab\u00a0Petites Pi\u00e8ces et Accessoires\u00a0\u00bb<\/a><br \/>\navec 3 m\u00e9langes de fils :<\/p>\n<p style=\"text-align: center;\"><strong><span style=\"color: #7a9299;\">alpaga mer du Nord + plumette fog sur la tamise<br \/>\n<\/span><span style=\"color: #786d87;\">alpaga bruy\u00e8re + plumette chocolat glac\u00e9<br \/>\n<\/span><span style=\"color: #7b8b74;\">alpaga lichen + plumette chocolat glac\u00e9<\/span><\/strong><\/p>\n","protected":false},"excerpt":{"rendered":"<p>de la neige, de la neige, de la neige&#8230;! Il faut r\u00e9sister, contre-attaquer et repousser ce climat glacial,\u00a0 s&rsquo;armer contre ces temp\u00e9ratures en dessous de z\u00e9ro, s&rsquo;\u00e9quiper pour la glace, braver le froid, combattre les engelures, lutter sans merci pour se r\u00e9chauffer et mettre le paquet sur les pulls et autres doudounes, s&rsquo;en prendre aux &hellip; <a href=\"https:\/\/www.emmaducher.com\/blog\/2010\/01\/contre-attaque-1\/\" class=\"more-link\">Continuer la lecture<span class=\"screen-reader-text\"> de &laquo;&nbsp;contre-attaque #1&nbsp;&raquo;<\/span><\/a><\/p>\n","protected":false},"author":1,"featured_media":10423,"comment_status":"open","ping_status":"open","sticky":false,"template":"","format":"standard","meta":[],"categories":[70],"tags":[113],"_links":{"self":[{"href":"https:\/\/www.emmaducher.com\/blog\/wp-json\/wp\/v2\/posts\/3416"}],"collection":[{"href":"https:\/\/www.emmaducher.com\/blog\/wp-json\/wp\/v2\/posts"}],"about":[{"href":"https:\/\/www.emmaducher.com\/blog\/wp-json\/wp\/v2\/types\/post"}],"author":[{"embeddable":true,"href":"https:\/\/www.emmaducher.com\/blog\/wp-json\/wp\/v2\/users\/1"}],"replies":[{"embeddable":true,"href":"https:\/\/www.emmaducher.com\/blog\/wp-json\/wp\/v2\/comments?post=3416"}],"version-history":[{"count":10,"href":"https:\/\/www.emmaducher.com\/blog\/wp-json\/wp\/v2\/posts\/3416\/revisions"}],"predecessor-version":[{"id":10424,"href":"https:\/\/www.emmaducher.com\/blog\/wp-json\/wp\/v2\/posts\/3416\/revisions\/10424"}],"wp:featuredmedia":[{"embeddable":true,"href":"https:\/\/www.emmaducher.com\/blog\/wp-json\/wp\/v2\/media\/10423"}],"wp:attachment":[{"href":"https:\/\/www.emmaducher.com\/blog\/wp-json\/wp\/v2\/media?parent=3416"}],"wp:term":[{"taxonomy":"category","embeddable":true,"href":"https:\/\/www.emmaducher.com\/blog\/wp-json\/wp\/v2\/categories?post=3416"},{"taxonomy":"post_tag","embeddable":true,"href":"https:\/\/www.emmaducher.com\/blog\/wp-json\/wp\/v2\/tags?post=3416"}],"curies":[{"name":"wp","href":"https:\/\/api.w.org\/{rel}","templated":true}]}}