 
{"id":3609,"date":"2010-02-24T15:10:49","date_gmt":"2010-02-24T14:10:49","guid":{"rendered":"http:\/\/www.encreviolette.fr\/?p=3609"},"modified":"2010-02-24T15:31:40","modified_gmt":"2010-02-24T14:31:40","slug":"cinq-ans","status":"publish","type":"post","link":"https:\/\/www.emmaducher.com\/blog\/2010\/02\/cinq-ans\/","title":{"rendered":"cinq ans"},"content":{"rendered":"<p style=\"text-align: justify;\"><a href=\"http:\/\/www.emmaducher.com\/blog\/2010\/02\/hum-ya-pas-2-anniversaires-bientot\/\">Le fameux cadeau color\u00e9<\/a> n&rsquo;est pas encore ouvert&#8230;(mais il est fini!).<br \/>\nPour f\u00eater ses 5 ans en couleurs, Z\u00e9lie porte sa nouvelle tenue, elle est ravie, c&rsquo;est presque comme <a href=\"http:\/\/www.emmaducher.com\/blog\/2010\/02\/pourquoi-violette-met-toujours-des-robes-sur-ses-pantalons\/\">la tenue de Violette<\/a>, mais pas tout \u00e0 fait, donc c&rsquo;est encore mieux!\n<\/p>\n<p style=\"text-align: center;\"><img loading=\"lazy\" class=\"aligncenter size-full wp-image-3690\" src=\"\/\/www.emmaducher.com\/blog\/wp-content\/uploads\/2010\/02\/sans-titre-23.jpg\" alt=\"\" width=\"450\" height=\"783\" srcset=\"https:\/\/www.emmaducher.com\/blog\/wp-content\/uploads\/2010\/02\/sans-titre-23.jpg 450w, https:\/\/www.emmaducher.com\/blog\/wp-content\/uploads\/2010\/02\/sans-titre-23-172x300.jpg 172w\" sizes=\"(max-width: 450px) 85vw, 450px\" \/><\/p>\n<h5 style=\"text-align: center;\"><span style=\"color: #ff6600;\"><strong>Happy 5 Z\u00e9lie!<br \/>\nattention, \u00e0 5 ans, les <em>Z\u00e9linette<\/em>, <em>Z\u00e9lichou<\/em>, et autres surnoms sont d\u00e9sormais interdits<br \/>\npar la demoiselle,<br \/>\nc&rsquo;est simple elle n&rsquo;y r\u00e9pond m\u00eame plus!<\/strong><\/span><\/h5>\n<p style=\"text-align: center;\"><img loading=\"lazy\" class=\"size-full wp-image-3691  aligncenter\" src=\"\/\/www.emmaducher.com\/blog\/wp-content\/uploads\/2010\/02\/sans-titre-19.jpg\" alt=\"\" width=\"450\" height=\"1000\" srcset=\"https:\/\/www.emmaducher.com\/blog\/wp-content\/uploads\/2010\/02\/sans-titre-19.jpg 450w, https:\/\/www.emmaducher.com\/blog\/wp-content\/uploads\/2010\/02\/sans-titre-19-135x300.jpg 135w\" sizes=\"(max-width: 450px) 85vw, 450px\" \/><\/p>\n<h5 style=\"text-align: center;\">Gilet en Baby Douceur, fiche n\u00b0 2632,\u00a0 taille 6 ans<br \/>\n<a href=\"http:\/\/cgi.ebay.fr\/M108-KIDS-TIERED-BLOUSE-from-M-Pattern-Japanese_W0QQitemZ200433221674QQcmdZViewItemQQptZLH_DefaultDomain_0?hash=item2eaac0402a\">M 108 Kids Tiered Blouse from M pattern<\/a> taille 6 ans<br \/>\ntissu \u00e0 carreaux, ray\u00e9 et \u00e0 fleurs : stock perso<\/h5>\n<p style=\"text-align: center;\">\n","protected":false},"excerpt":{"rendered":"<p>Le fameux cadeau color\u00e9 n&rsquo;est pas encore ouvert&#8230;(mais il est fini!). Pour f\u00eater ses 5 ans en couleurs, Z\u00e9lie porte sa nouvelle tenue, elle est ravie, c&rsquo;est presque comme la tenue de Violette, mais pas tout \u00e0 fait, donc c&rsquo;est encore mieux! Happy 5 Z\u00e9lie! attention, \u00e0 5 ans, les Z\u00e9linette, Z\u00e9lichou, et autres surnoms &hellip; <a href=\"https:\/\/www.emmaducher.com\/blog\/2010\/02\/cinq-ans\/\" class=\"more-link\">Continuer la lecture<span class=\"screen-reader-text\"> de &laquo;&nbsp;cinq ans&nbsp;&raquo;<\/span><\/a><\/p>\n","protected":false},"author":1,"featured_media":0,"comment_status":"open","ping_status":"open","sticky":false,"template":"","format":"standard","meta":[],"categories":[70,89,79],"tags":[],"_links":{"self":[{"href":"https:\/\/www.emmaducher.com\/blog\/wp-json\/wp\/v2\/posts\/3609"}],"collection":[{"href":"https:\/\/www.emmaducher.com\/blog\/wp-json\/wp\/v2\/posts"}],"about":[{"href":"https:\/\/www.emmaducher.com\/blog\/wp-json\/wp\/v2\/types\/post"}],"author":[{"embeddable":true,"href":"https:\/\/www.emmaducher.com\/blog\/wp-json\/wp\/v2\/users\/1"}],"replies":[{"embeddable":true,"href":"https:\/\/www.emmaducher.com\/blog\/wp-json\/wp\/v2\/comments?post=3609"}],"version-history":[{"count":9,"href":"https:\/\/www.emmaducher.com\/blog\/wp-json\/wp\/v2\/posts\/3609\/revisions"}],"predecessor-version":[{"id":3699,"href":"https:\/\/www.emmaducher.com\/blog\/wp-json\/wp\/v2\/posts\/3609\/revisions\/3699"}],"wp:attachment":[{"href":"https:\/\/www.emmaducher.com\/blog\/wp-json\/wp\/v2\/media?parent=3609"}],"wp:term":[{"taxonomy":"category","embeddable":true,"href":"https:\/\/www.emmaducher.com\/blog\/wp-json\/wp\/v2\/categories?post=3609"},{"taxonomy":"post_tag","embeddable":true,"href":"https:\/\/www.emmaducher.com\/blog\/wp-json\/wp\/v2\/tags?post=3609"}],"curies":[{"name":"wp","href":"https:\/\/api.w.org\/{rel}","templated":true}]}}