 
{"id":3725,"date":"2010-03-02T11:54:53","date_gmt":"2010-03-02T10:54:53","guid":{"rendered":"http:\/\/www.encreviolette.fr\/?p=3725"},"modified":"2010-03-02T11:54:53","modified_gmt":"2010-03-02T10:54:53","slug":"bientot-le-printemps","status":"publish","type":"post","link":"https:\/\/www.emmaducher.com\/blog\/2010\/03\/bientot-le-printemps\/","title":{"rendered":"bient\u00f4t le printemps&#8230;"},"content":{"rendered":"<p>Si si on y croit. Et c&rsquo;est pour \u00e7a que fleurissent les challenges et d\u00e9fis divers sur ce th\u00e8me!<br \/>\nChez les filles Ki-brillent, c&rsquo;est le th\u00e8me du <a href=\"http:\/\/dukibrille.wordpress.com\/2010\/03\/02\/bo-and-girls-show-6-vive-le-printemps\/\">BO &amp; girls show #6<\/a>.<\/p>\n<p>Un petit projet couture m&rsquo;a inspir\u00e9e pour ces BO de printemps, mais bien s\u00fbr, \u00e7a va plus vite de faire une paire de BO que de<\/p>\n<ul>\n<li> commencer ledit projet,<\/li>\n<li>se d\u00e9cider \u00e0 finir quelques encours de tricots,<\/li>\n<li><em>(oui je sais),<\/em> finir la chemise de monsieur (vous me croyez si je vous dit qu&rsquo;il me reste les boutonni\u00e8res \u00e0 faire, et que j&rsquo;ai la trouille, et que du coup \u00e7a traiiiiiine&#8230;.?)<\/li>\n<\/ul>\n<p style=\"text-align: center;\"><img loading=\"lazy\" class=\"size-full wp-image-3727  aligncenter\" src=\"\/\/www.emmaducher.com\/blog\/wp-content\/uploads\/2010\/03\/sans-titre-11.jpg\" alt=\"\" width=\"450\" height=\"811\" srcset=\"https:\/\/www.emmaducher.com\/blog\/wp-content\/uploads\/2010\/03\/sans-titre-11.jpg 450w, https:\/\/www.emmaducher.com\/blog\/wp-content\/uploads\/2010\/03\/sans-titre-11-166x300.jpg 166w\" sizes=\"(max-width: 450px) 85vw, 450px\" \/><\/p>\n","protected":false},"excerpt":{"rendered":"<p>Si si on y croit. Et c&rsquo;est pour \u00e7a que fleurissent les challenges et d\u00e9fis divers sur ce th\u00e8me! Chez les filles Ki-brillent, c&rsquo;est le th\u00e8me du BO &amp; girls show #6. Un petit projet couture m&rsquo;a inspir\u00e9e pour ces BO de printemps, mais bien s\u00fbr, \u00e7a va plus vite de faire une paire de &hellip; <a href=\"https:\/\/www.emmaducher.com\/blog\/2010\/03\/bientot-le-printemps\/\" class=\"more-link\">Continuer la lecture<span class=\"screen-reader-text\"> de &laquo;&nbsp;bient\u00f4t le printemps&#8230;&nbsp;&raquo;<\/span><\/a><\/p>\n","protected":false},"author":1,"featured_media":0,"comment_status":"open","ping_status":"open","sticky":false,"template":"","format":"standard","meta":[],"categories":[69],"tags":[],"_links":{"self":[{"href":"https:\/\/www.emmaducher.com\/blog\/wp-json\/wp\/v2\/posts\/3725"}],"collection":[{"href":"https:\/\/www.emmaducher.com\/blog\/wp-json\/wp\/v2\/posts"}],"about":[{"href":"https:\/\/www.emmaducher.com\/blog\/wp-json\/wp\/v2\/types\/post"}],"author":[{"embeddable":true,"href":"https:\/\/www.emmaducher.com\/blog\/wp-json\/wp\/v2\/users\/1"}],"replies":[{"embeddable":true,"href":"https:\/\/www.emmaducher.com\/blog\/wp-json\/wp\/v2\/comments?post=3725"}],"version-history":[{"count":7,"href":"https:\/\/www.emmaducher.com\/blog\/wp-json\/wp\/v2\/posts\/3725\/revisions"}],"predecessor-version":[{"id":3734,"href":"https:\/\/www.emmaducher.com\/blog\/wp-json\/wp\/v2\/posts\/3725\/revisions\/3734"}],"wp:attachment":[{"href":"https:\/\/www.emmaducher.com\/blog\/wp-json\/wp\/v2\/media?parent=3725"}],"wp:term":[{"taxonomy":"category","embeddable":true,"href":"https:\/\/www.emmaducher.com\/blog\/wp-json\/wp\/v2\/categories?post=3725"},{"taxonomy":"post_tag","embeddable":true,"href":"https:\/\/www.emmaducher.com\/blog\/wp-json\/wp\/v2\/tags?post=3725"}],"curies":[{"name":"wp","href":"https:\/\/api.w.org\/{rel}","templated":true}]}}