 
{"id":3805,"date":"2010-04-06T10:00:34","date_gmt":"2010-04-06T08:00:34","guid":{"rendered":"http:\/\/www.encreviolette.fr\/?p=3805"},"modified":"2010-04-06T12:55:23","modified_gmt":"2010-04-06T10:55:23","slug":"atelier-pour-enfants","status":"publish","type":"post","link":"https:\/\/www.emmaducher.com\/blog\/2010\/04\/atelier-pour-enfants\/","title":{"rendered":"atelier pour enfants"},"content":{"rendered":"<p>oui, oui c&rsquo;est une habitude ici de <a href=\"http:\/\/www.emmaducher.com\/blog\/2010\/03\/36-ans-1-mois\/\">f\u00eater les anniversaires en retard<\/a>!<\/p>\n<p style=\"text-align: left;\"><img loading=\"lazy\" class=\"size-full wp-image-3852  aligncenter\" title=\"sans-titre-4\" src=\"\/\/www.emmaducher.com\/blog\/wp-content\/uploads\/2010\/04\/sans-titre-4.jpg\" alt=\"sans-titre-4\" width=\"500\" height=\"862\" srcset=\"https:\/\/www.emmaducher.com\/blog\/wp-content\/uploads\/2010\/04\/sans-titre-4.jpg 500w, https:\/\/www.emmaducher.com\/blog\/wp-content\/uploads\/2010\/04\/sans-titre-4-174x300.jpg 174w\" sizes=\"(max-width: 500px) 85vw, 500px\" \/><span style=\"color: #ffffff;\">a<\/span><br \/>\nPour ses 5 ans, Z\u00e9lie a invit\u00e9 ses amis <a href=\"http:\/\/www.soierie-vivante.asso.fr\/Accueil\/Accueil.html\">ici<\/a>, pour une apr\u00e8s midi \u00ab\u00a0tissage\u00a0\u00bb.<br \/>\nLes 10 enfants ont ador\u00e9 l&rsquo;atelier propos\u00e9 dans <a href=\"http:\/\/www.soierie-vivante.asso.fr\/Accueil\/Accueil.html\">ce bel atelier de tissage<\/a>! <em><br \/>\n<\/em><\/p>\n<p style=\"text-align: left;\"><em>\u00ab\u00a0A l\u2019arriv\u00e9e dans l\u2019atelier de passementerie, les enfants d\u00e9couvrent l\u2019int\u00e9rieur d\u2019un v\u00e9ritable atelier de \u00abcanut\u00bb, o\u00f9 se trouvent des m\u00e9tiers \u00e0 tisser de 3,60 m\u00e8tres de haut\u00a0! <a href=\"http:\/\/www.soierie-vivante.asso.fr\/Enfants\/Enfants_tissage.html\">[lire la suite&#8230;]<\/a>\u00ab\u00a0<span style=\"color: #ffffff;\">a<\/span><br \/>\n<\/em>\n<\/p>\n<p style=\"text-align: left;\"><img loading=\"lazy\" class=\"size-full wp-image-3885  aligncenter\" src=\"\/\/www.emmaducher.com\/blog\/wp-content\/uploads\/2010\/04\/sans-titre-21.jpg\" alt=\"\" width=\"500\" height=\"1472\" srcset=\"https:\/\/www.emmaducher.com\/blog\/wp-content\/uploads\/2010\/04\/sans-titre-21.jpg 500w, https:\/\/www.emmaducher.com\/blog\/wp-content\/uploads\/2010\/04\/sans-titre-21-102x300.jpg 102w, https:\/\/www.emmaducher.com\/blog\/wp-content\/uploads\/2010\/04\/sans-titre-21-348x1024.jpg 348w\" sizes=\"(max-width: 500px) 85vw, 500px\" \/><\/p>\n<h5 style=\"text-align: center;\">Pour info, l&rsquo;atelier Soierie Vivante propose r\u00e9guli\u00e8rement <a href=\"http:\/\/www.soierie-vivante.asso.fr\/Enfants\/Enfants_sommaire.html\">des ateliers pour enfants<\/a>,<br \/>\nc&rsquo;est vraiment un chouette endroit,<br \/>\net une \u00e9quipe tr\u00e8s sympa accueille les enfants.<em><\/em><\/h5>\n<h5 style=\"text-align: center;\"><em><span style=\"color: #ffffff;\">a<\/span><br \/>\n<\/em><\/h5>\n<p style=\"text-align: left;\">\n<p style=\"text-align: justify;\"><em><img loading=\"lazy\" class=\"aligncenter size-full wp-image-3882\" src=\"\/\/www.emmaducher.com\/blog\/wp-content\/uploads\/2010\/04\/sans-titre-11.jpg\" alt=\"\" width=\"500\" height=\"480\" srcset=\"https:\/\/www.emmaducher.com\/blog\/wp-content\/uploads\/2010\/04\/sans-titre-11.jpg 500w, https:\/\/www.emmaducher.com\/blog\/wp-content\/uploads\/2010\/04\/sans-titre-11-300x288.jpg 300w\" sizes=\"(max-width: 500px) 85vw, 500px\" \/><\/em><span style=\"color: #ffffff;\">a<\/span><br \/>\nChacun des enfants est reparti avec sa petite cr\u00e9ation tiss\u00e9e, et avec son pr\u00e9nom aimant\u00e9 (\u00e0 l&rsquo;encre violette!) bien s\u00fbr.<\/p>\n<h5 style=\"text-align: center;\"><em><br \/>\n<\/em><\/h5><\/p>\n","protected":false},"excerpt":{"rendered":"<p>oui, oui c&rsquo;est une habitude ici de f\u00eater les anniversaires en retard! a Pour ses 5 ans, Z\u00e9lie a invit\u00e9 ses amis ici, pour une apr\u00e8s midi \u00ab\u00a0tissage\u00a0\u00bb. Les 10 enfants ont ador\u00e9 l&rsquo;atelier propos\u00e9 dans ce bel atelier de tissage! \u00ab\u00a0A l\u2019arriv\u00e9e dans l\u2019atelier de passementerie, les enfants d\u00e9couvrent l\u2019int\u00e9rieur d\u2019un v\u00e9ritable atelier de &hellip; <a href=\"https:\/\/www.emmaducher.com\/blog\/2010\/04\/atelier-pour-enfants\/\" class=\"more-link\">Continuer la lecture<span class=\"screen-reader-text\"> de &laquo;&nbsp;atelier pour enfants&nbsp;&raquo;<\/span><\/a><\/p>\n","protected":false},"author":1,"featured_media":0,"comment_status":"open","ping_status":"open","sticky":false,"template":"","format":"standard","meta":[],"categories":[88,89],"tags":[],"_links":{"self":[{"href":"https:\/\/www.emmaducher.com\/blog\/wp-json\/wp\/v2\/posts\/3805"}],"collection":[{"href":"https:\/\/www.emmaducher.com\/blog\/wp-json\/wp\/v2\/posts"}],"about":[{"href":"https:\/\/www.emmaducher.com\/blog\/wp-json\/wp\/v2\/types\/post"}],"author":[{"embeddable":true,"href":"https:\/\/www.emmaducher.com\/blog\/wp-json\/wp\/v2\/users\/1"}],"replies":[{"embeddable":true,"href":"https:\/\/www.emmaducher.com\/blog\/wp-json\/wp\/v2\/comments?post=3805"}],"version-history":[{"count":17,"href":"https:\/\/www.emmaducher.com\/blog\/wp-json\/wp\/v2\/posts\/3805\/revisions"}],"predecessor-version":[{"id":3893,"href":"https:\/\/www.emmaducher.com\/blog\/wp-json\/wp\/v2\/posts\/3805\/revisions\/3893"}],"wp:attachment":[{"href":"https:\/\/www.emmaducher.com\/blog\/wp-json\/wp\/v2\/media?parent=3805"}],"wp:term":[{"taxonomy":"category","embeddable":true,"href":"https:\/\/www.emmaducher.com\/blog\/wp-json\/wp\/v2\/categories?post=3805"},{"taxonomy":"post_tag","embeddable":true,"href":"https:\/\/www.emmaducher.com\/blog\/wp-json\/wp\/v2\/tags?post=3805"}],"curies":[{"name":"wp","href":"https:\/\/api.w.org\/{rel}","templated":true}]}}