 
{"id":4020,"date":"2010-04-29T00:30:08","date_gmt":"2010-04-28T22:30:08","guid":{"rendered":"http:\/\/www.encreviolette.fr\/?p=4020"},"modified":"2010-04-28T19:17:24","modified_gmt":"2010-04-28T17:17:24","slug":"toujours-gate","status":"publish","type":"post","link":"https:\/\/www.emmaducher.com\/blog\/2010\/04\/toujours-gate\/","title":{"rendered":"toujours g\u00e2t\u00e9&#8230;"},"content":{"rendered":"<p style=\"text-align: justify;\">non? si!!<\/p>\n<p style=\"text-align: justify;\">C&rsquo;est fou, mon b\u00e9b\u00e9 a 9 mois aujourd&rsquo;hui et il re\u00e7oit encore de jolies choses.<br \/>\nQuand je dis \u00ab\u00a0<em>il<\/em>\u00a0\u00bb je devrais plut\u00f4t dire \u00ab\u00a0<em>nous<\/em>\u00ab\u00a0!<br \/>\n<a href=\"http:\/\/surunfil.canalblog.com\/\">Albine<\/a> a g\u00e2t\u00e9 toute la famille, un grand merci Albine, la reine des jolis paquets cadeaux!\n<\/p>\n<p style=\"text-align: center;\"><img loading=\"lazy\" class=\"size-full wp-image-4034  aligncenter\" src=\"\/\/www.emmaducher.com\/blog\/wp-content\/uploads\/2010\/04\/sans-titre-43.jpg\" alt=\"\" width=\"450\" height=\"564\" srcset=\"https:\/\/www.emmaducher.com\/blog\/wp-content\/uploads\/2010\/04\/sans-titre-43.jpg 450w, https:\/\/www.emmaducher.com\/blog\/wp-content\/uploads\/2010\/04\/sans-titre-43-239x300.jpg 239w\" sizes=\"(max-width: 450px) 85vw, 450px\" \/><\/p>\n<p>Et quoi de neuf \u00e0 9 mois?<\/p>\n<ul>\n<li> je rampe<\/li>\n<li>je fais tourner en bourrique toutes les filles de la maison, \u00e0 commencer par ma m\u00e8re (je ne vis plus d\u00e8s qu&rsquo;elle n&rsquo;est plus dans mon champ de vision, je teste alors la puissance de mes cordes vocales, il parait que c&rsquo;est normal, je suis un gar\u00e7on!)<\/li>\n<li>je mange bien<\/li>\n<li>je dors bien<\/li>\n<li>j&rsquo;ai m\u00eame une petite quenotte!<\/li>\n<li>Et bizarrement, je voue une passion sans limite pour tout ce qui roule&#8230;<\/li>\n<\/ul>\n<p style=\"text-align: center;\"><img loading=\"lazy\" class=\"size-full wp-image-4029   aligncenter\" src=\"\/\/www.emmaducher.com\/blog\/wp-content\/uploads\/2010\/04\/sans-titre-5.jpg\" alt=\"\" width=\"450\" height=\"600\" srcset=\"https:\/\/www.emmaducher.com\/blog\/wp-content\/uploads\/2010\/04\/sans-titre-5.jpg 450w, https:\/\/www.emmaducher.com\/blog\/wp-content\/uploads\/2010\/04\/sans-titre-5-225x300.jpg 225w\" sizes=\"(max-width: 450px) 85vw, 450px\" \/><\/p>\n<h5 style=\"text-align: center;\">et je f\u00eate mes 9 mois en tatum &#8230;<br \/>\n(<a href=\"http:\/\/www.emmaducher.com\/blog\/2010\/03\/feter-ses-8-mois-en-tatum\/\">tout comme mes 8 mois<\/a>, \u00e0 bas le tatum!)<br \/>\nvoitures <a href=\"http:\/\/www.vilac.com\/vilac.php\">Vilac<\/a> chez <a href=\"http:\/\/littleleonblog.blogspot.com\/\">Little L\u00e9on<\/a><\/h5>\n<p style=\"text-align: center;\">\n","protected":false},"excerpt":{"rendered":"<p>non? si!! C&rsquo;est fou, mon b\u00e9b\u00e9 a 9 mois aujourd&rsquo;hui et il re\u00e7oit encore de jolies choses. Quand je dis \u00ab\u00a0il\u00a0\u00bb je devrais plut\u00f4t dire \u00ab\u00a0nous\u00ab\u00a0! Albine a g\u00e2t\u00e9 toute la famille, un grand merci Albine, la reine des jolis paquets cadeaux! Et quoi de neuf \u00e0 9 mois? je rampe je fais tourner en &hellip; <a href=\"https:\/\/www.emmaducher.com\/blog\/2010\/04\/toujours-gate\/\" class=\"more-link\">Continuer la lecture<span class=\"screen-reader-text\"> de &laquo;&nbsp;toujours g\u00e2t\u00e9&#8230;&nbsp;&raquo;<\/span><\/a><\/p>\n","protected":false},"author":1,"featured_media":0,"comment_status":"open","ping_status":"open","sticky":false,"template":"","format":"standard","meta":[],"categories":[97,87],"tags":[],"_links":{"self":[{"href":"https:\/\/www.emmaducher.com\/blog\/wp-json\/wp\/v2\/posts\/4020"}],"collection":[{"href":"https:\/\/www.emmaducher.com\/blog\/wp-json\/wp\/v2\/posts"}],"about":[{"href":"https:\/\/www.emmaducher.com\/blog\/wp-json\/wp\/v2\/types\/post"}],"author":[{"embeddable":true,"href":"https:\/\/www.emmaducher.com\/blog\/wp-json\/wp\/v2\/users\/1"}],"replies":[{"embeddable":true,"href":"https:\/\/www.emmaducher.com\/blog\/wp-json\/wp\/v2\/comments?post=4020"}],"version-history":[{"count":9,"href":"https:\/\/www.emmaducher.com\/blog\/wp-json\/wp\/v2\/posts\/4020\/revisions"}],"predecessor-version":[{"id":4039,"href":"https:\/\/www.emmaducher.com\/blog\/wp-json\/wp\/v2\/posts\/4020\/revisions\/4039"}],"wp:attachment":[{"href":"https:\/\/www.emmaducher.com\/blog\/wp-json\/wp\/v2\/media?parent=4020"}],"wp:term":[{"taxonomy":"category","embeddable":true,"href":"https:\/\/www.emmaducher.com\/blog\/wp-json\/wp\/v2\/categories?post=4020"},{"taxonomy":"post_tag","embeddable":true,"href":"https:\/\/www.emmaducher.com\/blog\/wp-json\/wp\/v2\/tags?post=4020"}],"curies":[{"name":"wp","href":"https:\/\/api.w.org\/{rel}","templated":true}]}}