 
{"id":4058,"date":"2010-05-13T00:05:52","date_gmt":"2010-05-12T22:05:52","guid":{"rendered":"http:\/\/www.encreviolette.fr\/?p=4058"},"modified":"2010-05-13T00:39:50","modified_gmt":"2010-05-12T22:39:50","slug":"rose-crepon-ou-d13-rose","status":"publish","type":"post","link":"https:\/\/www.emmaducher.com\/blog\/2010\/05\/rose-crepon-ou-d13-rose\/","title":{"rendered":"D13 : rose cr\u00e9pon"},"content":{"rendered":"<p>Au d\u00e9part j&rsquo;\u00e9tais partie sur <a href=\"http:\/\/www.emmaducher.com\/blog\/2010\/04\/avoir-le-choix\/\">un autre coupon<\/a>, mais il \u00e9tait trop fragile pour une robe de fillette, que Z\u00e9lie fusillerait d\u00e8s le premier jour. Avec la lubie du lange (que je cherche toujours d&rsquo;ailleurs!), j&rsquo;ai aussi la lubie du tissu cr\u00e9pon.  depuis le temps que j&rsquo;en cherchais&#8230;!<\/p>\n<p>J&rsquo;ai trouv\u00e9 un coupon de cr\u00e9pon, d&rsquo;un \u00e9cru-gris\u00e9-improbable,  pas de la bonne couleur mais une pinc\u00e9e de ci et une pinc\u00e9e de \u00e7a, et j&rsquo;ai obtenu du rose&#8230; LE rose qu&rsquo;elle voulait.<\/p>\n<p style=\"text-align: center;\"><img loading=\"lazy\" class=\"size-full wp-image-4137  aligncenter\" src=\"\/\/www.emmaducher.com\/blog\/wp-content\/uploads\/2010\/05\/rose.jpg\" alt=\"\" width=\"480\" height=\"480\" srcset=\"https:\/\/www.emmaducher.com\/blog\/wp-content\/uploads\/2010\/05\/rose.jpg 480w, https:\/\/www.emmaducher.com\/blog\/wp-content\/uploads\/2010\/05\/rose-250x250.jpg 250w, https:\/\/www.emmaducher.com\/blog\/wp-content\/uploads\/2010\/05\/rose-300x300.jpg 300w\" sizes=\"(max-width: 480px) 85vw, 480px\" \/><\/p>\n<h5 style=\"text-align: center;\">tissus  cr\u00e9pon Sacr\u00e9s Coupons teint en rose \u00e0 la bidouille maison<br \/>\nBiais Corcovado <a href=\"http:\/\/tricots-de-la-droguerie.fr\/\">la Droguerie<\/a><\/h5>\n<p style=\"text-align: center;\">\n<p>Comme d&rsquo;habitude, patron impec&rsquo;, c&rsquo;est la version longue de <a href=\"http:\/\/www.emmaducher.com\/blog\/2010\/04\/le-coupon-divise-en-3\/\">la tunique de Violette<\/a>, de <a href=\"http:\/\/cgi.ebay.fr\/LETS-GO-OUT-GIRLS-CLOTHES-Japanese-Dress-Pattern-Book-\/200464741463?cmd=ViewItem&#038;pt=LH_DefaultDomain_0&#038;hash=item2eaca13457\">ce livre top<\/a>, et d\u00e9sormais, je couds la taille 130 pour mes 2 filles. De l\u00e0 \u00e0 envisager qu&rsquo;elles se pr\u00eatent les v\u00eatements&#8230;faut quand m\u00eame pas exag\u00e9rer!<\/p>\n<p>La manche n&rsquo;est pas fronc\u00e9e (contrairement au mod\u00e8le) : je me suis rendue compte apr\u00e8s coup que je n&rsquo;avais pas du tout d\u00e9calqu\u00e9 la bonne manche.<em><br \/>\n\u00ab\u00a0C&rsquo;est pas grave, maman, de toutes fa\u00e7ons, j&rsquo;aime pas les plis&#8230;\u00a0\u00bb<\/em> et quelques minutes plus tard, \u00e0  l&rsquo;essayage, pour ajuster l&rsquo;\u00e9lastique qui passe dans le biais \u00e0 la taille<em> \u00ab\u00a0oh j&rsquo;adore maman, j&rsquo;aime tellement tous ces plis&#8230;\u00a0\u00bb <\/em><\/p>\n<h5 style=\"text-align: center;\">Z\u00e9lie a bien compris l&rsquo;art d&rsquo;amadouer,  d&rsquo;arranger, d&rsquo;arrondir les angles&#8230;!<\/h5>\n<p style=\"text-align: center;\"><img loading=\"lazy\" class=\"size-full wp-image-4135  aligncenter\" src=\"\/\/www.emmaducher.com\/blog\/wp-content\/uploads\/2010\/05\/rose11.jpg\" alt=\"\" width=\"480\" height=\"2409\" srcset=\"https:\/\/www.emmaducher.com\/blog\/wp-content\/uploads\/2010\/05\/rose11.jpg 480w, https:\/\/www.emmaducher.com\/blog\/wp-content\/uploads\/2010\/05\/rose11-60x300.jpg 60w, https:\/\/www.emmaducher.com\/blog\/wp-content\/uploads\/2010\/05\/rose11-204x1024.jpg 204w\" sizes=\"(max-width: 480px) 85vw, 480px\" \/><\/p>\n<h5 style=\"text-align: center;\">Un truc est s\u00fbr, m\u00eame si y&rsquo;a  pas que le  rose dans la vie,<br \/>\nelle aime quand m\u00eame sacr\u00e9ment \u00e7a : vous avez vu la couleur qu&rsquo;elle a  choisie pour ses nouvelles chaussures?<\/h5>\n<p>\u00e9dit : les photos ont \u00e9t\u00e9 prises la semaine derni\u00e8re&#8230;\u00e0 l&rsquo;\u00e9poque, il faisait beau&#8230;<\/p>\n<h4 style=\"text-align: center;\"><span style=\"color: #f367b8;\">la jolie galerie toute rose,<\/span> <a href=\"http:\/\/www.defi13.com\/\">c&rsquo;est par ici<\/a><span style=\"color: #f367b8;\">&#8230;!<\/span><\/h4>\n<p style=\"text-align: center;\">\n<p style=\"text-align: center;\">\n","protected":false},"excerpt":{"rendered":"<p>Au d\u00e9part j&rsquo;\u00e9tais partie sur un autre coupon, mais il \u00e9tait trop fragile pour une robe de fillette, que Z\u00e9lie fusillerait d\u00e8s le premier jour. Avec la lubie du lange (que je cherche toujours d&rsquo;ailleurs!), j&rsquo;ai aussi la lubie du tissu cr\u00e9pon. depuis le temps que j&rsquo;en cherchais&#8230;! J&rsquo;ai trouv\u00e9 un coupon de cr\u00e9pon, d&rsquo;un &hellip; <a href=\"https:\/\/www.emmaducher.com\/blog\/2010\/05\/rose-crepon-ou-d13-rose\/\" class=\"more-link\">Continuer la lecture<span class=\"screen-reader-text\"> de &laquo;&nbsp;D13 : rose cr\u00e9pon&nbsp;&raquo;<\/span><\/a><\/p>\n","protected":false},"author":1,"featured_media":0,"comment_status":"open","ping_status":"open","sticky":false,"template":"","format":"standard","meta":[],"categories":[95,89,79],"tags":[],"_links":{"self":[{"href":"https:\/\/www.emmaducher.com\/blog\/wp-json\/wp\/v2\/posts\/4058"}],"collection":[{"href":"https:\/\/www.emmaducher.com\/blog\/wp-json\/wp\/v2\/posts"}],"about":[{"href":"https:\/\/www.emmaducher.com\/blog\/wp-json\/wp\/v2\/types\/post"}],"author":[{"embeddable":true,"href":"https:\/\/www.emmaducher.com\/blog\/wp-json\/wp\/v2\/users\/1"}],"replies":[{"embeddable":true,"href":"https:\/\/www.emmaducher.com\/blog\/wp-json\/wp\/v2\/comments?post=4058"}],"version-history":[{"count":16,"href":"https:\/\/www.emmaducher.com\/blog\/wp-json\/wp\/v2\/posts\/4058\/revisions"}],"predecessor-version":[{"id":4142,"href":"https:\/\/www.emmaducher.com\/blog\/wp-json\/wp\/v2\/posts\/4058\/revisions\/4142"}],"wp:attachment":[{"href":"https:\/\/www.emmaducher.com\/blog\/wp-json\/wp\/v2\/media?parent=4058"}],"wp:term":[{"taxonomy":"category","embeddable":true,"href":"https:\/\/www.emmaducher.com\/blog\/wp-json\/wp\/v2\/categories?post=4058"},{"taxonomy":"post_tag","embeddable":true,"href":"https:\/\/www.emmaducher.com\/blog\/wp-json\/wp\/v2\/tags?post=4058"}],"curies":[{"name":"wp","href":"https:\/\/api.w.org\/{rel}","templated":true}]}}