 
{"id":4196,"date":"2010-05-24T21:57:32","date_gmt":"2010-05-24T19:57:32","guid":{"rendered":"http:\/\/www.encreviolette.fr\/?p=4196"},"modified":"2010-05-24T23:49:57","modified_gmt":"2010-05-24T21:49:57","slug":"chantilly-sous-les-pommiers","status":"publish","type":"post","link":"https:\/\/www.emmaducher.com\/blog\/2010\/05\/chantilly-sous-les-pommiers\/","title":{"rendered":"chantilly sous les pommiers"},"content":{"rendered":"<h5><em>(Ce titre sent un peu le nom de bougie parfum\u00e9e, ou de parfum d&rsquo;ambiance, non?) <\/em><\/h5>\n<p>On ne va pas se plaindre, mais un jour il fait trop froid pour la saison et on r\u00e2le du printemps qui n&rsquo;est toujours pas l\u00e0, et le lendemain on cr\u00e8ve de chaud limite canicule&#8230;<br \/>\nCe week-end, en Normandie, il faisait juste un peu trop chaud pour porter une petite maille apr\u00e8s 10h du matin ! Petite s\u00e9rie de photos prises \u00e0 la fra\u00eeche, donc!<br \/>\nUn mod\u00e8le facile \u00e0 tricoter, avec une bordure feuille qui fait son petit  effet.<\/p>\n<p style=\"text-align: center;\"><img loading=\"lazy\" class=\"size-full wp-image-4197  aligncenter\" src=\"\/\/www.emmaducher.com\/blog\/wp-content\/uploads\/2010\/05\/sans-titre-19.jpg\" alt=\"\" width=\"480\" height=\"1843\" srcset=\"https:\/\/www.emmaducher.com\/blog\/wp-content\/uploads\/2010\/05\/sans-titre-19.jpg 480w, https:\/\/www.emmaducher.com\/blog\/wp-content\/uploads\/2010\/05\/sans-titre-19-78x300.jpg 78w, https:\/\/www.emmaducher.com\/blog\/wp-content\/uploads\/2010\/05\/sans-titre-19-267x1024.jpg 267w\" sizes=\"(max-width: 480px) 85vw, 480px\" \/><\/p>\n<h5 style=\"text-align: center;\">mod\u00e8le Chantilly <a href=\"http:\/\/tricots-de-la-droguerie.fr\/?p=3920\">du dernier livre de la Droguerie<\/a><br \/>\nen kal\u00e9\u00efdo Sahel, taille 8 ans pour Violette<\/h5>\n<p style=\"text-align: center;\">\n","protected":false},"excerpt":{"rendered":"<p>(Ce titre sent un peu le nom de bougie parfum\u00e9e, ou de parfum d&rsquo;ambiance, non?) On ne va pas se plaindre, mais un jour il fait trop froid pour la saison et on r\u00e2le du printemps qui n&rsquo;est toujours pas l\u00e0, et le lendemain on cr\u00e8ve de chaud limite canicule&#8230; Ce week-end, en Normandie, il &hellip; <a href=\"https:\/\/www.emmaducher.com\/blog\/2010\/05\/chantilly-sous-les-pommiers\/\" class=\"more-link\">Continuer la lecture<span class=\"screen-reader-text\"> de &laquo;&nbsp;chantilly sous les pommiers&nbsp;&raquo;<\/span><\/a><\/p>\n","protected":false},"author":1,"featured_media":0,"comment_status":"open","ping_status":"open","sticky":false,"template":"","format":"standard","meta":[],"categories":[70,89],"tags":[],"_links":{"self":[{"href":"https:\/\/www.emmaducher.com\/blog\/wp-json\/wp\/v2\/posts\/4196"}],"collection":[{"href":"https:\/\/www.emmaducher.com\/blog\/wp-json\/wp\/v2\/posts"}],"about":[{"href":"https:\/\/www.emmaducher.com\/blog\/wp-json\/wp\/v2\/types\/post"}],"author":[{"embeddable":true,"href":"https:\/\/www.emmaducher.com\/blog\/wp-json\/wp\/v2\/users\/1"}],"replies":[{"embeddable":true,"href":"https:\/\/www.emmaducher.com\/blog\/wp-json\/wp\/v2\/comments?post=4196"}],"version-history":[{"count":6,"href":"https:\/\/www.emmaducher.com\/blog\/wp-json\/wp\/v2\/posts\/4196\/revisions"}],"predecessor-version":[{"id":4201,"href":"https:\/\/www.emmaducher.com\/blog\/wp-json\/wp\/v2\/posts\/4196\/revisions\/4201"}],"wp:attachment":[{"href":"https:\/\/www.emmaducher.com\/blog\/wp-json\/wp\/v2\/media?parent=4196"}],"wp:term":[{"taxonomy":"category","embeddable":true,"href":"https:\/\/www.emmaducher.com\/blog\/wp-json\/wp\/v2\/categories?post=4196"},{"taxonomy":"post_tag","embeddable":true,"href":"https:\/\/www.emmaducher.com\/blog\/wp-json\/wp\/v2\/tags?post=4196"}],"curies":[{"name":"wp","href":"https:\/\/api.w.org\/{rel}","templated":true}]}}