 
{"id":4477,"date":"2010-07-15T01:02:00","date_gmt":"2010-07-14T23:02:00","guid":{"rendered":"http:\/\/www.encreviolette.fr\/?p=4477"},"modified":"2010-07-15T01:13:25","modified_gmt":"2010-07-14T23:13:25","slug":"cressonnette-dans-les-sous-bois","status":"publish","type":"post","link":"https:\/\/www.emmaducher.com\/blog\/2010\/07\/cressonnette-dans-les-sous-bois\/","title":{"rendered":"cressonnette dans les sous-bois"},"content":{"rendered":"<p>Pour tout vous avouer, <a href=\"http:\/\/www.emmaducher.com\/blog\/2010\/07\/esprit-guinguette-pour-d13\/\">la robe du D13<\/a> \u00e9tait pr\u00e9vue pour Z\u00e9lie&#8230;<br \/>\nMais au premier essayage, j&rsquo;ai vite vu qu&rsquo;elle irait mieux \u00e0 Violette. J&rsquo;ai d\u00fb n\u00e9gocier sec avec demoiselle Z, qui \u00e0 la vue du tissu Cressonnette, s&rsquo;est finalement laiss\u00e9 convaincre&#8230;ouf!<\/p>\n<p style=\"text-align: center;\"><img loading=\"lazy\" class=\"aligncenter size-full wp-image-4498\" src=\"\/\/www.emmaducher.com\/blog\/wp-content\/uploads\/2010\/07\/sans-titre-5.jpg\" alt=\"\" width=\"500\" height=\"1411\" srcset=\"https:\/\/www.emmaducher.com\/blog\/wp-content\/uploads\/2010\/07\/sans-titre-5.jpg 500w, https:\/\/www.emmaducher.com\/blog\/wp-content\/uploads\/2010\/07\/sans-titre-5-106x300.jpg 106w, https:\/\/www.emmaducher.com\/blog\/wp-content\/uploads\/2010\/07\/sans-titre-5-363x1024.jpg 363w\" sizes=\"(max-width: 500px) 85vw, 500px\" \/><\/p>\n<h5 style=\"text-align: center;\">&#8230;enfin, \u00e0 moiti\u00e9 convaincue&#8230;<br \/>\n\u00ab\u00a0c&rsquo;est une belle tunique maman, mais c&rsquo;est pas une robe&#8230;!\u00a0\u00bb<br \/>\nj&rsquo;ai pourtant rallong\u00e9 un peu le mod\u00e8le de la tunique Parthenay (<a href=\"http:\/\/tricots-de-la-droguerie.fr\/\">existe aussi en enfant!<\/a>)<br \/>\nmais c&rsquo;est s\u00fbr on est un peu loin de la robe.<br \/>\nViolette et Z\u00e9lie ont conclu un march\u00e9 :<br \/>\nelles alterneront la robe du D13, et la tunique en tissu Cressonnette, parfait.<\/h5>\n<p style=\"text-align: center;\">\n","protected":false},"excerpt":{"rendered":"<p>Pour tout vous avouer, la robe du D13 \u00e9tait pr\u00e9vue pour Z\u00e9lie&#8230; Mais au premier essayage, j&rsquo;ai vite vu qu&rsquo;elle irait mieux \u00e0 Violette. J&rsquo;ai d\u00fb n\u00e9gocier sec avec demoiselle Z, qui \u00e0 la vue du tissu Cressonnette, s&rsquo;est finalement laiss\u00e9 convaincre&#8230;ouf! &#8230;enfin, \u00e0 moiti\u00e9 convaincue&#8230; \u00ab\u00a0c&rsquo;est une belle tunique maman, mais c&rsquo;est pas une &hellip; <a href=\"https:\/\/www.emmaducher.com\/blog\/2010\/07\/cressonnette-dans-les-sous-bois\/\" class=\"more-link\">Continuer la lecture<span class=\"screen-reader-text\"> de &laquo;&nbsp;cressonnette dans les sous-bois&nbsp;&raquo;<\/span><\/a><\/p>\n","protected":false},"author":1,"featured_media":0,"comment_status":"open","ping_status":"open","sticky":false,"template":"","format":"standard","meta":[],"categories":[89,79],"tags":[],"_links":{"self":[{"href":"https:\/\/www.emmaducher.com\/blog\/wp-json\/wp\/v2\/posts\/4477"}],"collection":[{"href":"https:\/\/www.emmaducher.com\/blog\/wp-json\/wp\/v2\/posts"}],"about":[{"href":"https:\/\/www.emmaducher.com\/blog\/wp-json\/wp\/v2\/types\/post"}],"author":[{"embeddable":true,"href":"https:\/\/www.emmaducher.com\/blog\/wp-json\/wp\/v2\/users\/1"}],"replies":[{"embeddable":true,"href":"https:\/\/www.emmaducher.com\/blog\/wp-json\/wp\/v2\/comments?post=4477"}],"version-history":[{"count":6,"href":"https:\/\/www.emmaducher.com\/blog\/wp-json\/wp\/v2\/posts\/4477\/revisions"}],"predecessor-version":[{"id":4502,"href":"https:\/\/www.emmaducher.com\/blog\/wp-json\/wp\/v2\/posts\/4477\/revisions\/4502"}],"wp:attachment":[{"href":"https:\/\/www.emmaducher.com\/blog\/wp-json\/wp\/v2\/media?parent=4477"}],"wp:term":[{"taxonomy":"category","embeddable":true,"href":"https:\/\/www.emmaducher.com\/blog\/wp-json\/wp\/v2\/categories?post=4477"},{"taxonomy":"post_tag","embeddable":true,"href":"https:\/\/www.emmaducher.com\/blog\/wp-json\/wp\/v2\/tags?post=4477"}],"curies":[{"name":"wp","href":"https:\/\/api.w.org\/{rel}","templated":true}]}}