 
{"id":4665,"date":"2010-08-30T00:18:11","date_gmt":"2010-08-29T22:18:11","guid":{"rendered":"http:\/\/www.encreviolette.fr\/?p=4665"},"modified":"2010-08-29T20:29:20","modified_gmt":"2010-08-29T18:29:20","slug":"les-2-robes-dete","status":"publish","type":"post","link":"https:\/\/www.emmaducher.com\/blog\/2010\/08\/les-2-robes-dete\/","title":{"rendered":"les 2 robes d&rsquo;\u00e9t\u00e9&#8230;"},"content":{"rendered":"<p>C&rsquo;est toujours le m\u00eame truc ici : si je couds pour l&rsquo;une, il faudra coudre pour l&rsquo;autre dans la foul\u00e9e.<br \/>\nJ&rsquo;ai de la chance, pour l&rsquo;instant, il y en a un qui ne parle pas &#8211;<em>enfin disons que tout n&rsquo;est pas franchement compr\u00e9hensible!<\/em>-, ce \u00e0 quoi je vois double b\u00e9n\u00e9fice : 1\/ je lui couds ce que je veux, et 2\/ je couds quand je veux, et pas forc\u00e9ment de fa\u00e7on \u00e9quitable avec ses soeurs &#8211;<em>\u00e7a peut \u00eatre plus, \u00e7a peut \u00eatre moins, il ne m&rsquo;en tient pas (encore) rigueur<\/em>-!<br \/>\nBref, revenons aux filles : pour jouer l&rsquo;\u00e9galit\u00e9 jusqu&rsquo;au bout, j&rsquo;ai cousu les m\u00eames robes, dans le m\u00eame tissu (\u00e0 la couleur pr\u00e8s) et dans les m\u00eames tailles.<\/p>\n<p><strong>Bilan : <\/strong><\/p>\n<p><strong>Z\u00e9lie<\/strong> adooooore sa robe de dame (mais elle se demande bien pourquoi j&rsquo;ai cousu les liens pour la nouer dans le cou, elle se voyait bien avec une robe-bustier, elle) et l&rsquo;aurait port\u00e9e tout l&rsquo;\u00e9t\u00e9 si les machines \u00e0 laver n&rsquo;existaient pas&#8230;<br \/>\n<strong>Violette<\/strong> aime sa robe ray\u00e9e, mais trouve qu&rsquo;elle ressemble un peu trop \u00e0 celle de Z\u00e9lie&#8230;<br \/>\nAhhh mes poulettes&#8230;!<br \/>\nla prochaine session couture, je teste un nouveau patron et la m\u00eame tenue pour chacune, mais dans des tissus diff\u00e9rents, on verra bien!<br \/>\nIl y aura aussi de la fleurette pour celui qui ne parle pas, profitons en!<\/p>\n<p>En attendant, voici les robes ray\u00e9es en situation :<\/p>\n<p><img loading=\"lazy\" class=\"aligncenter size-full wp-image-4666\" src=\"\/\/www.emmaducher.com\/blog\/wp-content\/uploads\/2010\/08\/sans-titre-21.jpg\" alt=\"\" width=\"500\" height=\"1968\" srcset=\"https:\/\/www.emmaducher.com\/blog\/wp-content\/uploads\/2010\/08\/sans-titre-21.jpg 500w, https:\/\/www.emmaducher.com\/blog\/wp-content\/uploads\/2010\/08\/sans-titre-21-76x300.jpg 76w, https:\/\/www.emmaducher.com\/blog\/wp-content\/uploads\/2010\/08\/sans-titre-21-260x1024.jpg 260w\" sizes=\"(max-width: 500px) 85vw, 500px\" \/><\/p>\n<h5 style=\"text-align: center;\">tissu jersey parfait \u00e0 coudre, chez <a href=\"http:\/\/www.vetement-marin-broderie.com\/Tissus-Service-Fils;79.html?RS=mekjj2546ds2gpsgak3p7ppfm5\">v\u00eatement-marin-broderie.com<\/a><br \/>\n<a href=\"http:\/\/www.vetement-marin-broderie.com\/,306.html?cPath=79_43&amp;RS=mekjj2546ds2gpsgak3p7ppfm5\">ray\u00e9 rose<\/a> pour Z\u00e9lie, et <a href=\"http:\/\/www.vetement-marin-broderie.com\/,303.html?cPath=79_43&amp;RS=mekjj2546ds2gpsgak3p7ppfm5\">ray\u00e9 bordeaux<\/a> pour Violette<br \/>\npatron G de <a href=\"http:\/\/cgi.ebay.fr\/LETS-GO-OUT-GIRLS-CLOTHES-Japanese-Dress-Pattern-Book-\/200477496222?pt=LH_DefaultDomain_0\">ce livre<\/a>, taille 130 pour les 2<br \/>\nmodification : un lien dans le cou \u00e0 la place des bretelles<\/h5>\n<h5 style=\"text-align: center;\"><span style=\"color: #ffffff;\">a<\/span><\/h5>\n","protected":false},"excerpt":{"rendered":"<p>C&rsquo;est toujours le m\u00eame truc ici : si je couds pour l&rsquo;une, il faudra coudre pour l&rsquo;autre dans la foul\u00e9e. J&rsquo;ai de la chance, pour l&rsquo;instant, il y en a un qui ne parle pas &#8211;enfin disons que tout n&rsquo;est pas franchement compr\u00e9hensible!-, ce \u00e0 quoi je vois double b\u00e9n\u00e9fice : 1\/ je lui couds &hellip; <a href=\"https:\/\/www.emmaducher.com\/blog\/2010\/08\/les-2-robes-dete\/\" class=\"more-link\">Continuer la lecture<span class=\"screen-reader-text\"> de &laquo;&nbsp;les 2 robes d&rsquo;\u00e9t\u00e9&#8230;&nbsp;&raquo;<\/span><\/a><\/p>\n","protected":false},"author":1,"featured_media":0,"comment_status":"open","ping_status":"open","sticky":false,"template":"","format":"standard","meta":[],"categories":[79],"tags":[],"_links":{"self":[{"href":"https:\/\/www.emmaducher.com\/blog\/wp-json\/wp\/v2\/posts\/4665"}],"collection":[{"href":"https:\/\/www.emmaducher.com\/blog\/wp-json\/wp\/v2\/posts"}],"about":[{"href":"https:\/\/www.emmaducher.com\/blog\/wp-json\/wp\/v2\/types\/post"}],"author":[{"embeddable":true,"href":"https:\/\/www.emmaducher.com\/blog\/wp-json\/wp\/v2\/users\/1"}],"replies":[{"embeddable":true,"href":"https:\/\/www.emmaducher.com\/blog\/wp-json\/wp\/v2\/comments?post=4665"}],"version-history":[{"count":11,"href":"https:\/\/www.emmaducher.com\/blog\/wp-json\/wp\/v2\/posts\/4665\/revisions"}],"predecessor-version":[{"id":4675,"href":"https:\/\/www.emmaducher.com\/blog\/wp-json\/wp\/v2\/posts\/4665\/revisions\/4675"}],"wp:attachment":[{"href":"https:\/\/www.emmaducher.com\/blog\/wp-json\/wp\/v2\/media?parent=4665"}],"wp:term":[{"taxonomy":"category","embeddable":true,"href":"https:\/\/www.emmaducher.com\/blog\/wp-json\/wp\/v2\/categories?post=4665"},{"taxonomy":"post_tag","embeddable":true,"href":"https:\/\/www.emmaducher.com\/blog\/wp-json\/wp\/v2\/tags?post=4665"}],"curies":[{"name":"wp","href":"https:\/\/api.w.org\/{rel}","templated":true}]}}