 
{"id":4678,"date":"2010-09-02T13:08:21","date_gmt":"2010-09-02T11:08:21","guid":{"rendered":"http:\/\/www.encreviolette.fr\/?p=4678"},"modified":"2010-09-02T14:39:46","modified_gmt":"2010-09-02T12:39:46","slug":"bo-girls-show-11-%c2%ab-frous-frous-vieilles-dentelles%e2%80%a6-%c2%bb","status":"publish","type":"post","link":"https:\/\/www.emmaducher.com\/blog\/2010\/09\/bo-girls-show-11-%c2%ab-frous-frous-vieilles-dentelles%e2%80%a6-%c2%bb\/","title":{"rendered":"BO &#038; girls show #11 : \u00ab Frous-frous &#038; vieilles dentelles\u2026 \u00bb"},"content":{"rendered":"<p>Il a failli passer \u00e0 la trappe celui-l\u00e0&#8230; !<\/p>\n<p>forc\u00e9ment, avec la rentr\u00e9e des classes, j&rsquo;avais un cartable \u00e0 pr\u00e9parer pour la grande, des chaussons \u00e0 retrouver pour la moyenne, et un b\u00e9b\u00e9 (si si, c&rsquo;est encore un b\u00e9b\u00e9) surexcit\u00e9 par cette ambiance de rentr\u00e9e.<br \/>\nBref, j&rsquo;ai bien cru que je ne trouverais pas le petit cr\u00e9neau n\u00e9cessaire au montage des BO!<br \/>\nmais <a href=\"http:\/\/dukibrille.wordpress.com\/2010\/09\/02\/bo-and-girls-show-11-on-fait-dans-la-dentelle\/\">les filles kibrillent<\/a> ont raison, <em>\u00ab\u00a0Les filles de la blogo, c\u2019est des winneuses ! Elles arrivent \u00e0 bricoler  une tite paire de BO en conduisant le grand \u00e0 l\u2019\u00e9cole maternelle et la  petite derni\u00e8re \u00e0 la cr\u00e8che, tout \u00e7a avec une pince plate dans la main  droite et les doudous dans celle de gauche !!!\u00a0\u00bb<\/em><em><br \/>\n<\/em>(bon, ici c&rsquo;est une grande en CE2, une moyenne en grande section et un petit chez la nounou, mais c&rsquo;est pareil hein!)<em><br \/>\n<\/em><\/p>\n<p><em><img loading=\"lazy\" class=\"aligncenter size-full wp-image-4691\" src=\"\/\/www.emmaducher.com\/blog\/wp-content\/uploads\/2010\/09\/sans-titre-1.jpg\" alt=\"\" width=\"500\" height=\"992\" srcset=\"https:\/\/www.emmaducher.com\/blog\/wp-content\/uploads\/2010\/09\/sans-titre-1.jpg 500w, https:\/\/www.emmaducher.com\/blog\/wp-content\/uploads\/2010\/09\/sans-titre-1-151x300.jpg 151w\" sizes=\"(max-width: 500px) 85vw, 500px\" \/><br \/>\n<\/em><\/p>\n<h5 style=\"text-align: center;\">un peu de dentelle sous une loupe<br \/>\nune goutte finale avec une nouvelle jolie corolle<br \/>\net des petits accessoires de raccord couleur laiton<br \/>\net pour changer un peu, du bleu.<\/h5>\n<h5 style=\"text-align: center;\">Tiens c&rsquo;est vrai \u00e7a, je montre rarement des trucs bleus ici, non?<\/h5>\n<h5 style=\"text-align: center;\">(fournitures <a href=\"http:\/\/tricots-de-la-droguerie.fr\/\">la Droguerie<\/a>)<\/h5>\n<p><strong><span style=\"color: #5799db;\">Edit\u00a0 : le c\u00f4ne n&rsquo;est pas du kal\u00e9\u00efdo (il est joli ce bleu non?), c&rsquo;est juste un petit c\u00f4ne de mon stock de fils \u00e0 coudre et autres!<\/span><\/strong><\/p>\n<h5 style=\"text-align: center;\"><span style=\"color: #ffffff;\">a<\/span><\/h5>\n","protected":false},"excerpt":{"rendered":"<p>Il a failli passer \u00e0 la trappe celui-l\u00e0&#8230; ! forc\u00e9ment, avec la rentr\u00e9e des classes, j&rsquo;avais un cartable \u00e0 pr\u00e9parer pour la grande, des chaussons \u00e0 retrouver pour la moyenne, et un b\u00e9b\u00e9 (si si, c&rsquo;est encore un b\u00e9b\u00e9) surexcit\u00e9 par cette ambiance de rentr\u00e9e. Bref, j&rsquo;ai bien cru que je ne trouverais pas le &hellip; <a href=\"https:\/\/www.emmaducher.com\/blog\/2010\/09\/bo-girls-show-11-%c2%ab-frous-frous-vieilles-dentelles%e2%80%a6-%c2%bb\/\" class=\"more-link\">Continuer la lecture<span class=\"screen-reader-text\"> de &laquo;&nbsp;BO &#038; girls show #11 : \u00ab Frous-frous &#038; vieilles dentelles\u2026 \u00bb&nbsp;&raquo;<\/span><\/a><\/p>\n","protected":false},"author":1,"featured_media":0,"comment_status":"open","ping_status":"open","sticky":false,"template":"","format":"standard","meta":[],"categories":[95],"tags":[],"_links":{"self":[{"href":"https:\/\/www.emmaducher.com\/blog\/wp-json\/wp\/v2\/posts\/4678"}],"collection":[{"href":"https:\/\/www.emmaducher.com\/blog\/wp-json\/wp\/v2\/posts"}],"about":[{"href":"https:\/\/www.emmaducher.com\/blog\/wp-json\/wp\/v2\/types\/post"}],"author":[{"embeddable":true,"href":"https:\/\/www.emmaducher.com\/blog\/wp-json\/wp\/v2\/users\/1"}],"replies":[{"embeddable":true,"href":"https:\/\/www.emmaducher.com\/blog\/wp-json\/wp\/v2\/comments?post=4678"}],"version-history":[{"count":7,"href":"https:\/\/www.emmaducher.com\/blog\/wp-json\/wp\/v2\/posts\/4678\/revisions"}],"predecessor-version":[{"id":4696,"href":"https:\/\/www.emmaducher.com\/blog\/wp-json\/wp\/v2\/posts\/4678\/revisions\/4696"}],"wp:attachment":[{"href":"https:\/\/www.emmaducher.com\/blog\/wp-json\/wp\/v2\/media?parent=4678"}],"wp:term":[{"taxonomy":"category","embeddable":true,"href":"https:\/\/www.emmaducher.com\/blog\/wp-json\/wp\/v2\/categories?post=4678"},{"taxonomy":"post_tag","embeddable":true,"href":"https:\/\/www.emmaducher.com\/blog\/wp-json\/wp\/v2\/tags?post=4678"}],"curies":[{"name":"wp","href":"https:\/\/api.w.org\/{rel}","templated":true}]}}