 
{"id":4714,"date":"2010-09-08T15:35:54","date_gmt":"2010-09-08T13:35:54","guid":{"rendered":"http:\/\/www.encreviolette.fr\/?p=4714"},"modified":"2016-03-13T15:55:57","modified_gmt":"2016-03-13T14:55:57","slug":"moutarde-fleurie","status":"publish","type":"post","link":"https:\/\/www.emmaducher.com\/blog\/2010\/09\/moutarde-fleurie\/","title":{"rendered":"moutarde fleurie"},"content":{"rendered":"<p>Peut \u00eatre qu&rsquo;un jour, je ne supporterai plus cette couleur.<br \/>\ntoujours est il que je n&rsquo;ai pas eu d&rsquo;indigestion de <a href=\"http:\/\/www.emmaducher.com\/blog\/2010\/06\/d13-et-vieilles-dentelles\/\">compote de pommes<\/a>, ni de moutarde cet \u00e9t\u00e9, et que j&rsquo;en ai encore envie pour cet automne!<br \/>\nErnest allait avoir <a href=\"http:\/\/www.emmaducher.com\/blog\/2010\/08\/sur-les-dunes\/\">de la moutarde<\/a>, et <a href=\"http:\/\/www.emmaducher.com\/blog\/2010\/08\/les-2-robes-dete\/\">des petites fleurs<\/a>, l&rsquo;affaire \u00e9tait pr\u00e9vue.<br \/>\nSa petite tenue de rentr\u00e9e est donc finie mais c&rsquo;est encore un peu grand, je vais rentabiliser cet hiver!<br \/>\nMon b\u00e9b\u00e9 est toujours nu-pieds<em> (mais que fait sa m\u00e8re?)<\/em>, je vais devoir me d\u00e9cider \u00e0 lui mettre des VRAIES chaussures de grands gar\u00e7ons, bouhhh&#8230;<br \/>\nEn attendant, Ernest est totalement accro au jeu qu&rsquo;on lui a offert pour ses 1 an, d\u00e9nich\u00e9 chez <a href=\"http:\/\/www.lepingouindelespace.com\/index.cfm\">le Pingouin de l&rsquo;Espace<\/a>, d\u00e8s que monsieur s&rsquo;impatiente -et \u00e7a n&rsquo;est pas chose rare-, je d\u00e9gaine le fameux jeu, et l\u00e0, \u00f4 joie, \u00f4 bonheur!<\/p>\n<p><img loading=\"lazy\" class=\"aligncenter size-full wp-image-4715\" src=\"\/\/www.emmaducher.com\/blog\/wp-content\/uploads\/2010\/09\/ernestcourson.jpg\" alt=\"\" width=\"500\" height=\"1197\" srcset=\"https:\/\/www.emmaducher.com\/blog\/wp-content\/uploads\/2010\/09\/ernestcourson.jpg 500w, https:\/\/www.emmaducher.com\/blog\/wp-content\/uploads\/2010\/09\/ernestcourson-125x300.jpg 125w, https:\/\/www.emmaducher.com\/blog\/wp-content\/uploads\/2010\/09\/ernestcourson-428x1024.jpg 428w\" sizes=\"(max-width: 500px) 85vw, 500px\" \/><\/p>\n<h5 style=\"text-align: center;\">chemise et un pantalon <a href=\"http:\/\/cgi.ebay.fr\/NEW-YORK-STYLE-KIDS-CLOTHES-PATTERNS-Japanese-Book-\/360272007128?pt=LH_DefaultDomain_0&amp;hash=item53e1e28fd8\">Maki\u00e9<\/a><br \/>\ntissu velours gris stock perso et tissu moutarde \u00e0 fleurettes <a href=\"http:\/\/tricots-de-la-droguerie.fr\/?p=4152\">Courson<\/a><\/h5>\n<h5 style=\"text-align: center;\">gilet Courtenay (livre \u00ab\u00a0l\u00e9ger et douillet\u00a0\u00bb de <a href=\"http:\/\/tricots-de-la-droguerie.fr\/\">la Droguerie<\/a>)<br \/>\ntaille 2 ans, r\u00e9alis\u00e9 en double alpaga Moutarde de Dijon<\/h5>\n<p style=\"text-align: center;\">\n","protected":false},"excerpt":{"rendered":"<p>i<\/p>\n","protected":false},"author":1,"featured_media":10390,"comment_status":"open","ping_status":"open","sticky":false,"template":"","format":"standard","meta":[],"categories":[70,79],"tags":[113],"_links":{"self":[{"href":"https:\/\/www.emmaducher.com\/blog\/wp-json\/wp\/v2\/posts\/4714"}],"collection":[{"href":"https:\/\/www.emmaducher.com\/blog\/wp-json\/wp\/v2\/posts"}],"about":[{"href":"https:\/\/www.emmaducher.com\/blog\/wp-json\/wp\/v2\/types\/post"}],"author":[{"embeddable":true,"href":"https:\/\/www.emmaducher.com\/blog\/wp-json\/wp\/v2\/users\/1"}],"replies":[{"embeddable":true,"href":"https:\/\/www.emmaducher.com\/blog\/wp-json\/wp\/v2\/comments?post=4714"}],"version-history":[{"count":6,"href":"https:\/\/www.emmaducher.com\/blog\/wp-json\/wp\/v2\/posts\/4714\/revisions"}],"predecessor-version":[{"id":10391,"href":"https:\/\/www.emmaducher.com\/blog\/wp-json\/wp\/v2\/posts\/4714\/revisions\/10391"}],"wp:featuredmedia":[{"embeddable":true,"href":"https:\/\/www.emmaducher.com\/blog\/wp-json\/wp\/v2\/media\/10390"}],"wp:attachment":[{"href":"https:\/\/www.emmaducher.com\/blog\/wp-json\/wp\/v2\/media?parent=4714"}],"wp:term":[{"taxonomy":"category","embeddable":true,"href":"https:\/\/www.emmaducher.com\/blog\/wp-json\/wp\/v2\/categories?post=4714"},{"taxonomy":"post_tag","embeddable":true,"href":"https:\/\/www.emmaducher.com\/blog\/wp-json\/wp\/v2\/tags?post=4714"}],"curies":[{"name":"wp","href":"https:\/\/api.w.org\/{rel}","templated":true}]}}