 
{"id":4862,"date":"2010-10-16T13:18:41","date_gmt":"2010-10-16T11:18:41","guid":{"rendered":"http:\/\/www.encreviolette.fr\/?p=4862"},"modified":"2010-10-16T13:36:51","modified_gmt":"2010-10-16T11:36:51","slug":"a-cause-du-froid","status":"publish","type":"post","link":"https:\/\/www.emmaducher.com\/blog\/2010\/10\/a-cause-du-froid\/","title":{"rendered":"\u00e0 cause du froid&#8230;"},"content":{"rendered":"<p>\u00e0 cause du froid, je suis au ralenti (comment \u00e7a <em>la bonne excuse<\/em>?), ma machine \u00e0 coudre aussi, elle est engourdie la pauvre.<br \/>\nDire que \u00e7a n&rsquo;est que le d\u00e9but (du froid).<br \/>\nJ&rsquo;ai toujours des piles de tissus coup\u00e9s \u00e0 coudre depuis des lustres (je pensais que \u00e7a irait plus vite de couper plein de trucs en m\u00eame temps, c&rsquo;est malin, j&rsquo;ai plus envie de les coudre maintenant) et j&rsquo;ai m\u00eame quelque chose pour moi presque fini&#8230;<br \/>\nComme motivation, j&rsquo;ai trouv\u00e9 la parade (ou le moyen de repousser encore l&rsquo;\u00e9tape couture) : commencer par faire les BO de la tunique \u00e0 finir. Ca va marcher, non?<\/p>\n<p><img loading=\"lazy\" class=\"aligncenter size-full wp-image-4863\" src=\"\/\/www.emmaducher.com\/blog\/wp-content\/uploads\/2010\/10\/bo.jpg\" alt=\"\" width=\"500\" height=\"1332\" srcset=\"https:\/\/www.emmaducher.com\/blog\/wp-content\/uploads\/2010\/10\/bo.jpg 500w, https:\/\/www.emmaducher.com\/blog\/wp-content\/uploads\/2010\/10\/bo-113x300.jpg 113w, https:\/\/www.emmaducher.com\/blog\/wp-content\/uploads\/2010\/10\/bo-384x1024.jpg 384w\" sizes=\"(max-width: 500px) 85vw, 500px\" \/><\/p>\n<h5 style=\"text-align: center;\">tissu petits motifs <a href=\"http:\/\/www.annakabazaar.com\/14-tissus\">AnnaKa bazaar<\/a><br \/>\n(celui ci n&rsquo;existe plus, mais il y en a plein de jolis!)<br \/>\nfournitures BO <a href=\"http:\/\/tricots-de-la-droguerie.fr\/\">la Droguerie<\/a><\/h5>\n<h5 style=\"text-align: center;\"><span style=\"color: #ffffff;\">a<\/span><\/h5>\n","protected":false},"excerpt":{"rendered":"<p>\u00e0 cause du froid, je suis au ralenti (comment \u00e7a la bonne excuse?), ma machine \u00e0 coudre aussi, elle est engourdie la pauvre. Dire que \u00e7a n&rsquo;est que le d\u00e9but (du froid). J&rsquo;ai toujours des piles de tissus coup\u00e9s \u00e0 coudre depuis des lustres (je pensais que \u00e7a irait plus vite de couper plein de &hellip; <a href=\"https:\/\/www.emmaducher.com\/blog\/2010\/10\/a-cause-du-froid\/\" class=\"more-link\">Continuer la lecture<span class=\"screen-reader-text\"> de &laquo;&nbsp;\u00e0 cause du froid&#8230;&nbsp;&raquo;<\/span><\/a><\/p>\n","protected":false},"author":1,"featured_media":0,"comment_status":"open","ping_status":"open","sticky":false,"template":"","format":"standard","meta":[],"categories":[69],"tags":[],"_links":{"self":[{"href":"https:\/\/www.emmaducher.com\/blog\/wp-json\/wp\/v2\/posts\/4862"}],"collection":[{"href":"https:\/\/www.emmaducher.com\/blog\/wp-json\/wp\/v2\/posts"}],"about":[{"href":"https:\/\/www.emmaducher.com\/blog\/wp-json\/wp\/v2\/types\/post"}],"author":[{"embeddable":true,"href":"https:\/\/www.emmaducher.com\/blog\/wp-json\/wp\/v2\/users\/1"}],"replies":[{"embeddable":true,"href":"https:\/\/www.emmaducher.com\/blog\/wp-json\/wp\/v2\/comments?post=4862"}],"version-history":[{"count":8,"href":"https:\/\/www.emmaducher.com\/blog\/wp-json\/wp\/v2\/posts\/4862\/revisions"}],"predecessor-version":[{"id":4868,"href":"https:\/\/www.emmaducher.com\/blog\/wp-json\/wp\/v2\/posts\/4862\/revisions\/4868"}],"wp:attachment":[{"href":"https:\/\/www.emmaducher.com\/blog\/wp-json\/wp\/v2\/media?parent=4862"}],"wp:term":[{"taxonomy":"category","embeddable":true,"href":"https:\/\/www.emmaducher.com\/blog\/wp-json\/wp\/v2\/categories?post=4862"},{"taxonomy":"post_tag","embeddable":true,"href":"https:\/\/www.emmaducher.com\/blog\/wp-json\/wp\/v2\/tags?post=4862"}],"curies":[{"name":"wp","href":"https:\/\/api.w.org\/{rel}","templated":true}]}}