 
{"id":5245,"date":"2010-12-09T22:01:34","date_gmt":"2010-12-09T21:01:34","guid":{"rendered":"http:\/\/www.encreviolette.fr\/?p=5245"},"modified":"2010-12-09T22:01:34","modified_gmt":"2010-12-09T21:01:34","slug":"winter","status":"publish","type":"post","link":"https:\/\/www.emmaducher.com\/blog\/2010\/12\/winter\/","title":{"rendered":"winter!"},"content":{"rendered":"<p>Pff pas encore eu le temps de mettre en forme le petit jeu promis, la honte. Ce week-end, jur\u00e9!<br \/>\nIl refait froid non? ici oui, c&rsquo;est s\u00fbr. Mais bon, on va s&rsquo;\u00e9quiper de moufles, re-moufles, bonnet, re-bonnet, et grosse \u00e9charpe (comme je b\u00e9nis <a href=\"http:\/\/www.emmaducher.com\/blog\/2010\/11\/necessaire-indispensable-et-meme-vitale\/\">mon \u00e9tole en soyeuse<\/a>&#8230;!) parce que <a href=\"http:\/\/www.fetedeslumieres.lyon.fr\/\">la f\u00eate des Lumi\u00e8res<\/a>, c&rsquo;est pas possible de ne pas y aller! Demain je vais donc tester mon appareil photo en mode nuit, et mode froid, on va voir ce que \u00e7a donne&#8230;<\/p>\n<p><img loading=\"lazy\" class=\"aligncenter size-full wp-image-5246\" src=\"\/\/www.emmaducher.com\/blog\/wp-content\/uploads\/2010\/12\/winter.jpg\" alt=\"\" width=\"500\" height=\"1024\" srcset=\"https:\/\/www.emmaducher.com\/blog\/wp-content\/uploads\/2010\/12\/winter.jpg 500w, https:\/\/www.emmaducher.com\/blog\/wp-content\/uploads\/2010\/12\/winter-146x300.jpg 146w\" sizes=\"(max-width: 500px) 85vw, 500px\" \/><\/p>\n<h5 style=\"text-align: center;\">Pas encore tout \u00e0 fait de saison, je sais, mais l&rsquo;ambiance, c&rsquo;est un peu \u00e7a non?<\/h5>\n<p><span style=\"color: #ffffff;\">a<\/span><\/p>\n","protected":false},"excerpt":{"rendered":"<p>Pff pas encore eu le temps de mettre en forme le petit jeu promis, la honte. Ce week-end, jur\u00e9! Il refait froid non? ici oui, c&rsquo;est s\u00fbr. Mais bon, on va s&rsquo;\u00e9quiper de moufles, re-moufles, bonnet, re-bonnet, et grosse \u00e9charpe (comme je b\u00e9nis mon \u00e9tole en soyeuse&#8230;!) parce que la f\u00eate des Lumi\u00e8res, c&rsquo;est pas &hellip; <a href=\"https:\/\/www.emmaducher.com\/blog\/2010\/12\/winter\/\" class=\"more-link\">Continuer la lecture<span class=\"screen-reader-text\"> de &laquo;&nbsp;winter!&nbsp;&raquo;<\/span><\/a><\/p>\n","protected":false},"author":1,"featured_media":0,"comment_status":"open","ping_status":"open","sticky":false,"template":"","format":"standard","meta":[],"categories":[100],"tags":[],"_links":{"self":[{"href":"https:\/\/www.emmaducher.com\/blog\/wp-json\/wp\/v2\/posts\/5245"}],"collection":[{"href":"https:\/\/www.emmaducher.com\/blog\/wp-json\/wp\/v2\/posts"}],"about":[{"href":"https:\/\/www.emmaducher.com\/blog\/wp-json\/wp\/v2\/types\/post"}],"author":[{"embeddable":true,"href":"https:\/\/www.emmaducher.com\/blog\/wp-json\/wp\/v2\/users\/1"}],"replies":[{"embeddable":true,"href":"https:\/\/www.emmaducher.com\/blog\/wp-json\/wp\/v2\/comments?post=5245"}],"version-history":[{"count":3,"href":"https:\/\/www.emmaducher.com\/blog\/wp-json\/wp\/v2\/posts\/5245\/revisions"}],"predecessor-version":[{"id":5249,"href":"https:\/\/www.emmaducher.com\/blog\/wp-json\/wp\/v2\/posts\/5245\/revisions\/5249"}],"wp:attachment":[{"href":"https:\/\/www.emmaducher.com\/blog\/wp-json\/wp\/v2\/media?parent=5245"}],"wp:term":[{"taxonomy":"category","embeddable":true,"href":"https:\/\/www.emmaducher.com\/blog\/wp-json\/wp\/v2\/categories?post=5245"},{"taxonomy":"post_tag","embeddable":true,"href":"https:\/\/www.emmaducher.com\/blog\/wp-json\/wp\/v2\/tags?post=5245"}],"curies":[{"name":"wp","href":"https:\/\/api.w.org\/{rel}","templated":true}]}}