 
{"id":5331,"date":"2010-12-20T13:52:21","date_gmt":"2010-12-20T12:52:21","guid":{"rendered":"http:\/\/www.encreviolette.fr\/?p=5331"},"modified":"2010-12-21T18:20:35","modified_gmt":"2010-12-21T17:20:35","slug":"fondre-comme-neige-au-soleil","status":"publish","type":"post","link":"https:\/\/www.emmaducher.com\/blog\/2010\/12\/fondre-comme-neige-au-soleil\/","title":{"rendered":"fondre comme neige au soleil&#8230;"},"content":{"rendered":"<p>Je parle de mes (grands) projets de cadeaux home-made pour No\u00ebl&#8230; Le 25 approche et mes projets fondent comme neige au soleil, oui oui oui!<br \/>\ncomment se fait-il que No\u00ebl arrive si vite cette ann\u00e9e? je n&rsquo;ai pas encore fini tous les cadeaux!<br \/>\nQuand je vois o\u00f9 j&rsquo;en suis dans <a href=\"http:\/\/tricots-de-la-droguerie.fr\/?p=4688\">le maxi-ch\u00e2le Alen\u00e7on<\/a> (le maxi tant qu&rsquo;\u00e0 faire, \u00e7&rsquo;aurait \u00e9t\u00e9 trop rapide de tricoter la version mini, hum), je me dis que je vais peut-\u00eatre d\u00e9ployer le plan B&#8230; mais quel plan B&#8230;?<\/p>\n<p><img loading=\"lazy\" class=\"aligncenter size-full wp-image-5332\" src=\"\/\/www.emmaducher.com\/blog\/wp-content\/uploads\/2010\/12\/sans-titre-13.jpg\" alt=\"\" width=\"500\" height=\"790\" srcset=\"https:\/\/www.emmaducher.com\/blog\/wp-content\/uploads\/2010\/12\/sans-titre-13.jpg 500w, https:\/\/www.emmaducher.com\/blog\/wp-content\/uploads\/2010\/12\/sans-titre-13-190x300.jpg 190w\" sizes=\"(max-width: 500px) 85vw, 500px\" \/><\/p>\n<h5 style=\"text-align: center;\">d\u00e9but de maxi-ch\u00e2le Alen\u00e7on<br \/>\n(une aiguille 4, une aiguille 10, des c\u00f4tes 1\/1 avec la maille endroit tricot\u00e9e torse)<br \/>\nen soyeuse coloris <a href=\"http:\/\/tricots-de-la-droguerie.fr\/?p=4559\">fleuve St Laurent<\/a><\/h5>\n<p>j&rsquo;ai une meilleure id\u00e9e que le plan B : m&rsquo;activer \u00e0 fond les ballons, tricoter matin, midi et soir et zou, emball\u00e9 pour le 25&#8230; allez j&rsquo;y crois, j&rsquo;arr\u00eate de papoter et je file tricoter. Ce qui serait encore mieux, c&rsquo;est se motiver avec une copine qui tricote le m\u00eame mod\u00e8le, pas vrai <a href=\"http:\/\/tetedalouette.canalblog.com\/\">St\u00e9ph&rsquo;<\/a>?<\/p>\n<p style=\"text-align: center;\">\n","protected":false},"excerpt":{"rendered":"<p>Je parle de mes (grands) projets de cadeaux home-made pour No\u00ebl&#8230; Le 25 approche et mes projets fondent comme neige au soleil, oui oui oui! comment se fait-il que No\u00ebl arrive si vite cette ann\u00e9e? je n&rsquo;ai pas encore fini tous les cadeaux! Quand je vois o\u00f9 j&rsquo;en suis dans le maxi-ch\u00e2le Alen\u00e7on (le maxi &hellip; <a href=\"https:\/\/www.emmaducher.com\/blog\/2010\/12\/fondre-comme-neige-au-soleil\/\" class=\"more-link\">Continuer la lecture<span class=\"screen-reader-text\"> de &laquo;&nbsp;fondre comme neige au soleil&#8230;&nbsp;&raquo;<\/span><\/a><\/p>\n","protected":false},"author":1,"featured_media":0,"comment_status":"open","ping_status":"open","sticky":false,"template":"","format":"standard","meta":[],"categories":[70],"tags":[],"_links":{"self":[{"href":"https:\/\/www.emmaducher.com\/blog\/wp-json\/wp\/v2\/posts\/5331"}],"collection":[{"href":"https:\/\/www.emmaducher.com\/blog\/wp-json\/wp\/v2\/posts"}],"about":[{"href":"https:\/\/www.emmaducher.com\/blog\/wp-json\/wp\/v2\/types\/post"}],"author":[{"embeddable":true,"href":"https:\/\/www.emmaducher.com\/blog\/wp-json\/wp\/v2\/users\/1"}],"replies":[{"embeddable":true,"href":"https:\/\/www.emmaducher.com\/blog\/wp-json\/wp\/v2\/comments?post=5331"}],"version-history":[{"count":5,"href":"https:\/\/www.emmaducher.com\/blog\/wp-json\/wp\/v2\/posts\/5331\/revisions"}],"predecessor-version":[{"id":5345,"href":"https:\/\/www.emmaducher.com\/blog\/wp-json\/wp\/v2\/posts\/5331\/revisions\/5345"}],"wp:attachment":[{"href":"https:\/\/www.emmaducher.com\/blog\/wp-json\/wp\/v2\/media?parent=5331"}],"wp:term":[{"taxonomy":"category","embeddable":true,"href":"https:\/\/www.emmaducher.com\/blog\/wp-json\/wp\/v2\/categories?post=5331"},{"taxonomy":"post_tag","embeddable":true,"href":"https:\/\/www.emmaducher.com\/blog\/wp-json\/wp\/v2\/tags?post=5331"}],"curies":[{"name":"wp","href":"https:\/\/api.w.org\/{rel}","templated":true}]}}