 
{"id":5398,"date":"2011-01-05T22:46:26","date_gmt":"2011-01-05T21:46:26","guid":{"rendered":"http:\/\/www.encreviolette.fr\/?p=5398"},"modified":"2011-01-05T22:48:35","modified_gmt":"2011-01-05T21:48:35","slug":"arrietty-j-7","status":"publish","type":"post","link":"https:\/\/www.emmaducher.com\/blog\/2011\/01\/arrietty-j-7\/","title":{"rendered":"Arrietty J-7"},"content":{"rendered":"<h5 style=\"text-align: center;\">Tout d&rsquo;abord un grand merci pour tous vos voeux de bonne ann\u00e9e sur mon post pr\u00e9c\u00e9dent&#8230;<\/h5>\n<p style=\"text-align: left;\">Je suis comme une folle&#8230;! Dans 7 jours enfin, Arrietty sort en France!<br \/>\nCe nouveau film du <a href=\"http:\/\/www.studioghibli.fr\/\">studio Ghibli<\/a> a fait un carton au Japon il y a 6 mois&#8230;<br \/>\nVous vous souvenez des<a href=\"http:\/\/www.afds.tv\/minipouss-les.html\"> minipouss<\/a>? Halala, quand il y avait les minipouss \u00e0 la t\u00e9l\u00e9 &lsquo;fallait pas me parler, c&rsquo;\u00e9tait sacr\u00e9, j&rsquo;adorais ces minuscules personnages adorables&#8230;! L&rsquo;histoire d&rsquo;Arrietty le petit monde des chapardeurs, est aussi celle de la vie de minuscules personnages sous le monde des humains,\u00a0 alors je suis bien oblig\u00e9e d&rsquo;aller le voir non?<br \/>\nAvec mes poulettes, nous sommes des inconditionnelles de ponyo sur la falaise, du chateau ambulant, du royaume des chats, de Kiki la petite sorci\u00e8re, de mon voisin Totoro, ou encore du chateau dans le ciel, on ne pourra donc pas louper<a href=\"http:\/\/www.studioghibli.fr\/les-films\/arrietty-le-petit-monde-des-chapardeurs\/\"> Arrietty<\/a>. On compte les jours&#8230;!<\/p>\n<p><object width=\"500\" height=\"302\" data=\"http:\/\/www.youtube.com\/v\/yToFyFVL-kU?fs=1&amp;hl=fr_FR\" type=\"application\/x-shockwave-flash\"><param name=\"allowFullScreen\" value=\"true\" \/><param name=\"allowscriptaccess\" value=\"always\" \/><param name=\"src\" value=\"http:\/\/www.youtube.com\/v\/yToFyFVL-kU?fs=1&amp;hl=fr_FR\" \/><param name=\"allowfullscreen\" value=\"true\" \/><\/object><\/p>\n<h5 style=\"text-align: center;\">Le seul hic&#8230;<br \/>\ncomme on veut le voir d\u00e8s sa sortie soit mercredi prochain<br \/>\nc&rsquo;est qu&rsquo;il faut que je trouve une bonne \u00e2me pour garder un filou de 17 mois<br \/>\ntr\u00e8\u00e8\u00e8\u00e8\u00e8\u00e8s gentil mais filou quand m\u00eame&#8230;!<br \/>\nsinon, tant pis, Arrietty nous attendra jusqu&rsquo;au we suivant!<\/h5><\/p>\n","protected":false},"excerpt":{"rendered":"<p>Tout d&rsquo;abord un grand merci pour tous vos voeux de bonne ann\u00e9e sur mon post pr\u00e9c\u00e9dent&#8230; Je suis comme une folle&#8230;! Dans 7 jours enfin, Arrietty sort en France! Ce nouveau film du studio Ghibli a fait un carton au Japon il y a 6 mois&#8230; Vous vous souvenez des minipouss? Halala, quand il y &hellip; <a href=\"https:\/\/www.emmaducher.com\/blog\/2011\/01\/arrietty-j-7\/\" class=\"more-link\">Continuer la lecture<span class=\"screen-reader-text\"> de &laquo;&nbsp;Arrietty J-7&nbsp;&raquo;<\/span><\/a><\/p>\n","protected":false},"author":1,"featured_media":0,"comment_status":"open","ping_status":"open","sticky":false,"template":"","format":"standard","meta":[],"categories":[93],"tags":[],"_links":{"self":[{"href":"https:\/\/www.emmaducher.com\/blog\/wp-json\/wp\/v2\/posts\/5398"}],"collection":[{"href":"https:\/\/www.emmaducher.com\/blog\/wp-json\/wp\/v2\/posts"}],"about":[{"href":"https:\/\/www.emmaducher.com\/blog\/wp-json\/wp\/v2\/types\/post"}],"author":[{"embeddable":true,"href":"https:\/\/www.emmaducher.com\/blog\/wp-json\/wp\/v2\/users\/1"}],"replies":[{"embeddable":true,"href":"https:\/\/www.emmaducher.com\/blog\/wp-json\/wp\/v2\/comments?post=5398"}],"version-history":[{"count":9,"href":"https:\/\/www.emmaducher.com\/blog\/wp-json\/wp\/v2\/posts\/5398\/revisions"}],"predecessor-version":[{"id":5407,"href":"https:\/\/www.emmaducher.com\/blog\/wp-json\/wp\/v2\/posts\/5398\/revisions\/5407"}],"wp:attachment":[{"href":"https:\/\/www.emmaducher.com\/blog\/wp-json\/wp\/v2\/media?parent=5398"}],"wp:term":[{"taxonomy":"category","embeddable":true,"href":"https:\/\/www.emmaducher.com\/blog\/wp-json\/wp\/v2\/categories?post=5398"},{"taxonomy":"post_tag","embeddable":true,"href":"https:\/\/www.emmaducher.com\/blog\/wp-json\/wp\/v2\/tags?post=5398"}],"curies":[{"name":"wp","href":"https:\/\/api.w.org\/{rel}","templated":true}]}}