 
{"id":5550,"date":"2011-02-14T20:50:26","date_gmt":"2011-02-14T19:50:26","guid":{"rendered":"http:\/\/www.encreviolette.fr\/?p=5550"},"modified":"2011-02-14T15:41:35","modified_gmt":"2011-02-14T14:41:35","slug":"le-double-effet-topchef","status":"publish","type":"post","link":"https:\/\/www.emmaducher.com\/blog\/2011\/02\/le-double-effet-topchef\/","title":{"rendered":"le double effet TopChef!"},"content":{"rendered":"<p style=\"text-align: justify;\">On est lundi, ce soir c&rsquo;est TopChef, c&rsquo;est oblig\u00e9.<br \/>\nTricoter devant la t\u00e9l\u00e9, c&rsquo;est pas glamour, mais c&rsquo;est super efficace&#8230;<br \/>\nLe premier effet TopChef, c&rsquo;est que devant la t\u00e9l\u00e9, je suis ultra-productive : mon nombre de mailles tricot\u00e9es \u00e0 l&rsquo;heure explose les stat&rsquo;s, alors je m&rsquo;affale sans complexe dans mon canap\u00e9, arm\u00e9e de mes aiguilles et zou&#8230;<br \/>\nMais regarder cette \u00e9mission, \u00e7a donne des envies, mamamia..!!<br \/>\nEt quand les filles ont regard\u00e9 l&rsquo;\u00e9mission (la redif&rsquo; hein, non, non, elles ne regardent pas la t\u00e9l\u00e9 le soir), Z\u00e9lie a eu la m\u00eame id\u00e9e que son papa : ressortir du placard la machine \u00e0 p\u00e2tes, pour faire des p\u00e2tes de rugbyman (!).<br \/>\nEt \u00e7a, c&rsquo;est le deuxi\u00e8me effet TopChef!<\/p>\n<h5 style=\"text-align: center;\"><img loading=\"lazy\" class=\"aligncenter size-full wp-image-5551\" src=\"\/\/www.emmaducher.com\/blog\/wp-content\/uploads\/2011\/02\/sans-titre-13.jpg\" alt=\"\" width=\"500\" height=\"1134\" srcset=\"https:\/\/www.emmaducher.com\/blog\/wp-content\/uploads\/2011\/02\/sans-titre-13.jpg 500w, https:\/\/www.emmaducher.com\/blog\/wp-content\/uploads\/2011\/02\/sans-titre-13-132x300.jpg 132w, https:\/\/www.emmaducher.com\/blog\/wp-content\/uploads\/2011\/02\/sans-titre-13-451x1024.jpg 451w\" sizes=\"(max-width: 500px) 85vw, 500px\" \/><em><span style=\"color: #ffffff;\">a<\/span><br \/>\n<\/em>raviolis \u00e9pinards\/saumon\/ricotta, l&rsquo;atelier p\u00e2tes du we!<br \/>\nallez, je file, c&rsquo;est l&rsquo;heure de TopChef, mes aiguilles m&rsquo;attendent!<\/h5>\n<\/p>\n<p style=\"text-align: center;\">\n","protected":false},"excerpt":{"rendered":"<p>On est lundi, ce soir c&rsquo;est TopChef, c&rsquo;est oblig\u00e9. Tricoter devant la t\u00e9l\u00e9, c&rsquo;est pas glamour, mais c&rsquo;est super efficace&#8230; Le premier effet TopChef, c&rsquo;est que devant la t\u00e9l\u00e9, je suis ultra-productive : mon nombre de mailles tricot\u00e9es \u00e0 l&rsquo;heure explose les stat&rsquo;s, alors je m&rsquo;affale sans complexe dans mon canap\u00e9, arm\u00e9e de mes aiguilles &hellip; <a href=\"https:\/\/www.emmaducher.com\/blog\/2011\/02\/le-double-effet-topchef\/\" class=\"more-link\">Continuer la lecture<span class=\"screen-reader-text\"> de &laquo;&nbsp;le double effet TopChef!&nbsp;&raquo;<\/span><\/a><\/p>\n","protected":false},"author":1,"featured_media":0,"comment_status":"open","ping_status":"open","sticky":false,"template":"","format":"standard","meta":[],"categories":[72],"tags":[],"_links":{"self":[{"href":"https:\/\/www.emmaducher.com\/blog\/wp-json\/wp\/v2\/posts\/5550"}],"collection":[{"href":"https:\/\/www.emmaducher.com\/blog\/wp-json\/wp\/v2\/posts"}],"about":[{"href":"https:\/\/www.emmaducher.com\/blog\/wp-json\/wp\/v2\/types\/post"}],"author":[{"embeddable":true,"href":"https:\/\/www.emmaducher.com\/blog\/wp-json\/wp\/v2\/users\/1"}],"replies":[{"embeddable":true,"href":"https:\/\/www.emmaducher.com\/blog\/wp-json\/wp\/v2\/comments?post=5550"}],"version-history":[{"count":9,"href":"https:\/\/www.emmaducher.com\/blog\/wp-json\/wp\/v2\/posts\/5550\/revisions"}],"predecessor-version":[{"id":5557,"href":"https:\/\/www.emmaducher.com\/blog\/wp-json\/wp\/v2\/posts\/5550\/revisions\/5557"}],"wp:attachment":[{"href":"https:\/\/www.emmaducher.com\/blog\/wp-json\/wp\/v2\/media?parent=5550"}],"wp:term":[{"taxonomy":"category","embeddable":true,"href":"https:\/\/www.emmaducher.com\/blog\/wp-json\/wp\/v2\/categories?post=5550"},{"taxonomy":"post_tag","embeddable":true,"href":"https:\/\/www.emmaducher.com\/blog\/wp-json\/wp\/v2\/tags?post=5550"}],"curies":[{"name":"wp","href":"https:\/\/api.w.org\/{rel}","templated":true}]}}