 
{"id":5873,"date":"2011-05-17T09:47:47","date_gmt":"2011-05-17T07:47:47","guid":{"rendered":"http:\/\/www.encreviolette.fr\/?p=5873"},"modified":"2016-03-13T15:07:34","modified_gmt":"2016-03-13T14:07:34","slug":"le-gilet-rouge-le-tuto","status":"publish","type":"post","link":"https:\/\/www.emmaducher.com\/blog\/2011\/05\/le-gilet-rouge-le-tuto\/","title":{"rendered":"le gilet rouge &#8211; le tuto"},"content":{"rendered":"<p><img loading=\"lazy\" class=\"aligncenter size-full wp-image-5874\" src=\"\/\/www.emmaducher.com\/blog\/wp-content\/uploads\/2011\/05\/sans-titre-3.jpg\" alt=\"\" width=\"500\" height=\"717\" srcset=\"https:\/\/www.emmaducher.com\/blog\/wp-content\/uploads\/2011\/05\/sans-titre-3.jpg 500w, https:\/\/www.emmaducher.com\/blog\/wp-content\/uploads\/2011\/05\/sans-titre-3-209x300.jpg 209w\" sizes=\"(max-width: 500px) 85vw, 500px\" \/><br \/>\n<strong><a href=\"http:\/\/www.emmaducher.com\/blog\/2011\/05\/pfff\/\">Le gilet Rouge de Violette<\/a><\/strong><\/p>\n<h5>taille 8 ans (largeur 45cm et hauteur 50cm, pour ma Violette)<br \/>\n300g de<a href=\"http:\/\/tricots-de-la-droguerie.fr\/\"> fleur de coton<\/a> margarita grenade<br \/>\naiguilles 4<\/h5>\n<p>DOS<br \/>\nAvec les aiguilles 4, monter 82 m et tricoter en jersey. A 30 cm, laisser les mailles en attente.<\/p>\n<p>DEVANT GAUCHE<br \/>\nAvec les aiguilles 4, monter 35 m et tricoter le point ajour\u00e9 :<br \/>\n1er rg : tout \u00e0 l&rsquo;endroit<br \/>\n2\u00e8me rg : tout \u00e0 l&rsquo;envers<br \/>\n3\u00e8me rg : 2m lisi\u00e8re *1 ss, 2 m end, 1 jet\u00e9, 1 m end, 1 jet\u00e9, 2 m end, 2 m ens* (x2), continuer le rg en m end.<br \/>\n4\u00e8me rg : tout \u00e0 l&rsquo;envers<br \/>\n5 \u00e8me rg : 2m lisi\u00e8re, *1 m end, 1 ss, 1 jet\u00e9, 3 m end, 1 jet\u00e9, 2 m ens, 1 m* (x2), continuer le rg en m end.<br \/>\n6\u00e8me rg : tout \u00e0 l&rsquo;envers<br \/>\nR\u00e9p\u00e9ter ces 6 rangs.<\/p>\n<p>A 27 cm, pour l&rsquo;encolure \u00e0 droite, commencer les diminutions :<br \/>\ntricoter 1 m puis 1 ss, tous les 4 rangs. Les diminutions vont petit \u00e0 petit arr\u00eater le point ajour\u00e9.<br \/>\nA 30 cm de hauteur, laisser les mailles en attente.<\/p>\n<p>DEVANT DROIT<br \/>\ntricoter en vis-\u00e0-vis en faisant les diminutions d&rsquo;encolure \u00e0 gauche ainsi : quand il reste 3 m sur l&rsquo;aiguille gauche, tricoter 2 m ensemble, 1 m endroit.<\/p>\n<p>MANCHES<br \/>\nAvec les aiguilles 4, monter 63 m et tricoter le motif ajour\u00e9 sur 9 mailles au milieu de la manche :<br \/>\n1er rg : tout \u00e0 l&rsquo;endroit<br \/>\n2\u00e8me rg : tout \u00e0 l&rsquo;envers<br \/>\n3\u00e8me rg : 27 m end, 1 ss, 2 m end, 1 jet\u00e9, 1 m end, 1 jet\u00e9, 2 m end, 2 m ens, 27 m end.<br \/>\n4\u00e8me rg : tout \u00e0 l&rsquo;envers<br \/>\n5 \u00e8me rg : 27 m end, 1 m end, 1 ss, 1 jet\u00e9, 3 m end, 1 jet\u00e9, 2 m ens, 1 m, 27 m end.<br \/>\n6\u00e8me rg : tout \u00e0 l&rsquo;envers<br \/>\nR\u00e9p\u00e9ter ces 6 rangs.<\/p>\n<p>A 10 cm de hauteur, laisser les mailles en attente.<\/p>\n<p>REUNIR SUR UNE SEULE AIGUILLE :<br \/>\nle devant droit, une manche, le dos, une manche, le devant gauche (tricoter en suivant le point ajour\u00e9 sur les encolures et les manches, et en continuant les diminutions d&rsquo;encolure).<br \/>\nDiminuer 4 m en tricotant ensemble la premi\u00e8re et derni\u00e8re maille de chaque pi\u00e8ce, et commencer sur le rang endroit suivant le raglan des manches de part et d&rsquo;autre de la maille centrale (cr\u00e9\u00e9e en tricotant les 2 m ensemble).<br \/>\nRaglan : tous les 2 rangs, tricoter 1 ss \u00e0 droite et 2 m ens \u00e0 gauche de la maille centrale.<br \/>\nQuand il reste 66 m (? : l\u00e0 j&rsquo;ai un peu de mal \u00e0 me relire!) sur la partie dos et manches, relever \u00e0 la suite sur le c\u00f4t\u00e9 droit environ 90 m, tricoter en c\u00f4tes 3\/2 le rang de retour, et relever \u00e0 la suite sur tout le c\u00f4t\u00e9 gauche environ 90 m et tricoter en c\u00f4tes 3\/2 sur toutes les mailles pendant 8cm.<\/p>\n<p>Rabattre les mailles souplement.<\/p>\n<h5 style=\"text-align: center;\">Si malgr\u00e9 ma grande concentration pour relire mes notes il y avait des points obscurs, contactez-moi!<\/h5>\n","protected":false},"excerpt":{"rendered":"<p>Le gilet Rouge de Violette taille 8 ans (largeur 45cm et hauteur 50cm, pour ma Violette) 300g de fleur de coton margarita grenade aiguilles 4 DOS Avec les aiguilles 4, monter 82 m et tricoter en jersey. A 30 cm, laisser les mailles en attente. DEVANT GAUCHE Avec les aiguilles 4, monter 35 m et &hellip; <a href=\"https:\/\/www.emmaducher.com\/blog\/2011\/05\/le-gilet-rouge-le-tuto\/\" class=\"more-link\">Continuer la lecture<span class=\"screen-reader-text\"> de &laquo;&nbsp;le gilet rouge &#8211; le tuto&nbsp;&raquo;<\/span><\/a><\/p>\n","protected":false},"author":1,"featured_media":10331,"comment_status":"open","ping_status":"open","sticky":false,"template":"","format":"standard","meta":[],"categories":[70,92],"tags":[110,113],"_links":{"self":[{"href":"https:\/\/www.emmaducher.com\/blog\/wp-json\/wp\/v2\/posts\/5873"}],"collection":[{"href":"https:\/\/www.emmaducher.com\/blog\/wp-json\/wp\/v2\/posts"}],"about":[{"href":"https:\/\/www.emmaducher.com\/blog\/wp-json\/wp\/v2\/types\/post"}],"author":[{"embeddable":true,"href":"https:\/\/www.emmaducher.com\/blog\/wp-json\/wp\/v2\/users\/1"}],"replies":[{"embeddable":true,"href":"https:\/\/www.emmaducher.com\/blog\/wp-json\/wp\/v2\/comments?post=5873"}],"version-history":[{"count":7,"href":"https:\/\/www.emmaducher.com\/blog\/wp-json\/wp\/v2\/posts\/5873\/revisions"}],"predecessor-version":[{"id":10332,"href":"https:\/\/www.emmaducher.com\/blog\/wp-json\/wp\/v2\/posts\/5873\/revisions\/10332"}],"wp:featuredmedia":[{"embeddable":true,"href":"https:\/\/www.emmaducher.com\/blog\/wp-json\/wp\/v2\/media\/10331"}],"wp:attachment":[{"href":"https:\/\/www.emmaducher.com\/blog\/wp-json\/wp\/v2\/media?parent=5873"}],"wp:term":[{"taxonomy":"category","embeddable":true,"href":"https:\/\/www.emmaducher.com\/blog\/wp-json\/wp\/v2\/categories?post=5873"},{"taxonomy":"post_tag","embeddable":true,"href":"https:\/\/www.emmaducher.com\/blog\/wp-json\/wp\/v2\/tags?post=5873"}],"curies":[{"name":"wp","href":"https:\/\/api.w.org\/{rel}","templated":true}]}}