 
{"id":5881,"date":"2011-05-18T08:00:12","date_gmt":"2011-05-18T06:00:12","guid":{"rendered":"http:\/\/www.encreviolette.fr\/?p=5881"},"modified":"2011-05-17T15:54:17","modified_gmt":"2011-05-17T13:54:17","slug":"vous-vous-souvenez-de-georges","status":"publish","type":"post","link":"https:\/\/www.emmaducher.com\/blog\/2011\/05\/vous-vous-souvenez-de-georges\/","title":{"rendered":"vous vous souvenez de Georges&#8230;?"},"content":{"rendered":"<p>Je suis tomb\u00e9e amoureuse de Georges au salon de la Petite Edition, <a href=\"http:\/\/www.emmaducher.com\/blog\/2010\/11\/il-faut-que-je-vous-parle-de-georges-2\/\">en novembre dernier<\/a>&#8230;<br \/>\nGeorges, c&rsquo;est <em>\u00ab\u00a0le\u00a0 petit \u2013 petit \u2013 petit magazine,  revue alternative cr\u00e9\u00e9e par les  \u00c9ditions Grains de Sel, pour les enfants  ni trop petits ni trop grands\u00a0\u00bb<\/em> (du coup, c&rsquo;est pratique, je compte mes filles et moi-m\u00eame dans cette cat\u00e9gorie&#8230;).<br \/>\n<a href=\"http:\/\/www.grainsdesel.com\/\">Grains de Sel<\/a> est notre indispensable pour les sorties et bons plans en famille, alors quand <a href=\"http:\/\/www.magazinegeorges.com\/\">Georges<\/a> est n\u00e9, on a a-do-r\u00e9! D&rsquo;ailleurs, \u00e0 chaque fois que les filles sont invit\u00e9es \u00e0 un go\u00fbter d&rsquo;anniversaire, on offre un Georges!<br \/>\nApr\u00e8s le num\u00e9ro Moustache, voici le num\u00e9ro Valise : des histoires d\u00e9cal\u00e9es, des jeux rigolos, un graphisme parfait&#8230;<\/p>\n<p style=\"text-align: center;\"><img loading=\"lazy\" class=\"aligncenter size-full wp-image-5882\" src=\"\/\/www.emmaducher.com\/blog\/wp-content\/uploads\/2011\/05\/georges.jpg\" alt=\"\" width=\"500\" height=\"1417\" srcset=\"https:\/\/www.emmaducher.com\/blog\/wp-content\/uploads\/2011\/05\/georges.jpg 500w, https:\/\/www.emmaducher.com\/blog\/wp-content\/uploads\/2011\/05\/georges-106x300.jpg 106w, https:\/\/www.emmaducher.com\/blog\/wp-content\/uploads\/2011\/05\/georges-361x1024.jpg 361w\" sizes=\"(max-width: 500px) 85vw, 500px\" \/><\/p>\n<h5 style=\"text-align: center;\"><a href=\"http:\/\/www.magazinegeorges.com\/\">petit-petit-petit magazine Georges<\/a> num\u00e9ro Valise<\/h5>\n<p>Et comme Georges est gentil (et lyonnais!), il vous propose de gagner 5 exemplaires du num\u00e9ro Valise. Bonne id\u00e9e pour pr\u00e9parer les vacances d&rsquo;\u00e9t\u00e9!<\/p>\n<p style=\"text-align: center;\">\n<span style=\"color: #0000ff;\"><strong>Comme d&rsquo;hab&rsquo;, un petit com&rsquo; au dessus de ce billet pour participer au tirage au sort.<br \/>\nOn arr\u00eate de jouer jeudi 19 mai \u00e0 23h59.<\/strong><\/span>\n<\/p>\n<p style=\"text-align: center;\">\n","protected":false},"excerpt":{"rendered":"<p>Je suis tomb\u00e9e amoureuse de Georges au salon de la Petite Edition, en novembre dernier&#8230; Georges, c&rsquo;est \u00ab\u00a0le\u00a0 petit \u2013 petit \u2013 petit magazine, revue alternative cr\u00e9\u00e9e par les \u00c9ditions Grains de Sel, pour les enfants ni trop petits ni trop grands\u00a0\u00bb (du coup, c&rsquo;est pratique, je compte mes filles et moi-m\u00eame dans cette cat\u00e9gorie&#8230;). &hellip; <a href=\"https:\/\/www.emmaducher.com\/blog\/2011\/05\/vous-vous-souvenez-de-georges\/\" class=\"more-link\">Continuer la lecture<span class=\"screen-reader-text\"> de &laquo;&nbsp;vous vous souvenez de Georges&#8230;?&nbsp;&raquo;<\/span><\/a><\/p>\n","protected":false},"author":1,"featured_media":0,"comment_status":"open","ping_status":"open","sticky":false,"template":"","format":"standard","meta":[],"categories":[86],"tags":[],"_links":{"self":[{"href":"https:\/\/www.emmaducher.com\/blog\/wp-json\/wp\/v2\/posts\/5881"}],"collection":[{"href":"https:\/\/www.emmaducher.com\/blog\/wp-json\/wp\/v2\/posts"}],"about":[{"href":"https:\/\/www.emmaducher.com\/blog\/wp-json\/wp\/v2\/types\/post"}],"author":[{"embeddable":true,"href":"https:\/\/www.emmaducher.com\/blog\/wp-json\/wp\/v2\/users\/1"}],"replies":[{"embeddable":true,"href":"https:\/\/www.emmaducher.com\/blog\/wp-json\/wp\/v2\/comments?post=5881"}],"version-history":[{"count":4,"href":"https:\/\/www.emmaducher.com\/blog\/wp-json\/wp\/v2\/posts\/5881\/revisions"}],"predecessor-version":[{"id":5886,"href":"https:\/\/www.emmaducher.com\/blog\/wp-json\/wp\/v2\/posts\/5881\/revisions\/5886"}],"wp:attachment":[{"href":"https:\/\/www.emmaducher.com\/blog\/wp-json\/wp\/v2\/media?parent=5881"}],"wp:term":[{"taxonomy":"category","embeddable":true,"href":"https:\/\/www.emmaducher.com\/blog\/wp-json\/wp\/v2\/categories?post=5881"},{"taxonomy":"post_tag","embeddable":true,"href":"https:\/\/www.emmaducher.com\/blog\/wp-json\/wp\/v2\/tags?post=5881"}],"curies":[{"name":"wp","href":"https:\/\/api.w.org\/{rel}","templated":true}]}}