 
{"id":5980,"date":"2011-06-19T21:47:35","date_gmt":"2011-06-19T19:47:35","guid":{"rendered":"http:\/\/www.encreviolette.fr\/?p=5980"},"modified":"2011-06-19T21:47:35","modified_gmt":"2011-06-19T19:47:35","slug":"nature-capitale-et-tirage-au-sort","status":"publish","type":"post","link":"https:\/\/www.emmaducher.com\/blog\/2011\/06\/nature-capitale-et-tirage-au-sort\/","title":{"rendered":"Nature Capitale (et tirage au sort&#8230;!)"},"content":{"rendered":"<p>A Lyon, la place Bellecour a \u00e9t\u00e9 compl\u00e8tement transform\u00e9e pendant 3 jours, \u00e0 l&rsquo;occasion de <a href=\"http:\/\/lyon.naturecapitale.com\/\">Nature Capitale<\/a>. On se serait cru en pleine campagne (en faisant abstraction de la foule d&rsquo;un dimanche apr\u00e8s-midi ensoleill\u00e9 quand m\u00eame&#8230;).<br \/>\nCa donne un nouveau regard sur les points de vue qu&rsquo;on connait bien depuis la place Bellecour, une belle exp\u00e9rience!<\/p>\n<p><em><strong>\u00ab\u00a0Qu\u2019est ce que Nature Capitale\u00a0?<\/strong><br \/>\nC\u2019est une cr\u00e9ation v\u00e9g\u00e9tale qui investit l\u2019espace urbain le temps  d\u2019un week-end pour \u00e9merveiller ses habitants et les interroger sur leur  rapport \u00e0 la nature. D\u2019abord \u00e9ph\u00e9m\u00e8re et spectaculaire, elle devient  durable lorsque les parcelles qui composent l\u2019\u0153uvre sont dispers\u00e9es dans  la ville et son agglom\u00e9ration pour embellir les espaces publics, les  cours d\u2019\u00e9cole ou les parcs et jardins.\u00a0\u00bb<\/em><\/p>\n<p><em><img loading=\"lazy\" class=\"aligncenter size-full wp-image-5981\" src=\"\/\/www.emmaducher.com\/blog\/wp-content\/uploads\/2011\/06\/sans-titre-21.jpg\" alt=\"\" width=\"500\" height=\"2268\" srcset=\"https:\/\/www.emmaducher.com\/blog\/wp-content\/uploads\/2011\/06\/sans-titre-21.jpg 500w, https:\/\/www.emmaducher.com\/blog\/wp-content\/uploads\/2011\/06\/sans-titre-21-66x300.jpg 66w, https:\/\/www.emmaducher.com\/blog\/wp-content\/uploads\/2011\/06\/sans-titre-21-226x1024.jpg 226w\" sizes=\"(max-width: 500px) 85vw, 500px\" \/><\/em><\/p>\n<p>Et sinon, pour le tirage au sort <a href=\"http:\/\/www.emmaducher.com\/blog\/2011\/06\/piou-piou-de-juin\/\">du jeu<\/a> pour <a href=\"http:\/\/www.un-oiseau-surlabranche.com\/PBCPPlayer.asp?ID=518663\">un oiseau sur la branche<\/a>, voici ce que donne <a href=\"http:\/\/www.random.org\/\">Random<\/a> :<br \/>\n(je rappelle que par souci d&rsquo;\u00e9quit\u00e9, j&rsquo;ai supprim\u00e9 les commentaires en doublons, pour n&rsquo;en conserver qu&rsquo;un par participant!)<\/p>\n<p><em><img loading=\"lazy\" class=\"aligncenter size-full wp-image-5982\" src=\"\/\/www.emmaducher.com\/blog\/wp-content\/uploads\/2011\/06\/random.jpg\" alt=\"\" width=\"400\" height=\"202\" srcset=\"https:\/\/www.emmaducher.com\/blog\/wp-content\/uploads\/2011\/06\/random.jpg 400w, https:\/\/www.emmaducher.com\/blog\/wp-content\/uploads\/2011\/06\/random-300x152.jpg 300w\" sizes=\"(max-width: 400px) 85vw, 400px\" \/><\/em><\/p>\n<p>189. \t\t\t\t<span class=\"commentauthor\">caro<\/span> <small class=\"comment-meta\"> <a title=\"Permalien du commentaire\" href=\"..\/2011\/06\/piou-piou-de-juin\/#comment-71502\">17 juin 2011 \u00e0 20:57<\/a> <\/small>Mon pr\u00e9f\u00e9r\u00e9 est le collier oiseau 2 petit mod\u00e8le !! trop beau les oiseaux !<\/p>\n<div class=\"comment-content\">\n<p>61. \t\t\t\t<span class=\"commentauthor\"><a class=\"url\" rel=\"external nofollow\" href=\"http:\/\/lululesptitspois.canalblog.com\/\">lulu<\/a><\/span> <small class=\"comment-meta\"> <a title=\"Permalien du commentaire\" href=\"..\/2011\/06\/piou-piou-de-juin\/#comment-71369\">17 juin 2011 \u00e0 9:49<\/a><\/small>collier oiseau 2 petit mod\u00e8le en argent!!!! sans h\u00e9siter! je suis certaine qu\u2019il sera parfait sur un cou l\u00e9g\u00e8rement bronz\u00e9\u2026.<\/p>\n<div class=\"comment-content\">\n<p><span style=\"color: #ffffff;\">a<\/span><\/p>\n<h4 style=\"text-align: center;\"><span style=\"color: #99cc00;\"><strong>Bravo \u00e0 Lulu et Caro<br \/>\net merci encore \u00e0 <a href=\"http:\/\/www.un-oiseau-surlabranche.com\/PBCPPlayer.asp?ID=518663\">Fr\u00e9d\u00e9rique<\/a>!<\/strong><\/span><\/h4>\n<\/div>\n<\/div>\n","protected":false},"excerpt":{"rendered":"<p>A Lyon, la place Bellecour a \u00e9t\u00e9 compl\u00e8tement transform\u00e9e pendant 3 jours, \u00e0 l&rsquo;occasion de Nature Capitale. On se serait cru en pleine campagne (en faisant abstraction de la foule d&rsquo;un dimanche apr\u00e8s-midi ensoleill\u00e9 quand m\u00eame&#8230;). Ca donne un nouveau regard sur les points de vue qu&rsquo;on connait bien depuis la place Bellecour, une belle &hellip; <a href=\"https:\/\/www.emmaducher.com\/blog\/2011\/06\/nature-capitale-et-tirage-au-sort\/\" class=\"more-link\">Continuer la lecture<span class=\"screen-reader-text\"> de &laquo;&nbsp;Nature Capitale (et tirage au sort&#8230;!)&nbsp;&raquo;<\/span><\/a><\/p>\n","protected":false},"author":1,"featured_media":0,"comment_status":"open","ping_status":"open","sticky":false,"template":"","format":"standard","meta":[],"categories":[88,86],"tags":[],"_links":{"self":[{"href":"https:\/\/www.emmaducher.com\/blog\/wp-json\/wp\/v2\/posts\/5980"}],"collection":[{"href":"https:\/\/www.emmaducher.com\/blog\/wp-json\/wp\/v2\/posts"}],"about":[{"href":"https:\/\/www.emmaducher.com\/blog\/wp-json\/wp\/v2\/types\/post"}],"author":[{"embeddable":true,"href":"https:\/\/www.emmaducher.com\/blog\/wp-json\/wp\/v2\/users\/1"}],"replies":[{"embeddable":true,"href":"https:\/\/www.emmaducher.com\/blog\/wp-json\/wp\/v2\/comments?post=5980"}],"version-history":[{"count":10,"href":"https:\/\/www.emmaducher.com\/blog\/wp-json\/wp\/v2\/posts\/5980\/revisions"}],"predecessor-version":[{"id":5992,"href":"https:\/\/www.emmaducher.com\/blog\/wp-json\/wp\/v2\/posts\/5980\/revisions\/5992"}],"wp:attachment":[{"href":"https:\/\/www.emmaducher.com\/blog\/wp-json\/wp\/v2\/media?parent=5980"}],"wp:term":[{"taxonomy":"category","embeddable":true,"href":"https:\/\/www.emmaducher.com\/blog\/wp-json\/wp\/v2\/categories?post=5980"},{"taxonomy":"post_tag","embeddable":true,"href":"https:\/\/www.emmaducher.com\/blog\/wp-json\/wp\/v2\/tags?post=5980"}],"curies":[{"name":"wp","href":"https:\/\/api.w.org\/{rel}","templated":true}]}}