 
{"id":6048,"date":"2011-07-18T14:45:52","date_gmt":"2011-07-18T12:45:52","guid":{"rendered":"http:\/\/www.encreviolette.fr\/?p=6048"},"modified":"2017-03-27T08:37:45","modified_gmt":"2017-03-27T07:37:45","slug":"6048","status":"publish","type":"post","link":"https:\/\/www.emmaducher.com\/blog\/2011\/07\/6048\/","title":{"rendered":"en direct de l&rsquo;atelier"},"content":{"rendered":"<p>Quoi? 2 semaines sans billet par ici?<\/p>\n<p>En pleine saison des bapt\u00eames, mariages, communions, <a href=\"http:\/\/www.emmaducher.com\/blog\/category\/limprimerie\/\">l&rsquo;atelier de l&rsquo;Encre Violette<\/a> n&rsquo;a pas ch\u00f4m\u00e9&#8230;! des boites, des boites kraft, des boites blanches, des aimants-souvenirs de f\u00eates, des guirlandes assorties, des drag\u00e9es multicolores par kilos&#8230;<br \/>\nCette fois c&rsquo;est une \u00ab\u00a0grande nouveaut\u00e9\u00a0\u00bb, puisque j&rsquo;ai test\u00e9 un nouveau contenant pour les drag\u00e9es&#8230; le sachet en tissu! Rien de transcendant, certes, mais tout r\u00e9side dans sa personnalisation, et l\u00e0, point de limite, tout est possible.<\/p>\n<p><img loading=\"lazy\" class=\"aligncenter size-full wp-image-6049\" src=\"\/\/www.emmaducher.com\/blog\/wp-content\/uploads\/2011\/07\/sans-titre-11.jpg\" alt=\"\" width=\"500\" height=\"1701\" srcset=\"https:\/\/www.emmaducher.com\/blog\/wp-content\/uploads\/2011\/07\/sans-titre-11.jpg 500w, https:\/\/www.emmaducher.com\/blog\/wp-content\/uploads\/2011\/07\/sans-titre-11-88x300.jpg 88w, https:\/\/www.emmaducher.com\/blog\/wp-content\/uploads\/2011\/07\/sans-titre-11-301x1024.jpg 301w\" sizes=\"(max-width: 500px) 85vw, 500px\" \/><\/p>\n<p style=\"text-align: center;\"><strong>pour plus d&rsquo;infos&#8230; <a href=\"https:\/\/www.emmaducher.com\/contact\/\">c&rsquo;est par ici<\/a>&#8230;<\/strong><\/p>\n","protected":false},"excerpt":{"rendered":"<p>Quoi? 2 semaines sans billet par ici? En pleine saison des bapt\u00eames, mariages, communions, l&rsquo;atelier de l&rsquo;Encre Violette n&rsquo;a pas ch\u00f4m\u00e9&#8230;! des boites, des boites kraft, des boites blanches, des aimants-souvenirs de f\u00eates, des guirlandes assorties, des drag\u00e9es multicolores par kilos&#8230; Cette fois c&rsquo;est une \u00ab\u00a0grande nouveaut\u00e9\u00a0\u00bb, puisque j&rsquo;ai test\u00e9 un nouveau contenant pour les &hellip; <a href=\"https:\/\/www.emmaducher.com\/blog\/2011\/07\/6048\/\" class=\"more-link\">Continuer la lecture<span class=\"screen-reader-text\"> de &laquo;&nbsp;en direct de l&rsquo;atelier&nbsp;&raquo;<\/span><\/a><\/p>\n","protected":false},"author":1,"featured_media":0,"comment_status":"closed","ping_status":"open","sticky":false,"template":"","format":"standard","meta":[],"categories":[100],"tags":[],"_links":{"self":[{"href":"https:\/\/www.emmaducher.com\/blog\/wp-json\/wp\/v2\/posts\/6048"}],"collection":[{"href":"https:\/\/www.emmaducher.com\/blog\/wp-json\/wp\/v2\/posts"}],"about":[{"href":"https:\/\/www.emmaducher.com\/blog\/wp-json\/wp\/v2\/types\/post"}],"author":[{"embeddable":true,"href":"https:\/\/www.emmaducher.com\/blog\/wp-json\/wp\/v2\/users\/1"}],"replies":[{"embeddable":true,"href":"https:\/\/www.emmaducher.com\/blog\/wp-json\/wp\/v2\/comments?post=6048"}],"version-history":[{"count":8,"href":"https:\/\/www.emmaducher.com\/blog\/wp-json\/wp\/v2\/posts\/6048\/revisions"}],"predecessor-version":[{"id":12298,"href":"https:\/\/www.emmaducher.com\/blog\/wp-json\/wp\/v2\/posts\/6048\/revisions\/12298"}],"wp:attachment":[{"href":"https:\/\/www.emmaducher.com\/blog\/wp-json\/wp\/v2\/media?parent=6048"}],"wp:term":[{"taxonomy":"category","embeddable":true,"href":"https:\/\/www.emmaducher.com\/blog\/wp-json\/wp\/v2\/categories?post=6048"},{"taxonomy":"post_tag","embeddable":true,"href":"https:\/\/www.emmaducher.com\/blog\/wp-json\/wp\/v2\/tags?post=6048"}],"curies":[{"name":"wp","href":"https:\/\/api.w.org\/{rel}","templated":true}]}}