 
{"id":6097,"date":"2011-08-20T10:28:18","date_gmt":"2011-08-20T08:28:18","guid":{"rendered":"http:\/\/www.encreviolette.fr\/?p=6097"},"modified":"2016-03-13T14:56:42","modified_gmt":"2016-03-13T13:56:42","slug":"mini-faustine","status":"publish","type":"post","link":"https:\/\/www.emmaducher.com\/blog\/2011\/08\/mini-faustine\/","title":{"rendered":"mini Faustine"},"content":{"rendered":"<p>Apr\u00e8s <a href=\"http:\/\/22rue.canalblog.com\/\">m\u00e9m\u00e9 Faustine<\/a>, la reine du tricot vintage, voil\u00e0 <a href=\"http:\/\/tetedalouette.canalblog.com\/\">mini Faustine<\/a>, qui, avec ce que je lui ai concoct\u00e9 en cadeau de naissance, va \u00eatre vite mise au parfum en mati\u00e8re de vintagerie!<!--more--><br \/>\nCommenc\u00e9 <a href=\"http:\/\/www.emmaducher.com\/blog\/2011\/06\/petition\/\">il y a quelques temps<\/a>, je crois bien que j&rsquo;achevais les derni\u00e8res mailles lorsque la demoiselle a pouss\u00e9 <a href=\"http:\/\/tetedalouette.canalblog.com\/archives\/2011\/07\/30\/21706850.html\">son premier cri<\/a>. Cette coquine a eu le toupet d&rsquo;arriver \u00e0 l&rsquo;heure pile o\u00f9 mon avion-destination-vacances d\u00e9collait, aussi j&rsquo;ai fait sa connaissance en vrai seulement hier&#8230;<\/p>\n<h5 style=\"text-align: center;\"><img loading=\"lazy\" class=\"aligncenter size-full wp-image-6099\" src=\"\/\/www.emmaducher.com\/blog\/wp-content\/uploads\/2011\/08\/sans-titre-1.jpg\" alt=\"\" width=\"500\" height=\"1716\" srcset=\"https:\/\/www.emmaducher.com\/blog\/wp-content\/uploads\/2011\/08\/sans-titre-1.jpg 500w, https:\/\/www.emmaducher.com\/blog\/wp-content\/uploads\/2011\/08\/sans-titre-1-87x300.jpg 87w, https:\/\/www.emmaducher.com\/blog\/wp-content\/uploads\/2011\/08\/sans-titre-1-298x1024.jpg 298w\" sizes=\"(max-width: 500px) 85vw, 500px\" \/>petite couverture (environ 70cm X 70cm) qui sert \u00e0 tout<br \/>\ncrochet\u00e9e en 3,5 avec environ 30g de chacun des coloris d&rsquo;alpaga (<a href=\"http:\/\/tricots-de-la-droguerie.fr\/?cat=21\">la Droguerie<\/a>) :<br \/>\nmoutarde de Dijon, framboise, flower power, cocktail d&rsquo;agrumes et \u00e9cureuil<br \/>\nl&rsquo;avantage de ce grand carr\u00e9, c&rsquo;est qu&rsquo;il y a z\u00e9ro montage, juste les fils des changements de couleurs \u00e0 rentrer \u00e0 la fin!<\/h5>\n<h5 style=\"text-align: center;\"><span style=\"color: #ffffff;\">a<\/span><\/h5>\n<h5 style=\"text-align: center;\">J&rsquo;ai crochet\u00e9 du 3,5, <a href=\"http:\/\/brooklyntweed.net\/store\/index.php?main_page=product_info&amp;cPath=2_4&amp;products_id=16\">je tricote en ce moment du 3,5<\/a><br \/>\n(faut-il \u00eatre folle pour tricoter des rangs de plus de 600 mailles en point dentelle?)<br \/>\nil me tarde de passer \u00e0 des tailles d&rsquo;aiguilles sup\u00e9rieures!<br \/>\n<span style=\"color: #ffffff;\">a<\/span><\/h5>\n","protected":false},"excerpt":{"rendered":"<p>Apr\u00e8s m\u00e9m\u00e9 Faustine, la reine du tricot vintage, voil\u00e0 mini Faustine, qui, avec ce que je lui ai concoct\u00e9 en cadeau de naissance, va \u00eatre vite mise au parfum en mati\u00e8re de vintagerie!<\/p>\n","protected":false},"author":1,"featured_media":10320,"comment_status":"open","ping_status":"open","sticky":false,"template":"","format":"standard","meta":[],"categories":[70],"tags":[113],"_links":{"self":[{"href":"https:\/\/www.emmaducher.com\/blog\/wp-json\/wp\/v2\/posts\/6097"}],"collection":[{"href":"https:\/\/www.emmaducher.com\/blog\/wp-json\/wp\/v2\/posts"}],"about":[{"href":"https:\/\/www.emmaducher.com\/blog\/wp-json\/wp\/v2\/types\/post"}],"author":[{"embeddable":true,"href":"https:\/\/www.emmaducher.com\/blog\/wp-json\/wp\/v2\/users\/1"}],"replies":[{"embeddable":true,"href":"https:\/\/www.emmaducher.com\/blog\/wp-json\/wp\/v2\/comments?post=6097"}],"version-history":[{"count":8,"href":"https:\/\/www.emmaducher.com\/blog\/wp-json\/wp\/v2\/posts\/6097\/revisions"}],"predecessor-version":[{"id":10322,"href":"https:\/\/www.emmaducher.com\/blog\/wp-json\/wp\/v2\/posts\/6097\/revisions\/10322"}],"wp:featuredmedia":[{"embeddable":true,"href":"https:\/\/www.emmaducher.com\/blog\/wp-json\/wp\/v2\/media\/10320"}],"wp:attachment":[{"href":"https:\/\/www.emmaducher.com\/blog\/wp-json\/wp\/v2\/media?parent=6097"}],"wp:term":[{"taxonomy":"category","embeddable":true,"href":"https:\/\/www.emmaducher.com\/blog\/wp-json\/wp\/v2\/categories?post=6097"},{"taxonomy":"post_tag","embeddable":true,"href":"https:\/\/www.emmaducher.com\/blog\/wp-json\/wp\/v2\/tags?post=6097"}],"curies":[{"name":"wp","href":"https:\/\/api.w.org\/{rel}","templated":true}]}}