 
{"id":6187,"date":"2011-09-06T22:35:26","date_gmt":"2011-09-06T20:35:26","guid":{"rendered":"http:\/\/www.encreviolette.fr\/?p=6187"},"modified":"2011-09-06T22:35:26","modified_gmt":"2011-09-06T20:35:26","slug":"la-tradition-de-septembre","status":"publish","type":"post","link":"https:\/\/www.emmaducher.com\/blog\/2011\/09\/la-tradition-de-septembre\/","title":{"rendered":"la tradition de septembre"},"content":{"rendered":"<p>Voil\u00e0, c&rsquo;est d\u00e9sormais dans les must-have : les filles ont leur trousse home-made pour la rentr\u00e9e. Z\u00e9lie est ultra-fi\u00e8re cette ann\u00e9e, pour la premi\u00e8re fois, elle va l&#8217;emmener, et surtout elle va la glisser dans UN CARTABLE!! Celles-ci serviront aux crayons de couleurs.<br \/>\nOn a fr\u00f4l\u00e9 le drame, les trousses sont finies depuis aujourd&rsquo;hui, donc elles n&rsquo;\u00e9taient pas dans le cartable le jour J, et \u00e0 cause de \u00e7a, Z\u00e9lie a mal travaill\u00e9, si, si, c&rsquo;est vrai.<\/p>\n<p style=\"text-align: center;\"><img loading=\"lazy\" class=\"aligncenter size-full wp-image-6191\" src=\"\/\/www.emmaducher.com\/blog\/wp-content\/uploads\/2011\/09\/sans-titre-13.jpg\" alt=\"\" width=\"500\" height=\"1266\" srcset=\"https:\/\/www.emmaducher.com\/blog\/wp-content\/uploads\/2011\/09\/sans-titre-13.jpg 500w, https:\/\/www.emmaducher.com\/blog\/wp-content\/uploads\/2011\/09\/sans-titre-13-118x300.jpg 118w, https:\/\/www.emmaducher.com\/blog\/wp-content\/uploads\/2011\/09\/sans-titre-13-404x1024.jpg 404w\" sizes=\"(max-width: 500px) 85vw, 500px\" \/><\/p>\n<h5 style=\"text-align: center;\">tissu stock perso, passepoil et biais <a href=\"http:\/\/tricots-de-la-droguerie.fr\/?p=5975\">la Droguerie<\/a><br \/>\nj&rsquo;ai d&rsquo;autres petits projets passepoils pas loin du pied de biche&#8230; \u00e0 suivre\u00a0 (peut \u00eatre!)<\/h5>\n<p>Et sinon, j&rsquo;ai encore un petit jeu-concours \u00e0 vous proposer&#8230; on dit jeudi? c&rsquo;est bien comme date jeudi 8, non?<br \/>\nSi je vous dit Georges&#8230;? et \u00e9l\u00e9phant&#8230;?<br \/>\nVous voyez o\u00f9 je veux en venir?<\/p>\n<p style=\"text-align: center;\">\n","protected":false},"excerpt":{"rendered":"<p>Voil\u00e0, c&rsquo;est d\u00e9sormais dans les must-have : les filles ont leur trousse home-made pour la rentr\u00e9e. Z\u00e9lie est ultra-fi\u00e8re cette ann\u00e9e, pour la premi\u00e8re fois, elle va l&#8217;emmener, et surtout elle va la glisser dans UN CARTABLE!! Celles-ci serviront aux crayons de couleurs. On a fr\u00f4l\u00e9 le drame, les trousses sont finies depuis aujourd&rsquo;hui, donc &hellip; <a href=\"https:\/\/www.emmaducher.com\/blog\/2011\/09\/la-tradition-de-septembre\/\" class=\"more-link\">Continuer la lecture<span class=\"screen-reader-text\"> de &laquo;&nbsp;la tradition de septembre&nbsp;&raquo;<\/span><\/a><\/p>\n","protected":false},"author":1,"featured_media":0,"comment_status":"open","ping_status":"open","sticky":false,"template":"","format":"standard","meta":[],"categories":[79],"tags":[],"_links":{"self":[{"href":"https:\/\/www.emmaducher.com\/blog\/wp-json\/wp\/v2\/posts\/6187"}],"collection":[{"href":"https:\/\/www.emmaducher.com\/blog\/wp-json\/wp\/v2\/posts"}],"about":[{"href":"https:\/\/www.emmaducher.com\/blog\/wp-json\/wp\/v2\/types\/post"}],"author":[{"embeddable":true,"href":"https:\/\/www.emmaducher.com\/blog\/wp-json\/wp\/v2\/users\/1"}],"replies":[{"embeddable":true,"href":"https:\/\/www.emmaducher.com\/blog\/wp-json\/wp\/v2\/comments?post=6187"}],"version-history":[{"count":6,"href":"https:\/\/www.emmaducher.com\/blog\/wp-json\/wp\/v2\/posts\/6187\/revisions"}],"predecessor-version":[{"id":6194,"href":"https:\/\/www.emmaducher.com\/blog\/wp-json\/wp\/v2\/posts\/6187\/revisions\/6194"}],"wp:attachment":[{"href":"https:\/\/www.emmaducher.com\/blog\/wp-json\/wp\/v2\/media?parent=6187"}],"wp:term":[{"taxonomy":"category","embeddable":true,"href":"https:\/\/www.emmaducher.com\/blog\/wp-json\/wp\/v2\/categories?post=6187"},{"taxonomy":"post_tag","embeddable":true,"href":"https:\/\/www.emmaducher.com\/blog\/wp-json\/wp\/v2\/tags?post=6187"}],"curies":[{"name":"wp","href":"https:\/\/api.w.org\/{rel}","templated":true}]}}