 
{"id":6207,"date":"2011-09-10T08:13:20","date_gmt":"2011-09-10T06:13:20","guid":{"rendered":"http:\/\/www.encreviolette.fr\/?p=6207"},"modified":"2016-03-13T14:53:34","modified_gmt":"2016-03-13T13:53:34","slug":"proche-expedition","status":"publish","type":"post","link":"https:\/\/www.emmaducher.com\/blog\/2011\/09\/proche-expedition\/","title":{"rendered":"Parc des Oiseaux"},"content":{"rendered":"<p style=\"text-align: justify;\">Le week-end dernier, <a href=\"http:\/\/www.parcdesoiseaux.com\/fr\/index.php\">le parc des oiseaux<\/a> et <a href=\"http:\/\/www.parcdesoiseaux.com\/fr\/index.php#notre-camping-indigo.php\">le camping Indigo<\/a> nous ont invit\u00e9s \u00e0 passer un moment en famille. Sur le site du parc des oiseaux, il est pr\u00e9cis\u00e9 que la gare est \u00e0 15mn \u00e0 pied. L&rsquo;id\u00e9e nous plaisait bien : partir pas loin, pas longtemps, en train et \u00e0 pied&#8230; et rentrer juste la veille de la rentr\u00e9e des classes pour prolonger un peu les vacances!<!--more--><\/p>\n<p><img loading=\"lazy\" class=\"aligncenter size-full wp-image-6216\" src=\"\/\/www.emmaducher.com\/blog\/wp-content\/uploads\/2011\/09\/sans-titre-16.jpg\" alt=\"\" width=\"500\" height=\"2659\" \/><\/p>\n<p style=\"text-align: justify;\">Le parc des Oiseaux est une belle ballade familiale. Les espaces paysagers sont tr\u00e8s \u00e9vocateurs, le parc est divis\u00e9 en continents, avec des rep\u00e8res visuels dans la signal\u00e9tique (1 continent = 1 couleur, parfait pour les enfants) : le Jardin des Oiseaux, la Vall\u00e9e des Rapaces, l&rsquo;Ile aux Echassiers, la Pampa des Nandous, la Crique des Manchots, la Cit\u00e9 des Perroquets, le Bush Australien, la Voli\u00e8re du Pantanal, l&rsquo;Etang des P\u00e9licans,&#8230;on fait donc un tour du monde des oiseaux!<br \/>\nOn en prend plein les yeux questions couleurs, plumages et ramages, le plus spectaculaire \u00e9tant s\u00fbrement <a href=\"http:\/\/www.parcdesoiseaux.com\/fr\/index.php#spectacle-les-oiseaux-en-vol.php\">le spectacle des oiseaux en vol<\/a>, m\u00eame Ernest en \u00e9tait bouche b\u00e9e!<\/p>\n<p style=\"text-align: justify;\"><img loading=\"lazy\" class=\"aligncenter size-full wp-image-6217\" src=\"\/\/www.emmaducher.com\/blog\/wp-content\/uploads\/2011\/09\/sans-titre-21.jpg\" alt=\"\" width=\"500\" height=\"2219\" srcset=\"https:\/\/www.emmaducher.com\/blog\/wp-content\/uploads\/2011\/09\/sans-titre-21.jpg 500w, https:\/\/www.emmaducher.com\/blog\/wp-content\/uploads\/2011\/09\/sans-titre-21-231x1024.jpg 231w\" sizes=\"(max-width: 500px) 85vw, 500px\" \/><\/p>\n<p style=\"text-align: justify;\">Alors faire les fiers parce qu&rsquo;on voyage autant que possible sans voiture, c&rsquo;est bien, \u00e0 condition de ne pas se transformer en mules avec des sacs, des tentes et tutti quanti! <a href=\"http:\/\/www.camping-indigo.com\/fr\/camping-nature-Parc-des-Oiseaux-dombes.html\">Le camping indigo<\/a> poss\u00e8de des<a href=\"http:\/\/www.camping-indigo.com\/fr\/location-hebergement-Parc-des-Oiseaux-dombes.html;jsessionid=2CAE0CF3C645D5A0A7E5E88F51159CEE\"> tentes toiles&amp;bois<\/a>, permettant le gros gros gros avantage de ne pas avoir de montage\/d\u00e9montage de tente \u00e0 faire (et accessoirement de dormir sur un vrai matelas, mmmh, bonheur!).<\/p>\n<p style=\"text-align: justify;\"><img loading=\"lazy\" class=\"aligncenter size-full wp-image-6218\" title=\"sans-titre-31\" src=\"\/\/www.emmaducher.com\/blog\/wp-content\/uploads\/2011\/09\/sans-titre-31.jpg\" alt=\"sans-titre-31\" width=\"500\" height=\"685\" srcset=\"https:\/\/www.emmaducher.com\/blog\/wp-content\/uploads\/2011\/09\/sans-titre-31.jpg 500w, https:\/\/www.emmaducher.com\/blog\/wp-content\/uploads\/2011\/09\/sans-titre-31-219x300.jpg 219w\" sizes=\"(max-width: 500px) 85vw, 500px\" \/><\/p>\n<h5 style=\"text-align: left;\"><img loading=\"lazy\" class=\"size-full wp-image-6222 aligncenter\" src=\"\/\/www.emmaducher.com\/blog\/wp-content\/uploads\/2011\/09\/feuille-de-route2.jpg\" alt=\"\" width=\"84\" height=\"117\" \/><span style=\"color: #ffffff;\">a<\/span><br \/>\nLyon -&gt;Villars-l\u00e8s-Dombes = 30 mn en <a href=\"http:\/\/www.ter-sncf.com\/Regions\/Rhone_Alpes\/fr\/Default.aspx\">train TER<\/a><br \/>\ngare de Villars-l\u00e8s-Dombes -&gt; parc des Oiseaux = 15 mn \u00e0 pied<br \/>\ncamping Indigo -&gt; parc des Oiseaux = 6 mn \u00e0 pied<br \/>\n= un chouette WE sans voiture! (merci au <a href=\"http:\/\/www.parcdesoiseaux.com\/fr\/index.php\">Parc des Oiseaux<\/a> et son accueil au top)<\/h5>\n<h5 style=\"text-align: left;\"><span style=\"color: #ffffff;\">a<\/span><\/h5>\n","protected":false},"excerpt":{"rendered":"<p>Le week-end dernier, le parc des oiseaux et le camping Indigo nous ont invit\u00e9s \u00e0 passer un moment en famille. Sur le site du parc des oiseaux, il est pr\u00e9cis\u00e9 que la gare est \u00e0 15mn \u00e0 pied. L&rsquo;id\u00e9e nous plaisait bien : partir pas loin, pas longtemps, en train et \u00e0 pied&#8230; et rentrer &hellip; <a href=\"https:\/\/www.emmaducher.com\/blog\/2011\/09\/proche-expedition\/\" class=\"more-link\">Continuer la lecture<span class=\"screen-reader-text\"> de &laquo;&nbsp;Parc des Oiseaux&nbsp;&raquo;<\/span><\/a><\/p>\n","protected":false},"author":1,"featured_media":10310,"comment_status":"open","ping_status":"open","sticky":false,"template":"","format":"standard","meta":[],"categories":[83,102],"tags":[108,111],"_links":{"self":[{"href":"https:\/\/www.emmaducher.com\/blog\/wp-json\/wp\/v2\/posts\/6207"}],"collection":[{"href":"https:\/\/www.emmaducher.com\/blog\/wp-json\/wp\/v2\/posts"}],"about":[{"href":"https:\/\/www.emmaducher.com\/blog\/wp-json\/wp\/v2\/types\/post"}],"author":[{"embeddable":true,"href":"https:\/\/www.emmaducher.com\/blog\/wp-json\/wp\/v2\/users\/1"}],"replies":[{"embeddable":true,"href":"https:\/\/www.emmaducher.com\/blog\/wp-json\/wp\/v2\/comments?post=6207"}],"version-history":[{"count":15,"href":"https:\/\/www.emmaducher.com\/blog\/wp-json\/wp\/v2\/posts\/6207\/revisions"}],"predecessor-version":[{"id":10318,"href":"https:\/\/www.emmaducher.com\/blog\/wp-json\/wp\/v2\/posts\/6207\/revisions\/10318"}],"wp:featuredmedia":[{"embeddable":true,"href":"https:\/\/www.emmaducher.com\/blog\/wp-json\/wp\/v2\/media\/10310"}],"wp:attachment":[{"href":"https:\/\/www.emmaducher.com\/blog\/wp-json\/wp\/v2\/media?parent=6207"}],"wp:term":[{"taxonomy":"category","embeddable":true,"href":"https:\/\/www.emmaducher.com\/blog\/wp-json\/wp\/v2\/categories?post=6207"},{"taxonomy":"post_tag","embeddable":true,"href":"https:\/\/www.emmaducher.com\/blog\/wp-json\/wp\/v2\/tags?post=6207"}],"curies":[{"name":"wp","href":"https:\/\/api.w.org\/{rel}","templated":true}]}}