 
{"id":6261,"date":"2011-09-30T00:01:26","date_gmt":"2011-09-29T22:01:26","guid":{"rendered":"http:\/\/www.encreviolette.fr\/?p=6261"},"modified":"2011-10-02T00:09:07","modified_gmt":"2011-10-01T22:09:07","slug":"4-ans","status":"publish","type":"post","link":"https:\/\/www.emmaducher.com\/blog\/2011\/09\/4-ans\/","title":{"rendered":"4 ans&#8230;"},"content":{"rendered":"<p style=\"text-align: center;\"><strong>Violette et Z\u00e9lie ont (un tout petit peu) plus, Ernest a (beaucoup) moins&#8230;<\/strong><strong><span style=\"color: #d8926e;\"><br \/>\nC&rsquo;est le blog qui a 4 ans aujourd&rsquo;hui!<\/span><\/strong><\/p>\n<p style=\"text-align: justify;\">4 ans&#8230; c&rsquo;est petit ou c&rsquo;est grand?<br \/>\nQuel chemin parcouru en 4 ans! Je me souviens des premiers billets, je me demandais un peu o\u00f9 je mettais les pieds, et puis&#8230;<br \/>\nde rencontres en projets, de retrouvailles m\u00eame, en d\u00e9couvertes, d&rsquo;envies en concr\u00e9tisations, de passions en partages&#8230; ahlala!<\/p>\n<p style=\"text-align: justify;\"><strong>4 ans, \u00e7a se f\u00eate dignement : cette ann\u00e9e, <a href=\"http:\/\/www.laffichemoderne.com\/\">l&rsquo;Affiche Moderne<\/a> s&rsquo;associe \u00e0 la f\u00eate, et offre \u00e0 3 participant(e)s <a href=\"http:\/\/www.laffichemoderne.com\/87_lencre-violette\">une affiche Encre Violette<\/a> de leur choix.<\/strong><br \/>\nCa c&rsquo;est du cadeau, ou je ne m&rsquo;y connais pas! Il suffit pour \u00e7a de laisser un commentaire au dessus de ce billet pour participer au tirage au sort, en pr\u00e9cisant votre pr\u00e9f\u00e9rence entre les 3 affiches (ab\u00e9c\u00e9daire <em>-format 30&#215;40 cm-<\/em>, oiseaux ou savane<em> -format 30&#215;30-<\/em>).\n<\/p>\n<p style=\"text-align: center;\"><img loading=\"lazy\" class=\"aligncenter size-full wp-image-6274\" src=\"\/\/www.emmaducher.com\/blog\/wp-content\/uploads\/2011\/09\/blog41.jpg\" alt=\"\" width=\"500\" height=\"398\" srcset=\"https:\/\/www.emmaducher.com\/blog\/wp-content\/uploads\/2011\/09\/blog41.jpg 500w, https:\/\/www.emmaducher.com\/blog\/wp-content\/uploads\/2011\/09\/blog41-300x239.jpg 300w\" sizes=\"(max-width: 500px) 85vw, 500px\" \/><\/p>\n<h4 style=\"text-align: center;\"><strong><span style=\"color: #000080;\">On joue jusqu&rsquo;\u00e0 samedi 1er octobre 23h59!<br \/>\n<\/span><\/strong><\/h4>\n<h5 style=\"text-align: center;\"><span style=\"color: #000080;\">bonne chance&#8230;<\/span><strong><\/strong><\/h5>\n<h5><strong><\/strong><\/h5>\n<p style=\"text-align: center;\">\n","protected":false},"excerpt":{"rendered":"<p>Violette et Z\u00e9lie ont (un tout petit peu) plus, Ernest a (beaucoup) moins&#8230; C&rsquo;est le blog qui a 4 ans aujourd&rsquo;hui! 4 ans&#8230; c&rsquo;est petit ou c&rsquo;est grand? Quel chemin parcouru en 4 ans! Je me souviens des premiers billets, je me demandais un peu o\u00f9 je mettais les pieds, et puis&#8230; de rencontres en &hellip; <a href=\"https:\/\/www.emmaducher.com\/blog\/2011\/09\/4-ans\/\" class=\"more-link\">Continuer la lecture<span class=\"screen-reader-text\"> de &laquo;&nbsp;4 ans&#8230;&nbsp;&raquo;<\/span><\/a><\/p>\n","protected":false},"author":1,"featured_media":0,"comment_status":"closed","ping_status":"open","sticky":false,"template":"","format":"standard","meta":[],"categories":[86],"tags":[],"_links":{"self":[{"href":"https:\/\/www.emmaducher.com\/blog\/wp-json\/wp\/v2\/posts\/6261"}],"collection":[{"href":"https:\/\/www.emmaducher.com\/blog\/wp-json\/wp\/v2\/posts"}],"about":[{"href":"https:\/\/www.emmaducher.com\/blog\/wp-json\/wp\/v2\/types\/post"}],"author":[{"embeddable":true,"href":"https:\/\/www.emmaducher.com\/blog\/wp-json\/wp\/v2\/users\/1"}],"replies":[{"embeddable":true,"href":"https:\/\/www.emmaducher.com\/blog\/wp-json\/wp\/v2\/comments?post=6261"}],"version-history":[{"count":16,"href":"https:\/\/www.emmaducher.com\/blog\/wp-json\/wp\/v2\/posts\/6261\/revisions"}],"predecessor-version":[{"id":6286,"href":"https:\/\/www.emmaducher.com\/blog\/wp-json\/wp\/v2\/posts\/6261\/revisions\/6286"}],"wp:attachment":[{"href":"https:\/\/www.emmaducher.com\/blog\/wp-json\/wp\/v2\/media?parent=6261"}],"wp:term":[{"taxonomy":"category","embeddable":true,"href":"https:\/\/www.emmaducher.com\/blog\/wp-json\/wp\/v2\/categories?post=6261"},{"taxonomy":"post_tag","embeddable":true,"href":"https:\/\/www.emmaducher.com\/blog\/wp-json\/wp\/v2\/tags?post=6261"}],"curies":[{"name":"wp","href":"https:\/\/api.w.org\/{rel}","templated":true}]}}