 
{"id":6360,"date":"2011-10-25T00:07:28","date_gmt":"2011-10-24T22:07:28","guid":{"rendered":"http:\/\/www.encreviolette.fr\/?p=6360"},"modified":"2011-10-25T09:40:56","modified_gmt":"2011-10-25T07:40:56","slug":"le-manteau-damour-de-zelie","status":"publish","type":"post","link":"https:\/\/www.emmaducher.com\/blog\/2011\/10\/le-manteau-damour-de-zelie\/","title":{"rendered":"le manteau d&rsquo;amour de Z\u00e9lie"},"content":{"rendered":"<p>Ce manteau l\u00e9ger n&rsquo;est pas taille 2\/8\/10 ans, contrairement\u00a0 <a href=\"http:\/\/www.emmaducher.com\/blog\/2011\/10\/bleu-presque-bleu\/\">\u00e0 une certaine bidouille<\/a>&#8230; (je me souviens que j&rsquo;ai un tuto \u00e0 r\u00e9diger, oui, oui&#8230;!)<br \/>\nC&rsquo;est une taille Violette\/Z\u00e9lie, avec une Z\u00e9lie affirmant particuli\u00e8rement son amour pour ce manteau qu&rsquo;elle mettra toute sa vie -si elle ne grandit pas trop, et si il ne fait pas trop froid- pr\u00e9cise-t-elle!<br \/>\nPour apaiser les humeurs, j&rsquo;ai montr\u00e9 \u00e0 Violette les tissus que je pr\u00e9voyais pour un autre petit manteau qui lui sera r\u00e9serv\u00e9.<br \/>\nLes doux rayons de soleil du jour ont permis \u00e0 Z\u00e9lie de profiter de son amour-de-manteau. (ahhh pourvu que mes filles m&rsquo;en r\u00e9clament encore longtemps&#8230;)<\/p>\n<h5 style=\"text-align: center;\"><img loading=\"lazy\" class=\"aligncenter size-full wp-image-6361\" src=\"\/\/www.emmaducher.com\/blog\/wp-content\/uploads\/2011\/10\/manteau-lin-enduit.jpg\" alt=\"\" width=\"500\" height=\"2033\" srcset=\"https:\/\/www.emmaducher.com\/blog\/wp-content\/uploads\/2011\/10\/manteau-lin-enduit.jpg 500w, https:\/\/www.emmaducher.com\/blog\/wp-content\/uploads\/2011\/10\/manteau-lin-enduit-74x300.jpg 74w, https:\/\/www.emmaducher.com\/blog\/wp-content\/uploads\/2011\/10\/manteau-lin-enduit-252x1024.jpg 252w\" sizes=\"(max-width: 500px) 85vw, 500px\" \/>Z\u00e9lie porte un pantalon en velours Zara (au rayon gar\u00e7on, mais chuuut elle croit que le pantalon \u00e9tait juste mal rang\u00e9!), ses chaussures Clotaire et mon ch\u00e8che moutarde \u00e0 moi!<\/h5>\n<h5 style=\"text-align: center;\">manteau :<br \/>\nmod\u00e8le G, taille 130 du livre <a href=\"http:\/\/www.edisaxe.com\/product_info_new.php?cPath=117_124&amp;products_id=3295\">v\u00eatements amples \u00e0 superposer<\/a> aux Editions de Saxe<br \/>\nlin enduit (destockage <a href=\"http:\/\/www.albane-olika.com\/fr\/\">Albane Olika<\/a>, l&rsquo;ann\u00e9e derni\u00e8re), Liberty (tissu et passepoil) Penny et bouton <a href=\"http:\/\/tricots-de-la-droguerie.fr\/\">La droguerie<\/a><\/h5>\n<p><span style=\"color: #ffffff;\">a<\/span><\/p>\n<h5 style=\"text-align: center;\"><img loading=\"lazy\" class=\"aligncenter size-full wp-image-6362\" title=\"dsc_0006\" src=\"\/\/www.emmaducher.com\/blog\/wp-content\/uploads\/2011\/10\/dsc_0006.jpg\" alt=\"dsc_0006\" width=\"300\" height=\"383\" srcset=\"https:\/\/www.emmaducher.com\/blog\/wp-content\/uploads\/2011\/10\/dsc_0006.jpg 300w, https:\/\/www.emmaducher.com\/blog\/wp-content\/uploads\/2011\/10\/dsc_0006-235x300.jpg 235w\" sizes=\"(max-width: 300px) 85vw, 300px\" \/><\/h5>\n<h5 style=\"text-align: center;\"><span style=\"color: #ffffff;\">a<\/span><\/h5>\n","protected":false},"excerpt":{"rendered":"<p>Ce manteau l\u00e9ger n&rsquo;est pas taille 2\/8\/10 ans, contrairement\u00a0 \u00e0 une certaine bidouille&#8230; (je me souviens que j&rsquo;ai un tuto \u00e0 r\u00e9diger, oui, oui&#8230;!) C&rsquo;est une taille Violette\/Z\u00e9lie, avec une Z\u00e9lie affirmant particuli\u00e8rement son amour pour ce manteau qu&rsquo;elle mettra toute sa vie -si elle ne grandit pas trop, et si il ne fait pas &hellip; <a href=\"https:\/\/www.emmaducher.com\/blog\/2011\/10\/le-manteau-damour-de-zelie\/\" class=\"more-link\">Continuer la lecture<span class=\"screen-reader-text\"> de &laquo;&nbsp;le manteau d&rsquo;amour de Z\u00e9lie&nbsp;&raquo;<\/span><\/a><\/p>\n","protected":false},"author":1,"featured_media":0,"comment_status":"open","ping_status":"open","sticky":false,"template":"","format":"standard","meta":[],"categories":[89,79],"tags":[],"_links":{"self":[{"href":"https:\/\/www.emmaducher.com\/blog\/wp-json\/wp\/v2\/posts\/6360"}],"collection":[{"href":"https:\/\/www.emmaducher.com\/blog\/wp-json\/wp\/v2\/posts"}],"about":[{"href":"https:\/\/www.emmaducher.com\/blog\/wp-json\/wp\/v2\/types\/post"}],"author":[{"embeddable":true,"href":"https:\/\/www.emmaducher.com\/blog\/wp-json\/wp\/v2\/users\/1"}],"replies":[{"embeddable":true,"href":"https:\/\/www.emmaducher.com\/blog\/wp-json\/wp\/v2\/comments?post=6360"}],"version-history":[{"count":7,"href":"https:\/\/www.emmaducher.com\/blog\/wp-json\/wp\/v2\/posts\/6360\/revisions"}],"predecessor-version":[{"id":6371,"href":"https:\/\/www.emmaducher.com\/blog\/wp-json\/wp\/v2\/posts\/6360\/revisions\/6371"}],"wp:attachment":[{"href":"https:\/\/www.emmaducher.com\/blog\/wp-json\/wp\/v2\/media?parent=6360"}],"wp:term":[{"taxonomy":"category","embeddable":true,"href":"https:\/\/www.emmaducher.com\/blog\/wp-json\/wp\/v2\/categories?post=6360"},{"taxonomy":"post_tag","embeddable":true,"href":"https:\/\/www.emmaducher.com\/blog\/wp-json\/wp\/v2\/tags?post=6360"}],"curies":[{"name":"wp","href":"https:\/\/api.w.org\/{rel}","templated":true}]}}