 
{"id":6449,"date":"2011-11-14T16:05:06","date_gmt":"2011-11-14T14:05:06","guid":{"rendered":"http:\/\/www.encreviolette.fr\/?p=6449"},"modified":"2016-03-13T14:38:58","modified_gmt":"2016-03-13T13:38:58","slug":"calendrier-des-thes","status":"publish","type":"post","link":"https:\/\/www.emmaducher.com\/blog\/2011\/11\/calendrier-des-thes\/","title":{"rendered":"calendrier des th\u00e9s"},"content":{"rendered":"<p>On s&rsquo;activait en coulisses, je vous le dis!<br \/>\nC&rsquo;est qui on?<\/p>\n<p>Avec <a href=\"http:\/\/2clics.blogspot.com\/\">saRaH<\/a> (\u00e0 qui revient l&rsquo;id\u00e9e fabuleuse), <a href=\"http:\/\/www.eliottcerise.com\/\">Estelle<\/a>, et <a href=\"http:\/\/tetedalouette.canalblog.com\/\">St\u00e9phanie<\/a>, on a bu des litres de th\u00e9s, d\u00e9guster des tonnes de p\u00e2tisseries (pour se\u00a0 donner des forces, il y a eu : des financiers, des g\u00e2teaux marbr\u00e9s, des mince-pies, &#8230;) en vous concoctant <a href=\"http:\/\/milkandpaper.bigcartel.com\/product\/calendrier-des-thes\">un joli calendrier de l&rsquo;avent<\/a> sp\u00e9cial amateur\/amatrice de th\u00e9s.<br \/>\nLe concept : 1 th\u00e9 par jour, 1 diff\u00e9rent, du 1er au 24 d\u00e9cembre. Belle id\u00e9e non?<\/p>\n<h5 style=\"text-align: center;\"><img loading=\"lazy\" class=\"aligncenter size-full wp-image-6450\" src=\"\/\/www.emmaducher.com\/blog\/wp-content\/uploads\/2011\/11\/calendrier-des-thes-8.jpg\" alt=\"\" width=\"500\" height=\"1548\" srcset=\"https:\/\/www.emmaducher.com\/blog\/wp-content\/uploads\/2011\/11\/calendrier-des-thes-8.jpg 500w, https:\/\/www.emmaducher.com\/blog\/wp-content\/uploads\/2011\/11\/calendrier-des-thes-8-97x300.jpg 97w, https:\/\/www.emmaducher.com\/blog\/wp-content\/uploads\/2011\/11\/calendrier-des-thes-8-331x1024.jpg 331w\" sizes=\"(max-width: 500px) 85vw, 500px\" \/><\/h5>\n<h5 style=\"text-align: center;\">Sur un graphisme \u00e0 l&rsquo;Encre Violette,<br \/>\nc&rsquo;est une conception, impression et fabrication fran\u00e7aise<br \/>\nles boites ont \u00e9t\u00e9 fabriqu\u00e9es par nous 4,<br \/>\nles sachets de th\u00e9s ont \u00e9t\u00e9 remplis et cousus par nous 4 (et nos machines \u00e0 coudre super-soniques),<br \/>\nce qui implique un objet en \u00e9dition limit\u00e9e.<\/h5>\n<p style=\"text-align: center;\"><strong><span style=\"color: #ff99cc;\">Le calendrier des th\u00e9s est en vente exclusive chez <a href=\"http:\/\/milkandpaper.bigcartel.com\/product\/calendrier-des-thes\">Milk&amp;Paper<\/a>,<br \/>\net il n&rsquo;y en aura pas tout le monde,<br \/>\n100 boites sont sorties de nos ateliers!<\/span><\/strong><\/p>\n<p style=\"text-align: center;\"><strong><span style=\"color: #ff99cc;\"><span style=\"color: #999999;\">edit de 23h30&#8230;<br \/>\nil faut croire qu&rsquo;il y a des fans de th\u00e9s par ici :<br \/>\nToutes les boites sont parties en tr\u00e8s peu de temps!<br \/>\nquel succ\u00e8s, merci!<\/span><\/span><\/strong><\/p>\n","protected":false},"excerpt":{"rendered":"<p>On s&rsquo;activait en coulisses, je vous le dis! C&rsquo;est qui on? Avec saRaH (\u00e0 qui revient l&rsquo;id\u00e9e fabuleuse), Estelle, et St\u00e9phanie, on a bu des litres de th\u00e9s, d\u00e9guster des tonnes de p\u00e2tisseries (pour se\u00a0 donner des forces, il y a eu : des financiers, des g\u00e2teaux marbr\u00e9s, des mince-pies, &#8230;) en vous concoctant un &hellip; <a href=\"https:\/\/www.emmaducher.com\/blog\/2011\/11\/calendrier-des-thes\/\" class=\"more-link\">Continuer la lecture<span class=\"screen-reader-text\"> de &laquo;&nbsp;calendrier des th\u00e9s&nbsp;&raquo;<\/span><\/a><\/p>\n","protected":false},"author":1,"featured_media":10301,"comment_status":"open","ping_status":"open","sticky":false,"template":"","format":"standard","meta":[],"categories":[100,87],"tags":[112],"_links":{"self":[{"href":"https:\/\/www.emmaducher.com\/blog\/wp-json\/wp\/v2\/posts\/6449"}],"collection":[{"href":"https:\/\/www.emmaducher.com\/blog\/wp-json\/wp\/v2\/posts"}],"about":[{"href":"https:\/\/www.emmaducher.com\/blog\/wp-json\/wp\/v2\/types\/post"}],"author":[{"embeddable":true,"href":"https:\/\/www.emmaducher.com\/blog\/wp-json\/wp\/v2\/users\/1"}],"replies":[{"embeddable":true,"href":"https:\/\/www.emmaducher.com\/blog\/wp-json\/wp\/v2\/comments?post=6449"}],"version-history":[{"count":9,"href":"https:\/\/www.emmaducher.com\/blog\/wp-json\/wp\/v2\/posts\/6449\/revisions"}],"predecessor-version":[{"id":10303,"href":"https:\/\/www.emmaducher.com\/blog\/wp-json\/wp\/v2\/posts\/6449\/revisions\/10303"}],"wp:featuredmedia":[{"embeddable":true,"href":"https:\/\/www.emmaducher.com\/blog\/wp-json\/wp\/v2\/media\/10301"}],"wp:attachment":[{"href":"https:\/\/www.emmaducher.com\/blog\/wp-json\/wp\/v2\/media?parent=6449"}],"wp:term":[{"taxonomy":"category","embeddable":true,"href":"https:\/\/www.emmaducher.com\/blog\/wp-json\/wp\/v2\/categories?post=6449"},{"taxonomy":"post_tag","embeddable":true,"href":"https:\/\/www.emmaducher.com\/blog\/wp-json\/wp\/v2\/tags?post=6449"}],"curies":[{"name":"wp","href":"https:\/\/api.w.org\/{rel}","templated":true}]}}