 
{"id":6684,"date":"2012-01-22T17:04:21","date_gmt":"2012-01-22T16:04:21","guid":{"rendered":"http:\/\/www.encreviolette.fr\/?p=6684"},"modified":"2012-01-22T17:08:04","modified_gmt":"2012-01-22T16:08:04","slug":"claudine","status":"publish","type":"post","link":"https:\/\/www.emmaducher.com\/blog\/2012\/01\/claudine\/","title":{"rendered":"Claudine"},"content":{"rendered":"<p>Des mes 3 enfants, Ernest est le premier \u00e0 \u00eatre compl\u00e8tement fan des barbapapas! Les filles y \u00e9taient plut\u00f4t insensibles (ou plut\u00f4t peu sensibles) avant que leur fr\u00e8re ne r\u00e9clame r\u00e9guli\u00e8rement \u00ab\u00a0peut &lsquo;garder bapapa \u00e0 la t\u00e9l\u00e9 maman &lsquo;tepl\u00e9?\u00a0\u00bb<br \/>\nNous sommes donc devenus incollables sur la naissance des Barbapapas, la d\u00e9molition de leur trop jolie maison, leur d\u00e9m\u00e9nagement, la nouvelle maison trop rigolote&#8230;Barbapapa qui se fait pincer par un crabe (mais en g\u00e9n\u00e9ral on n&rsquo;insiste pas, sinon, c&rsquo;est crise de larmes et cauchemar garanti pendant des nuits&#8230;vous connaissez ce passage?!)<br \/>\nErnest a quand m\u00eame une pr\u00e9f\u00e9r\u00e9e&#8230; c&rsquo;est&#8230; Claudine!<\/p>\n<p><img loading=\"lazy\" class=\"aligncenter size-full wp-image-6686\" src=\"\/\/www.emmaducher.com\/blog\/wp-content\/uploads\/2012\/01\/capture-de28099ecran-2012-01-22-a-134131.png\" alt=\"\" width=\"142\" height=\"269\" \/><br \/>\nAssociation d&rsquo;id\u00e9e &#8230; Claudine, Col Claudine, &#8230; on est en plein dedans parait-il, et \u00e7a tombe bien, j&rsquo;avais bien envie de tester ces cols pour les filles. Et puis comme je suis dans ma p\u00e9riode passepoil, c&rsquo;est parfait!<\/p>\n<p><img loading=\"lazy\" class=\"aligncenter size-full wp-image-6688\" title=\"col-claudine-11\" src=\"\/\/www.emmaducher.com\/blog\/wp-content\/uploads\/2012\/01\/col-claudine-11.jpg\" alt=\"col-claudine-11\" width=\"500\" height=\"1026\" srcset=\"https:\/\/www.emmaducher.com\/blog\/wp-content\/uploads\/2012\/01\/col-claudine-11.jpg 500w, https:\/\/www.emmaducher.com\/blog\/wp-content\/uploads\/2012\/01\/col-claudine-11-146x300.jpg 146w, https:\/\/www.emmaducher.com\/blog\/wp-content\/uploads\/2012\/01\/col-claudine-11-499x1024.jpg 499w\" sizes=\"(max-width: 500px) 85vw, 500px\" \/><\/p>\n<h5 style=\"text-align: center;\">Pour Z\u00e9lie, fausse fourrure astrakan bordeaux, passepoil et biais Monbazillac<br \/>\n(le tout \u00e0 <a href=\"http:\/\/tricots-de-la-droguerie.fr\/\">la Droguerie<\/a>, y compris le patron pour le col \u00ab\u00a0moi, Jane\u00a0\u00bb)<\/h5>\n<p><img loading=\"lazy\" class=\"aligncenter size-full wp-image-6689\" src=\"\/\/www.emmaducher.com\/blog\/wp-content\/uploads\/2012\/01\/col-claudine-2.jpg\" alt=\"\" width=\"500\" height=\"1800\" srcset=\"https:\/\/www.emmaducher.com\/blog\/wp-content\/uploads\/2012\/01\/col-claudine-2.jpg 500w, https:\/\/www.emmaducher.com\/blog\/wp-content\/uploads\/2012\/01\/col-claudine-2-83x300.jpg 83w\" sizes=\"(max-width: 500px) 85vw, 500px\" \/><\/p>\n<h5 style=\"text-align: center;\">Pour Violette, fausse fourrure astrakan camel, passepoil et biais Lussac<br \/>\n(short C\u00e9l\u00e8ne <a href=\"http:\/\/www.lecarrousel.org\/pages\/Accueil_Fille-3335929.html\">le Carrousel)<\/a><\/h5>\n<p style=\"text-align: center;\">Photos prises lors d&rsquo;une chouette balade \u00e0 St Etienne,<br \/>\ndont je vous reparle tr\u00e8s vite&#8230;\n<\/p>\n<p style=\"text-align: center;\"><img loading=\"lazy\" class=\"aligncenter size-full wp-image-6693\" src=\"\/\/www.emmaducher.com\/blog\/wp-content\/uploads\/2012\/01\/col-claudine-3.jpg\" alt=\"\" width=\"500\" height=\"1200\" srcset=\"https:\/\/www.emmaducher.com\/blog\/wp-content\/uploads\/2012\/01\/col-claudine-3.jpg 500w, https:\/\/www.emmaducher.com\/blog\/wp-content\/uploads\/2012\/01\/col-claudine-3-125x300.jpg 125w, https:\/\/www.emmaducher.com\/blog\/wp-content\/uploads\/2012\/01\/col-claudine-3-427x1024.jpg 427w\" sizes=\"(max-width: 500px) 85vw, 500px\" \/><\/p>\n<p style=\"text-align: center;\">Allez, je file tenir la main d&rsquo;Ernest, c&rsquo;est le passage du crabe terrifiant, l\u00e0&#8230;<\/p>\n","protected":false},"excerpt":{"rendered":"<p>Des mes 3 enfants, Ernest est le premier \u00e0 \u00eatre compl\u00e8tement fan des barbapapas! Les filles y \u00e9taient plut\u00f4t insensibles (ou plut\u00f4t peu sensibles) avant que leur fr\u00e8re ne r\u00e9clame r\u00e9guli\u00e8rement \u00ab\u00a0peut &lsquo;garder bapapa \u00e0 la t\u00e9l\u00e9 maman &lsquo;tepl\u00e9?\u00a0\u00bb Nous sommes donc devenus incollables sur la naissance des Barbapapas, la d\u00e9molition de leur trop jolie &hellip; <a href=\"https:\/\/www.emmaducher.com\/blog\/2012\/01\/claudine\/\" class=\"more-link\">Continuer la lecture<span class=\"screen-reader-text\"> de &laquo;&nbsp;Claudine&nbsp;&raquo;<\/span><\/a><\/p>\n","protected":false},"author":1,"featured_media":0,"comment_status":"open","ping_status":"open","sticky":false,"template":"","format":"standard","meta":[],"categories":[79],"tags":[],"_links":{"self":[{"href":"https:\/\/www.emmaducher.com\/blog\/wp-json\/wp\/v2\/posts\/6684"}],"collection":[{"href":"https:\/\/www.emmaducher.com\/blog\/wp-json\/wp\/v2\/posts"}],"about":[{"href":"https:\/\/www.emmaducher.com\/blog\/wp-json\/wp\/v2\/types\/post"}],"author":[{"embeddable":true,"href":"https:\/\/www.emmaducher.com\/blog\/wp-json\/wp\/v2\/users\/1"}],"replies":[{"embeddable":true,"href":"https:\/\/www.emmaducher.com\/blog\/wp-json\/wp\/v2\/comments?post=6684"}],"version-history":[{"count":9,"href":"https:\/\/www.emmaducher.com\/blog\/wp-json\/wp\/v2\/posts\/6684\/revisions"}],"predecessor-version":[{"id":6696,"href":"https:\/\/www.emmaducher.com\/blog\/wp-json\/wp\/v2\/posts\/6684\/revisions\/6696"}],"wp:attachment":[{"href":"https:\/\/www.emmaducher.com\/blog\/wp-json\/wp\/v2\/media?parent=6684"}],"wp:term":[{"taxonomy":"category","embeddable":true,"href":"https:\/\/www.emmaducher.com\/blog\/wp-json\/wp\/v2\/categories?post=6684"},{"taxonomy":"post_tag","embeddable":true,"href":"https:\/\/www.emmaducher.com\/blog\/wp-json\/wp\/v2\/tags?post=6684"}],"curies":[{"name":"wp","href":"https:\/\/api.w.org\/{rel}","templated":true}]}}