 
{"id":6795,"date":"2012-03-11T10:59:34","date_gmt":"2012-03-11T09:59:34","guid":{"rendered":"http:\/\/www.encreviolette.fr\/?p=6795"},"modified":"2012-03-11T11:11:35","modified_gmt":"2012-03-11T10:11:35","slug":"les-lunettes-iront-chez","status":"publish","type":"post","link":"https:\/\/www.emmaducher.com\/blog\/2012\/03\/les-lunettes-iront-chez\/","title":{"rendered":"les lunettes iront chez&#8230;"},"content":{"rendered":"<p>voil\u00e0, <a href=\"http:\/\/www.random.org\/\">le tirage au sort<\/a> est fait. Les 5 lunettes de Georges iront chez&#8230;<br \/>\n<strong>Figliuluccia, Maryse, Vanille, Lulu et Marion.<\/strong><\/p>\n<p><img loading=\"lazy\" class=\"aligncenter size-full wp-image-6802\" title=\"capture-de28099ecran-2012-03-11-a-105035\" src=\"\/\/www.emmaducher.com\/blog\/wp-content\/uploads\/2012\/03\/capture-de28099ecran-2012-03-11-a-105035.png\" alt=\"capture-de28099ecran-2012-03-11-a-105035\" width=\"394\" height=\"167\" srcset=\"https:\/\/www.emmaducher.com\/blog\/wp-content\/uploads\/2012\/03\/capture-de28099ecran-2012-03-11-a-105035.png 535w, https:\/\/www.emmaducher.com\/blog\/wp-content\/uploads\/2012\/03\/capture-de28099ecran-2012-03-11-a-105035-300x127.png 300w\" sizes=\"(max-width: 394px) 85vw, 394px\" \/><\/p>\n<p><span class=\"url\"><strong>commentaire 5\u00a0 :<\/strong><\/span><a class=\"url\" rel=\"external nofollow\" href=\"http:\/\/letoccatadelamac.blogspot.com\/\"><strong><br \/>\n<\/strong><\/a><span class=\"commentauthor\"><a class=\"url\" rel=\"external nofollow\" href=\"http:\/\/letoccatadelamac.blogspot.com\/\">figliuluccia<\/a><\/span> <small class=\"comment-meta\"> <a title=\"Permalien du commentaire\" href=\"..\/2012\/03\/georges-a-lunettes\/#comment-76389\">8 mar 2012 \u00e0 6:39<br \/>\n<\/a><\/small>Facile! la parlure qu\u00e9b\u00e9coise, la 2\u00e8me a donner la bonne r\u00e9ponse, cela m\u00e9rite bien un Georges cela, non???!!!!<strong><\/strong><\/p>\n<p><strong>commentaire 148 :<br \/>\n<\/strong><span class=\"commentauthor\">Maryse Tombeur<\/span> <small class=\"comment-meta\"> <a title=\"Permalien du commentaire\" href=\"..\/2012\/03\/georges-a-lunettes\/#comment-76538\">9 mar 2012 \u00e0 14:55<\/a><\/small><br \/>\nCh\u00e8re Encre violette, La parlure qu\u00e9becoise me semble \u00eatre le bla bla de Georges. Merci pour ce jeu.<br \/>\nMaryse<\/p>\n<div class=\"comment-content\">\n<div class=\"comment-content\">\n<p><strong>commentaire 153 :<\/strong><\/p>\n<p><span class=\"commentauthor\">vanille<\/span> <small class=\"comment-meta\"> <a title=\"Permalien du commentaire\" href=\"..\/2012\/03\/georges-a-lunettes\/#comment-76543\">9 mar 2012 \u00e0 17:33<\/a> <\/small><\/p>\n<div class=\"comment-content\">\n<p>fastoche : la parlure quebecoise ! merci pour ce jeu<\/p>\n<p><strong>commentaire 154 :<\/strong><\/p>\n<p><span class=\"commentauthor\"><a class=\"url\" rel=\"external nofollow\" href=\"http:\/\/lululesptitspois.canalblog.com\/\">lulu<\/a><\/span> <small class=\"comment-meta\"> <a title=\"Permalien du commentaire\" href=\"..\/2012\/03\/georges-a-lunettes\/#comment-76544\">9 mar 2012 \u00e0 17:46<\/a> <\/small><\/p>\n<div class=\"comment-content\">\n<p>eh ben qu\u00e9b\u00e9cois, tabernacle! j\u2019ai acheter 2 num\u00e9ros en librairie et je suis \u201cin love!\u201d<\/p>\n<p><strong>commentaire 30 :<\/strong><\/p>\n<p><span class=\"commentauthor\"><a class=\"url\" rel=\"external nofollow\" href=\"http:\/\/wwww.cieetc.over-blog.fr\/\">Marion<\/a><\/span> <small class=\"comment-meta\"> <a title=\"Permalien du commentaire\" href=\"..\/2012\/03\/georges-a-lunettes\/#comment-76414\">8 mar 2012 \u00e0 9:02<\/a> <\/small><\/p>\n<div class=\"comment-content\">\n<p>Moi aussi en ce moment j\u2019ai du mal \u00e0 trouver le temps d\u2019alimenter mon blog :)<br \/>\nJe n\u2019ai jamais eu un Georges entre les mains! Tu te rends compte?!<br \/>\nBref, dans ce num\u00e9ro, il semblerait que l\u2019on parle le qu\u00e9b\u00e9cois, non?<br \/>\nBises et \u00e0 bient\u00f4t!<\/p>\n<p style=\"text-align: center;\"><strong><span style=\"color: #33cccc;\">Voil\u00e0, bravo \u00e0 toutes, et un grand merci \u00e0 <a href=\"http:\/\/www.magazinegeorges.com\/\">Georges<\/a>, de plus en plus s\u00e9duisant (m\u00eame avec lunettes!)<br \/>\n<a href=\"http:\/\/www.emmaducher.com\/blog\/contact\/\">J&rsquo;attends vos adresses<\/a> pour les communiquer \u00e0 Georges!<\/span><\/strong><\/p>\n<\/div>\n<\/div>\n<\/div>\n<\/div>\n<\/div>\n<p>Et sinon, il s&rsquo;organise \u00e0 Lyon une chouette soir\u00e9e, et pas besoin de lunettes pour participer, il faut s&rsquo;inscrire par contre&#8230;!<br \/>\nPour tout savoir sur cette soir\u00e9e hype, un petit clic sur la banni\u00e8re,  il reste quelques places \u00e0 l&rsquo;heure de publication de ce billet&#8230;  d\u00e9p\u00eachez vous!<\/p>\n<p style=\"text-align: center;\"><a href=\"http:\/\/masoireediyalyon.wordpress.com\/\"><img loading=\"lazy\" class=\"size-medium wp-image-6796  aligncenter\" src=\"\/\/www.emmaducher.com\/blog\/wp-content\/uploads\/2012\/03\/capture-de28099ecran-2012-03-10-a-155055-300x83.png\" alt=\"\" width=\"432\" height=\"119\" \/><\/a><\/p>\n<p style=\"text-align: center;\">organis\u00e9 par le duo de choc <a href=\"http:\/\/2clics.blogspot.com\/\">2clics<\/a> et <a href=\"http:\/\/carlieandme.wordpress.com\/\">(13:52)<\/a>&#8230;!<\/p>\n","protected":false},"excerpt":{"rendered":"<p>voil\u00e0, le tirage au sort est fait. Les 5 lunettes de Georges iront chez&#8230; Figliuluccia, Maryse, Vanille, Lulu et Marion. commentaire 5\u00a0 : figliuluccia 8 mar 2012 \u00e0 6:39 Facile! la parlure qu\u00e9b\u00e9coise, la 2\u00e8me a donner la bonne r\u00e9ponse, cela m\u00e9rite bien un Georges cela, non???!!!! commentaire 148 : Maryse Tombeur 9 mar 2012 &hellip; <a href=\"https:\/\/www.emmaducher.com\/blog\/2012\/03\/les-lunettes-iront-chez\/\" class=\"more-link\">Continuer la lecture<span class=\"screen-reader-text\"> de &laquo;&nbsp;les lunettes iront chez&#8230;&nbsp;&raquo;<\/span><\/a><\/p>\n","protected":false},"author":1,"featured_media":0,"comment_status":"open","ping_status":"open","sticky":false,"template":"","format":"standard","meta":[],"categories":[88,86],"tags":[],"_links":{"self":[{"href":"https:\/\/www.emmaducher.com\/blog\/wp-json\/wp\/v2\/posts\/6795"}],"collection":[{"href":"https:\/\/www.emmaducher.com\/blog\/wp-json\/wp\/v2\/posts"}],"about":[{"href":"https:\/\/www.emmaducher.com\/blog\/wp-json\/wp\/v2\/types\/post"}],"author":[{"embeddable":true,"href":"https:\/\/www.emmaducher.com\/blog\/wp-json\/wp\/v2\/users\/1"}],"replies":[{"embeddable":true,"href":"https:\/\/www.emmaducher.com\/blog\/wp-json\/wp\/v2\/comments?post=6795"}],"version-history":[{"count":17,"href":"https:\/\/www.emmaducher.com\/blog\/wp-json\/wp\/v2\/posts\/6795\/revisions"}],"predecessor-version":[{"id":6814,"href":"https:\/\/www.emmaducher.com\/blog\/wp-json\/wp\/v2\/posts\/6795\/revisions\/6814"}],"wp:attachment":[{"href":"https:\/\/www.emmaducher.com\/blog\/wp-json\/wp\/v2\/media?parent=6795"}],"wp:term":[{"taxonomy":"category","embeddable":true,"href":"https:\/\/www.emmaducher.com\/blog\/wp-json\/wp\/v2\/categories?post=6795"},{"taxonomy":"post_tag","embeddable":true,"href":"https:\/\/www.emmaducher.com\/blog\/wp-json\/wp\/v2\/tags?post=6795"}],"curies":[{"name":"wp","href":"https:\/\/api.w.org\/{rel}","templated":true}]}}